{"id":50050,"date":"2015-09-21T14:03:59","date_gmt":"2015-09-21T14:03:59","guid":{"rendered":"https:\/\/archiviogioia.lavocedelpaese.info\/?p=50050"},"modified":"2015-09-21T14:03:59","modified_gmt":"2015-09-21T14:03:59","slug":"fabrizio-barca-applaude-le-cooperative-di-comunita-2","status":"publish","type":"post","link":"https:\/\/archiviogioia.lavocedelpaese.info\/?p=50050","title":{"rendered":"FABRIZIO BARCA APPLAUDE LE COOPERATIVE DI COMUNIT\u00c0"},"content":{"rendered":"<p><a title=\"fabrizio barca alla fiera del levante\" href=\"https:\/\/www.flickr.com\/photos\/91470992@N02\/20984652324\/in\/dateposted-public\/\" data-flickr-embed=\"true\"><img loading=\"lazy\" decoding=\"async\" style=\"display: block; margin-left: auto; margin-right: auto;\" src=\"https:\/\/farm1.staticflickr.com\/594\/20984652324_b4a1eda538_o.jpg\" alt=\"fabrizio barca alla fiera del levante\" width=\"320\" height=\"240\" \/><\/a><\/p>\n<p><!--more--><\/p>\n<p style=\"text-align: justify;\"><a title=\"fabrizio barca alla fiera del levante\" href=\"https:\/\/www.flickr.com\/photos\/91470992@N02\/21596102732\/in\/dateposted-public\/\" data-flickr-embed=\"true\"><img loading=\"lazy\" decoding=\"async\" style=\"margin: 4px; float: left;\" src=\"https:\/\/farm1.staticflickr.com\/662\/21596102732_19b719e3fc.jpg\" alt=\"fabrizio barca alla fiera del levante\" width=\"400\" height=\"155\" \/><\/a> <strong>Le cooperative di comunit\u00e0 in Puglia hanno conquistato l&#8217;ex Ministro<\/strong> per la Coesione territoriale e, oggi, dirigente generale al Ministero dell\u2019Economia e delle Finanze, nonch\u00e9 noto economista e politico, <strong>Fabrizio Barca<\/strong>. In Puglia abbiamo il progetto \u201cCooperative di Comunit\u00e0\u201d (sostenuto da Legacoop) che si pone l\u2019obiettivo di promuovere la crescita di una rete diffusa di cooperative che consentano di mantenere vive e di valorizzare le comunit\u00e0 locali, soprattutto di quelle pi\u00f9 piccole.&nbsp;In Italia il 70,2% dei comuni hanno una popolazione con meno di 5.000 abitanti, nei quali vivono oltre 10 milioni di persone (pari al 17% della popolazione complessiva), con tutte le difficolt\u00e0 infrastrutturali e di servizi che vivono i piccoli centri.&nbsp;Per queste realt\u00e0 gi\u00e0 in&nbsp;grande sofferenza a causa dei tagli e della progressiva riduzione dei servizi ai cittadini,&nbsp;anche per la sopravvivenza stessa di servizi essenziali, diventa sempre pi\u00f9 realistico il&nbsp;bisogno di rafforzare le forme aggregative e di partecipazione diretta dei cittadini. E le cooperative <a title=\"fabrizio barca alla fiera del levante\" href=\"https:\/\/www.flickr.com\/photos\/91470992@N02\/21419418190\/in\/dateposted-public\/\" data-flickr-embed=\"true\"><img loading=\"lazy\" decoding=\"async\" style=\"margin: 4px; float: right;\" src=\"https:\/\/farm1.staticflickr.com\/781\/21419418190_177b6d6e88.jpg\" alt=\"fabrizio barca alla fiera del levante\" width=\"400\" height=\"224\" \/><\/a>di comunit\u00e0 vogliono favorire il protagonismo dei cittadini nella gestione dei servizi e nella valorizzazione dei territori, con agevolazioni previste dalle ultime disposizioni governative.<\/p>\n<p style=\"text-align: justify;\"><strong>L&#8217;aspetto interessante&nbsp;riguarda&nbsp;anche&nbsp;le opportunit\u00e0 di lavoro e imprenditoriali<\/strong> che sono possibili grazie alle cooperative di comunit\u00e0, specie per i giovani, per svolgere molteplici attivit\u00e0 quali i servizi socio-assistenziali e di pubblica utilit\u00e0, di tutela ambientale, attivit\u00e0 turistiche, commerciali e agricole. C&#8217;e&#8217; la firma di Nichi Vendola quando la Regione Puglia grazie all&#8217;iniziativa di pi\u00f9 consiglieri (in particolare Sergio Blasi, Partito Democratico), sottoscrittori di una proposta di legge, approva il disciplinare delle cooperative di comunit\u00e0:&nbsp;la legge regionale n.23\/2014,&nbsp;ritenuta urgente tanto da essere entrata in vigore il giorno stesso dell&#8217;approvazione. La legge definisce i criteri e i requisiti per il riconoscimento della qualifica di \u201ccooperative di comunit\u00e0\u201d alle societ\u00e0 cooperative di cui agli articoli 2511 e seguenti del Codice civile.&nbsp;<\/p>\n<p style=\"text-align: justify;\"><strong>A&nbsp;Bari il 16 settembre scorso<\/strong>, nel padiglione della Regione Puglia <strong>durante la 79\u00b0 edizione della Fiera del Levante, vi \u00e8 stato un incontro<\/strong> dal titolo &#8220;Attivare persone,crescere comunit\u00e0&#8221; organizzato da Legacoop Puglia, in collaborazione con la Regione, si \u00e8 parlato proprio di cooperative di comu<a title=\"fabrizio barca alla fiera del levante\" href=\"https:\/\/www.flickr.com\/photos\/91470992@N02\/21581278566\/in\/dateposted-public\/\" data-flickr-embed=\"true\"><img loading=\"lazy\" decoding=\"async\" style=\"margin: 4px; float: left;\" src=\"https:\/\/farm6.staticflickr.com\/5649\/21581278566_f6d5f88820.jpg\" alt=\"fabrizio barca alla fiera del levante\" width=\"400\" height=\"239\" \/><\/a>nit\u00e0. <strong>Al tavolo erano presenti<\/strong> <strong>Fabrizio Barca<\/strong>, il presidente della Fiera del Levante,&nbsp;<strong>Ugo Patroni Griffi<\/strong>, il vicepresidente nazionale Legacoop,&nbsp;<strong>Carmelo Rollo<\/strong>, il presidente di Borghi Autentici d\u2019Italia e sindaco di Melpignano,<strong>&nbsp;Ivan Stomeo <\/strong>(la prima cooperativa di comunit\u00e0 nata in Italia \u00e8 a Melpignano), il consigliere nazionale Anci,<strong>&nbsp;Domenico Damascelli<\/strong>, e, nel ruolo di moderatore, il giornalista<strong>&nbsp;Michele Mascellaro<\/strong>.<\/p>\n<p style=\"text-align: justify;\"><strong>Per Fabrizio Barca le cooperative di comunit\u00e0 in Puglia<\/strong> hanno prodotto risultati interessanti, testimoniando che i cittadini che vi partecipano hanno capito che questo \u00e8 un periodo storico nel quale non \u00e8 pi\u00f9 possibile delegare tutto agli altri.&nbsp;Barca nel suo intervento ha presentato il progetto ministeriale Aree Interne, che rappresenta un modo di territorializzare le politiche soprattutto a favore delle piccole aree montane o comunque per quei comuni con analoghe condizioni economico-agrarie. Un progetto nazionale che valorizza i territori e che vede anche nelle cooperative di comunit\u00e0 uno spazio di relazioni favorite dalla prossimit\u00e0 geografica e dalla prossimit\u00e0 socio-culturale.&nbsp;<\/p>\n<p style=\"text-align: justify;\"><strong>Il presidente Michele Emiliano ha precisato che finanziare le cooperative di comunit\u00e0<\/strong> non equivale a dire &#8220;finanzio tutto quello che un Comune ha in mente&#8221; &nbsp;ma che l&#8217;investimento riguarda quei settori dove viene<a title=\"fabrizio barca alla fiera del levante\" href=\"https:\/\/www.flickr.com\/photos\/91470992@N02\/21596101932\/in\/dateposted-public\/\" data-flickr-embed=\"true\"><img loading=\"lazy\" decoding=\"async\" style=\"margin: 4px; float: right;\" src=\"https:\/\/farm1.staticflickr.com\/581\/21596101932_5d8d878877.jpg\" alt=\"fabrizio barca alla fiera del levante\" width=\"400\" height=\"244\" \/><\/a> esercitato direttamente dai cittadini il processo di sussidiariet\u00e0, stando attenti a quei fenomeni di &#8220;un falso terzo settore&#8221; che finge di non essere impresa per ricevere l\u2019erogazione agevolato di denaro pubblico. E non ha perso l&#8217;occasione Emiliano, neppure questa volta come nel discorso di inaugurazione della Fiera, di ricordare che la Regione Puglia approver\u00e0 come uno dei primi provvedimenti di questa nuova era la legge regionale sulla partecipazione. Noi di Labsus Puglia (il Laboratorio per la sussidiariet\u00e0 sull&#8217;amministrazione condivisa dei beni comuni, un progetto nazionale nato nel 2005 e che collabora con molti enti locali) siamo coinvolti in questa fase per esercitare un ruolo di affiancamento e &nbsp;di &#8220;controllo&#8221;, al fine di migliorare in Puglia esperienze passate di leggi regionali sulla partecipazione che hanno visto pochi vantaggi, come per gli unici due casi della Toscana e dell&#8217;Emilia Romagna. Insomma, vogliamo evitare una legge che dica tutto e niente o che, peggio, sia solo fumo negli occhi. Ma <strong>abbiamo buoni motivi per sperare che questa volta sar\u00e0 diverso. E presto ne parleremo anche a Gioia del Colle<\/strong>.<\/p>\n<p>&nbsp;<\/p>\n","protected":false},"excerpt":{"rendered":"","protected":false},"author":1,"featured_media":0,"comment_status":"open","ping_status":"closed","sticky":false,"template":"","format":"standard","meta":{"colormag_page_container_layout":"default_layout","colormag_page_sidebar_layout":"default_layout","footnotes":""},"categories":[4],"tags":[],"class_list":["post-50050","post","type-post","status-publish","format-standard","hentry","category-politica"],"_links":{"self":[{"href":"https:\/\/archiviogioia.lavocedelpaese.info\/index.php?rest_route=\/wp\/v2\/posts\/50050","targetHints":{"allow":["GET"]}}],"collection":[{"href":"https:\/\/archiviogioia.lavocedelpaese.info\/index.php?rest_route=\/wp\/v2\/posts"}],"about":[{"href":"https:\/\/archiviogioia.lavocedelpaese.info\/index.php?rest_route=\/wp\/v2\/types\/post"}],"author":[{"embeddable":true,"href":"https:\/\/archiviogioia.lavocedelpaese.info\/index.php?rest_route=\/wp\/v2\/users\/1"}],"replies":[{"embeddable":true,"href":"https:\/\/archiviogioia.lavocedelpaese.info\/index.php?rest_route=%2Fwp%2Fv2%2Fcomments&post=50050"}],"version-history":[{"count":0,"href":"https:\/\/archiviogioia.lavocedelpaese.info\/index.php?rest_route=\/wp\/v2\/posts\/50050\/revisions"}],"wp:attachment":[{"href":"https:\/\/archiviogioia.lavocedelpaese.info\/index.php?rest_route=%2Fwp%2Fv2%2Fmedia&parent=50050"}],"wp:term":[{"taxonomy":"category","embeddable":true,"href":"https:\/\/archiviogioia.lavocedelpaese.info\/index.php?rest_route=%2Fwp%2Fv2%2Fcategories&post=50050"},{"taxonomy":"post_tag","embeddable":true,"href":"https:\/\/archiviogioia.lavocedelpaese.info\/index.php?rest_route=%2Fwp%2Fv2%2Ftags&post=50050"}],"curies":[{"name":"wp","href":"https:\/\/api.w.org\/{rel}","templated":true}]}}