{"id":50198,"date":"2015-10-13T07:09:33","date_gmt":"2015-10-13T07:09:33","guid":{"rendered":"https:\/\/archiviogioia.lavocedelpaese.info\/?p=50198"},"modified":"2015-10-13T07:09:33","modified_gmt":"2015-10-13T07:09:33","slug":"prima-edizione-corso-per-costruire-muretti-a-secco-foto-2","status":"publish","type":"post","link":"https:\/\/archiviogioia.lavocedelpaese.info\/?p=50198","title":{"rendered":"PRIMA EDIZIONE CORSO PER COSTRUIRE MURETTI A SECCO-foto"},"content":{"rendered":"<p><a title=\"muretti a secco\" href=\"https:\/\/www.flickr.com\/photos\/91470992@N02\/21948201159\/in\/dateposted-public\/\" data-flickr-embed=\"true\"><img loading=\"lazy\" decoding=\"async\" style=\"display: block; margin-left: auto; margin-right: auto;\" src=\"https:\/\/farm1.staticflickr.com\/582\/21948201159_7d6956d1b5_z.jpg\" alt=\"muretti a secco\" width=\"320\" height=\"240\" \/><\/a><\/p>\n<p><!--more--><\/p>\n<p style=\"text-align: justify;\"><a title=\"muretti a secco\" href=\"https:\/\/www.flickr.com\/photos\/91470992@N02\/21514011493\/in\/dateposted-public\/\" data-flickr-embed=\"true\"><img loading=\"lazy\" decoding=\"async\" style=\"margin: 4px; float: left;\" src=\"https:\/\/farm6.staticflickr.com\/5797\/21514011493_bc7a6a076b_z.jpg\" alt=\"muretti a secco\" width=\"350\" height=\"622\" \/><\/a>Nei giorni scorsi il pittore <strong>Mario Pugliese<\/strong> insieme ad altri sette <strong>Graziano Procino, Fabio Catucci, Sebastano Lagosante, Francesco Donghia, Carlo Resta, Filippo Linzalata e Nunzio Passi<\/strong> ha partecipato ad un corso decisamente insolito ma anche molto interessante, organizzato dalle associazioni culturali \u201cl\u2019incontro Onlus\u201d e \u201cInsieme per Acquaviva\u201d.<\/p>\n<p style=\"text-align: justify;\">Dal 21 al 26 settembre l\u2019artista e gli altri iscritti hanno scoperto<strong> i segreti del muretto a secco<\/strong> e della sua costruzione seguendo rigorosamente la tecnica tradizionale, competenza fortunatamente preservata e attraverso i corsi trasmessa alle generazioni future.<\/p>\n<p style=\"text-align: justify;\">In questa prima edizione \u00e8 stato possibile <strong>formare circa venti persone<\/strong> che hanno frequentato il corso per un\u2019intera settimana, dal luned\u00ec al sabato, dalle ore 14 alle 17.<\/p>\n<p style=\"text-align: justify;\">Abbiamo chiesto a Mario Pugliese come ha vissuto questa esperienza.<\/p>\n<p style=\"text-align: justify;\">\u201cNel vedere i muretti finiti, si pensa sia tutto molto semplice. Cos\u00ec non \u00e8. Occorre utilizzare pietre presenti nei campi, squadrarle a mano, quindi montarle senza collanti o cemento, ma ad incastro, utilizzando un attrezzo in legno che ingabbia il muretto. E\u2019 una pratica antica molto suggestiva ma anche molto faticosa\u2026 La sensazione \u00e8 che i dolori siano in proporzione alle ore di lavoro. Pi\u00f9 tempo dedichi alla costruzione del muretto a secco, pi\u00f9 ci si sente indolenziti.\u201d<\/p>\n<p style=\"text-align: justify;\">Nel vedere i sorrisi con cui i corsisti posano per le foto e i selfie, per\u00f2 non si direbbe!<\/p>\n<p style=\"text-align: justify;\"><strong>Per informazioni<\/strong>: 3478388223 &#8211; 3298240620.<\/p>\n<p>\n<object data=\"https:\/\/photos.gstatic.com\/media\/slideshow.swf\" type=\"application\/x-shockwave-flash\" width=\"640\" height=\"480\"><param name=\"flashvars\" value=\"host=picasaweb.google.com&amp;hl=it&amp;feat=flashalbum&amp;RGB=0x000000&amp;feed=https%3A%2F%2Fpicasaweb.google.com%2Fdata%2Ffeed%2Fapi%2Fuser%2F104626251937098962566%2Falbumid%2F6205107294815012369%3Falt%3Drss%26kind%3Dphoto%26hl%3Dit\" \/><param name=\"movie\" value=\"https:\/\/photos.gstatic.com\/media\/slideshow.swf\" \/><\/object><\/p>\n","protected":false},"excerpt":{"rendered":"","protected":false},"author":1,"featured_media":0,"comment_status":"open","ping_status":"closed","sticky":false,"template":"","format":"standard","meta":{"colormag_page_container_layout":"default_layout","colormag_page_sidebar_layout":"default_layout","footnotes":""},"categories":[7],"tags":[],"class_list":["post-50198","post","type-post","status-publish","format-standard","hentry","category-attualita"],"_links":{"self":[{"href":"https:\/\/archiviogioia.lavocedelpaese.info\/index.php?rest_route=\/wp\/v2\/posts\/50198","targetHints":{"allow":["GET"]}}],"collection":[{"href":"https:\/\/archiviogioia.lavocedelpaese.info\/index.php?rest_route=\/wp\/v2\/posts"}],"about":[{"href":"https:\/\/archiviogioia.lavocedelpaese.info\/index.php?rest_route=\/wp\/v2\/types\/post"}],"author":[{"embeddable":true,"href":"https:\/\/archiviogioia.lavocedelpaese.info\/index.php?rest_route=\/wp\/v2\/users\/1"}],"replies":[{"embeddable":true,"href":"https:\/\/archiviogioia.lavocedelpaese.info\/index.php?rest_route=%2Fwp%2Fv2%2Fcomments&post=50198"}],"version-history":[{"count":0,"href":"https:\/\/archiviogioia.lavocedelpaese.info\/index.php?rest_route=\/wp\/v2\/posts\/50198\/revisions"}],"wp:attachment":[{"href":"https:\/\/archiviogioia.lavocedelpaese.info\/index.php?rest_route=%2Fwp%2Fv2%2Fmedia&parent=50198"}],"wp:term":[{"taxonomy":"category","embeddable":true,"href":"https:\/\/archiviogioia.lavocedelpaese.info\/index.php?rest_route=%2Fwp%2Fv2%2Fcategories&post=50198"},{"taxonomy":"post_tag","embeddable":true,"href":"https:\/\/archiviogioia.lavocedelpaese.info\/index.php?rest_route=%2Fwp%2Fv2%2Ftags&post=50198"}],"curies":[{"name":"wp","href":"https:\/\/api.w.org\/{rel}","templated":true}]}}