{"id":50231,"date":"2015-10-19T07:51:58","date_gmt":"2015-10-19T07:51:58","guid":{"rendered":"https:\/\/archiviogioia.lavocedelpaese.info\/?p=50231"},"modified":"2015-10-19T07:51:58","modified_gmt":"2015-10-19T07:51:58","slug":"grande-interesse-per-un-altro-mondo-di-thomas-torelli","status":"publish","type":"post","link":"https:\/\/archiviogioia.lavocedelpaese.info\/?p=50231","title":{"rendered":"GRANDE INTERESSE PER \u201cUN ALTRO MONDO\u201d DI THOMAS TORELLI"},"content":{"rendered":"<p><a title=\"un altro mondo incontro alla lum\" href=\"https:\/\/www.flickr.com\/photos\/91470992@N02\/22112353349\/in\/dateposted-public\/\" data-flickr-embed=\"true\"><img loading=\"lazy\" decoding=\"async\" style=\"display: block; margin-left: auto; margin-right: auto;\" src=\"https:\/\/farm6.staticflickr.com\/5735\/22112353349_f69e50f784_z.jpg\" alt=\"un altro mondo incontro alla lum\" width=\"320\" height=\"240\" \/><\/a><\/p>\n<p><!--more--><\/p>\n<p style=\"text-align: justify;\"><a title=\"un altro mondo incontro alla lum\" href=\"https:\/\/www.flickr.com\/photos\/91470992@N02\/21676429504\/in\/dateposted-public\/\" data-flickr-embed=\"true\"><img loading=\"lazy\" decoding=\"async\" style=\"margin: 4px; float: left;\" src=\"https:\/\/farm6.staticflickr.com\/5657\/21676429504_33de7be728.jpg\" alt=\"un altro mondo incontro alla lum\" width=\"400\" height=\"244\" \/><\/a> Gioved\u00ec 8 ottobre alla LUM di Gioia del Colle si \u00e8 assistito ad un evento molto interessante: la proiezione del film-documentario dal titolo \u201c<strong>Un altro mondo<\/strong>\u201d. L&#8217;Associazione E.CO. -Ente per la Comunicazione Umana- \u00e8 stata la promotrice ed organizzatrice di questo momento culturale, affidando la presentazione della serata alla sua presidente <strong>Angela Risplendente<\/strong>. Dopo i dovuti e sentiti ringraziamenti, rivolti a tutti i presenti ed al regista <strong>Thomas Torelli<\/strong>, la Presidente ha sottolineato l&#8217;importanza di questo film, scegliendo di proporlo perch\u00e9 in linea con lo spirito dell&#8217;Associazione, cio\u00e8 quello della promozione del benessere umano fisico, psichico e sociale.<\/p>\n<p style=\"text-align: justify;\">\u201cIn lak&#8217;ech\u201d era un saluto che si rivolgevano fra loro i Maya il cui significato \u00e8 \u201cio sono u<a title=\"Thomas Torelli\" href=\"https:\/\/www.flickr.com\/photos\/91470992@N02\/21678132993\/in\/dateposted-public\/\" data-flickr-embed=\"true\"><img loading=\"lazy\" decoding=\"async\" style=\"margin: 4px; float: right;\" src=\"https:\/\/farm1.staticflickr.com\/694\/21678132993_c1825a61d9_z.jpg\" alt=\"Thomas Torelli\" width=\"350\" height=\"636\" \/><\/a>n altro te stesso\u201d un modo per affermare che siamo collegati \u201cal tutto\u201d nonostante la diversit\u00e0 che ogni uomo ed elemento della natura manifestano. \u201cL&#8217;altro\u201d, nel concetto espresso da questo antico saluto, non era necessariamente un uomo bens\u00ec un albero, un animale, un ruscello, l&#8217;Universo. E&#8217; da questa idea di connessione che il documentario, riconosciuto di interesse culturale dal MiBAC (Ministero dei beni e delle attivit\u00e0 culturali) prende le mosse, supportato da studi scientifici, concetti filosofici e fisica quantistica.<\/p>\n<p style=\"text-align: justify;\">\u201cLe cose sono unite da legami invisibili, non puoi cogliere un fiore senza turbare una stella\u201d (Galileo Galilei). Concetti antichi ed arcaici ormai perduti, perch\u00e9 si \u00e8 persa la capacit\u00e0 di relazionare con gli altri, con la Madre Terra, il sentire \u201cqui ed ora\u201d perch\u00e8 schiacciati dal concetto di Tempo. Le vere armi che hanno annientato i popoli antichi e primitivi nella fase di evangelizzazione da parte dei Missionari sono state: la spada, la croce e il calendario come introduzione del concetto di tempo e soprattutto denaro (le calende era il primo giorno di ciascun mese, da qui calendario, che indicava al tempo degli antichi romani un registro dei conti). Perdita di unit\u00e0 con l&#8217;Universo; concezione del Tempo; scissione fra Mente e Corpo. La modernit\u00e0 ha fatto tabula rasa della saggezza dei nostri avi, ma ora una nuova forma di consapevolezza si sta affacciando nella mente dell&#8217;Uomo e il film proposto da Thomas Torelli ne \u00e8 un esempio.<\/p>\n<p style=\"text-align: justify;\">A supporto delle idee del regista, che ha impiegato ben tre anni e mezzo per la realizzazione del film assieme alla moglie, vi \u00e8 anche la scienza quantistica che ci spiega attraverso esperimenti scientifici che siamo tutti uniti. Il fenomeno entanglement \u00e8 affascinante: \u201cSe due particelle vengono fatte interagire per un certo periodo di tempo e quindi separate, quando si sollecita una delle due in modo da modificarne lo stato, istantaneamente si manifesta sulla seconda una analoga sollecitazione a qualunque distanza si trovi rispetto alla prima\u201d.<\/p>\n<p style=\"text-align: justify;\">Il film ci dimostra che tutto ci\u00f2 che pensiamo esiste realmente, che un pensiero positivo attira cose positive e che i nostri pensieri e le nostre emozioni muovono energia, non pi\u00f9 quindi spettatori passivi ma co-creatori di stati d&#8217;animo e sensazioni. Se andiamo nella direzione dell&#8217;amore avremo amore. Tutto questo dobbiamo associarlo al concetto di \u201cTutto \u00e8 uno\u201d e quindi al collegamento fra l&#8217;Universo e l&#8217;Uomo, fra un fiore ed una stella, finalmente consapevoli del nostro grande potere personale di trasformazione.<a title=\"un altro mondo incontro alla lum\" href=\"https:\/\/www.flickr.com\/photos\/91470992@N02\/22309732531\/in\/dateposted-public\/\" data-flickr-embed=\"true\"><img loading=\"lazy\" decoding=\"async\" style=\"margin: 4px; float: left;\" src=\"https:\/\/farm6.staticflickr.com\/5763\/22309732531_360ec31b9e.jpg\" alt=\"un altro mondo incontro alla lum\" width=\"400\" height=\"225\" \/><\/a><\/p>\n<p style=\"text-align: justify;\">La serata \u00e8 proseguita con l&#8217;intervento e la testimonianza di un ospite d&#8217;eccezione <strong>Antonio Giacchetti<\/strong>, studioso e conoscitore dei Maya che ha parlato di \u201csalto quantico di consapevolezza\u201d ad opera dell&#8217;Umanit\u00e0.<\/p>\n<p style=\"text-align: justify;\">Il film di Thomas Torelli ha suscitato un enorme interesse, l&#8217;<strong>applauso prolungato <\/strong>e le varie domande sull&#8217;argomento hanno dimostrato non solo curiosit\u00e0 per il tema trattato, ma dalle espressioni dei volti carpite in sala, un momento in cui i propri pensieri hanno vagato ed immaginato \u201cun altro mondo\u201d privo di sovrastrutture, di contaminazioni, di riti e rituali e dove un ruscello nel suo scorrere \u00e8 semplicemente un flusso senza tempo e lo sbocciare di un fiore <strong>un&#8217;emozione positiva contagiosa<\/strong>.<\/p>\n<p>&nbsp;<\/p>\n","protected":false},"excerpt":{"rendered":"","protected":false},"author":1,"featured_media":0,"comment_status":"open","ping_status":"closed","sticky":false,"template":"","format":"standard","meta":{"colormag_page_container_layout":"default_layout","colormag_page_sidebar_layout":"default_layout","footnotes":""},"categories":[7],"tags":[],"class_list":["post-50231","post","type-post","status-publish","format-standard","hentry","category-attualita"],"_links":{"self":[{"href":"https:\/\/archiviogioia.lavocedelpaese.info\/index.php?rest_route=\/wp\/v2\/posts\/50231","targetHints":{"allow":["GET"]}}],"collection":[{"href":"https:\/\/archiviogioia.lavocedelpaese.info\/index.php?rest_route=\/wp\/v2\/posts"}],"about":[{"href":"https:\/\/archiviogioia.lavocedelpaese.info\/index.php?rest_route=\/wp\/v2\/types\/post"}],"author":[{"embeddable":true,"href":"https:\/\/archiviogioia.lavocedelpaese.info\/index.php?rest_route=\/wp\/v2\/users\/1"}],"replies":[{"embeddable":true,"href":"https:\/\/archiviogioia.lavocedelpaese.info\/index.php?rest_route=%2Fwp%2Fv2%2Fcomments&post=50231"}],"version-history":[{"count":0,"href":"https:\/\/archiviogioia.lavocedelpaese.info\/index.php?rest_route=\/wp\/v2\/posts\/50231\/revisions"}],"wp:attachment":[{"href":"https:\/\/archiviogioia.lavocedelpaese.info\/index.php?rest_route=%2Fwp%2Fv2%2Fmedia&parent=50231"}],"wp:term":[{"taxonomy":"category","embeddable":true,"href":"https:\/\/archiviogioia.lavocedelpaese.info\/index.php?rest_route=%2Fwp%2Fv2%2Fcategories&post=50231"},{"taxonomy":"post_tag","embeddable":true,"href":"https:\/\/archiviogioia.lavocedelpaese.info\/index.php?rest_route=%2Fwp%2Fv2%2Ftags&post=50231"}],"curies":[{"name":"wp","href":"https:\/\/api.w.org\/{rel}","templated":true}]}}