{"id":50359,"date":"2015-11-01T08:41:59","date_gmt":"2015-11-01T08:41:59","guid":{"rendered":"https:\/\/archiviogioia.lavocedelpaese.info\/?p=50359"},"modified":"2015-11-01T08:41:59","modified_gmt":"2015-11-01T08:41:59","slug":"quando-il-vangelo-e-presenza-don-vito-campanelli-2","status":"publish","type":"post","link":"https:\/\/archiviogioia.lavocedelpaese.info\/?p=50359","title":{"rendered":"QUANDO IL VANGELO \u00c8 \u201cPRESENZA\u201d \u2026 DON VITO CAMPANELLI"},"content":{"rendered":"<p><a title=\"don vito e casa ospitalit\u00e0\" href=\"https:\/\/www.flickr.com\/photos\/91470992@N02\/22680461315\/in\/photostream\/\" data-flickr-embed=\"true\"><img loading=\"lazy\" decoding=\"async\" style=\"display: block; margin-left: auto; margin-right: auto;\" src=\"https:\/\/farm6.staticflickr.com\/5727\/22680461315_bef9015611_z.jpg\" alt=\"don vito e casa ospitalit\u00e0\" width=\"320\" height=\"240\" \/><\/a><\/p>\n<p><!--more--><\/p>\n<p style=\"margin-bottom: 0.0001pt; text-align: justify; line-height: normal;\"><a title=\"don vito e casa ospitalit\u00e0\" href=\"https:\/\/www.flickr.com\/photos\/91470992@N02\/22059328043\/in\/photostream\/\" data-flickr-embed=\"true\"><img loading=\"lazy\" decoding=\"async\" style=\"margin: 4px; float: left;\" src=\"https:\/\/farm1.staticflickr.com\/563\/22059328043_7bde4a425a.jpg\" alt=\"don vito e casa ospitalit\u00e0\" width=\"400\" height=\"300\" \/><\/a> \u201cNei confronti della comunit\u00e0 provo gratitudine! Ho imparato tanto\u2026, qui per la prima volta sono stato parroco e mi sono sentito padre!\u201d<\/p>\n<p style=\"margin-bottom: 0.0001pt; text-align: justify; line-height: normal;\">Per <strong>don Vito Campanelli<\/strong> &#8211; da quattordici anni alla guida della parrocchia di San Vito e da ventisei sacerdote &#8211; la comunit\u00e0 \u00e8 \u201cfamiglia\u201d, ed \u00e8 qui che il Vangelo non viene solo letto ma vissuto, che la vocazione attecchisce anche nella laicit\u00e0\u2026<\/p>\n<p style=\"margin-bottom: 0.0001pt; text-align: justify; line-height: normal;\">Nella condivisione di sacrifici, gioie e dolori, nel proporre nuovi percorsi talvolta anche irti di difficolt\u00e0, nel creare opportunit\u00e0, nel \u201cgovernarne i processi\u201d, l\u2019azione pastorale trova concretezza ed in questo don Vito \u00e8 \u201cMaestro\u201d.<\/p>\n<p style=\"margin-bottom: 0.0001pt; text-align: justify; line-height: normal;\">E come ogni buon \u201cMaestro\u201d, ha trasmesso le sue competenze, l\u2019amore per il prossimo ed il suo entusiasmo a tanti \u201cdiscepoli\u201d, gli stessi che oggi, commossi, lo salutano organizzando feste, suonando la chitarra, cantando, inscenando cabaret, preparando dolci, allestendo campi scout, prestando la propria \u201cmanodopera\u201d per le opere \u201cbuone\u201d da eseguire ed accogliendo con amore chi \u00e8 nel bisogno, che sia un bambino con situazioni difficili da vivere, un anziano smarrito e inaridito a causa della solitudine o un immigrato in fuga dalla povert\u00e0 o dalla guerra.<\/p>\n<p style=\"margin-bottom: 0.0001pt; text-align: justify; line-height: normal;\"><strong>A BRACCIA E CUORE APERTO<\/strong><\/p>\n<p style=\"margin-bottom: 0.0001pt; text-align: justify; line-height: normal;\">Don Vito ha sempre aperto braccia e cuore a tutti, attento alla prossimit\u00e0, m<a title=\"don vito e casa ospitalit\u00e0\" href=\"https:\/\/www.flickr.com\/photos\/91470992@N02\/22680466985\/in\/photostream\/\" data-flickr-embed=\"true\"><img loading=\"lazy\" decoding=\"async\" style=\"margin: 4px; float: right;\" src=\"https:\/\/farm6.staticflickr.com\/5676\/22680466985_c68149dcea.jpg\" alt=\"don vito e casa ospitalit\u00e0\" width=\"400\" height=\"300\" \/><\/a>a anche con lo sguardo alto verso l\u2019orizzonte, precorrendo cos\u00ec i tempi. Non \u00e8 un caso che la parrocchia di San Vito sia una delle pi\u00f9 vivaci e \u201ccoese\u201d della diocesi: i giovani trovano spazio, incoraggiamento, stimoli, comprensione ed esempio. E nella famiglia, nella sua attenzione verso figli \u201cche non vanno mai lasciati soli\u201d il <i>vulnus<\/i> ma anche la vera forza di una comunit\u00e0, ed \u00e8 questo il primo insegnamento \u201ctrasmesso\u201d negli anni.<\/p>\n<p style=\"margin-bottom: 0.0001pt; text-align: justify; line-height: normal;\">\u201cVedere crescere i ragazzi con cui ho vissuto momenti belli, che danno sapore alla vita, \u00e8 stata una grande gioia. Porto con me una esperienza di forte umanit\u00e0, a contatto con le persone pi\u00f9 semplici, i malati\u2026 Occorre sempre guardare oltre i problemi, con fiducia e speranza e avere il coraggio di scender in campo con un atteggiamento costruttivo. Si \u00e8 lavorato molto sulla comunit\u00e0 che poi ha cominciato a muoversi con responsabilit\u00e0 per camminare insieme. Ho voluto scommettere sulle scelte educative, senza mai dividere ma unendo e valorizzando chi pu\u00f2 divenire risorsa. Tutto si riduce alla presenza! Si \u00e8 persa la gioia di giocare insieme, i ragazzi non hanno bisogno di cose, ma di attenzione, di chi stia con loro, di ascolto, sostegno, di non sentirsi abbandonati\u2026 Non \u00e8 mai sprecato il tempo dedicato alla cura delle relazioni, all\u2019ascolto, al confronto. Ed in un processo di crescita, occorre sempre puntare all\u2019autonomia. Se si \u00e8 protettivi, i ragazzi non spiccano il volo\u2026\u201d<\/p>\n<p style=\"margin-bottom: 0.0001pt; text-align: justify; line-height: normal;\">Al riguardo delle urgenze, don Vito ha le idee chiare: \u201cLe emergenze si risolvono guardando con speranza oltre e adoperandosi per trovare soluzioni condivise.\u201d<\/p>\n<p style=\"margin-bottom: 0.0001pt; text-align: justify; line-height: normal;\"><strong>SOCIALE: PROGETTI SI\u2019, M<\/strong><a title=\"don vito e casa ospitalit\u00e0\" href=\"https:\/\/www.flickr.com\/photos\/91470992@N02\/22680474705\/in\/photostream\/\" data-flickr-embed=\"true\"><img loading=\"lazy\" decoding=\"async\" style=\"margin: 4px; float: left;\" src=\"https:\/\/farm1.staticflickr.com\/579\/22680474705_552939f867.jpg\" alt=\"don vito e casa ospitalit\u00e0\" width=\"400\" height=\"300\" \/><\/a><strong>A GOVERNANDO IL PROCESSO<\/strong><\/p>\n<p style=\"margin-bottom: 0.0001pt; text-align: justify; line-height: normal;\">Anche sul coordinamento degli interventi a sostegno dei bisogni sociali interviene con una analisi lucida.<\/p>\n<p style=\"margin-bottom: 0.0001pt; text-align: justify; line-height: normal;\">\u201cSostenere le realt\u00e0 esistenti \u00e8 un dovere istituzionale. Creando in parallelo dei duplicati, disperdendo risorse ed energie, non si migliora il servizio. Nel momento in cui si avvia un progetto, occorre governare il processo e questo possono farlo solo le istituzioni. Se questo non accade, ognuno va per suo conto, non si crea rete n\u00e9 comunit\u00e0, vanificando l\u2019impegno profuso.\u201d<\/p>\n<p style=\"margin-bottom: 0.0001pt; text-align: justify; line-height: normal;\">Il 25 ottobre, durante la messa delle 18, don Vito Campanelli ha aperto le sue braccia ed accolto don Vito Cicoria, missionario in Etiopia trasferito da Sammichele, prima di raggiungere Noicattaro per realizzare i divini disegni del Signore.<\/p>\n<p style=\"text-align: justify;\">\u201cNel Regno di Dio c\u2019\u00e8 un tempo per dissodare il terreno &#8211; il lavoro pi\u00f9 faticoso, quello in cui si usa la zappa -, un tempo per la semina e un tempo per il raccolto. Lasciare chi amiamo non \u00e8 mai facile, ma porsi con fede al servizio del Signore, cogliere le opportunit\u00e0 che la vita offre anche nel cambiamento, \u00e8 la nostra missione. Non si arriva come conquistatori, ma con umilt\u00e0<a title=\"don vito e casa ospitalit\u00e0\" href=\"https:\/\/www.flickr.com\/photos\/91470992@N02\/22666917062\/in\/photostream\/\" data-flickr-embed=\"true\"><img loading=\"lazy\" decoding=\"async\" style=\"margin: 4px; float: right;\" src=\"https:\/\/farm1.staticflickr.com\/644\/22666917062_6db63871c1.jpg\" alt=\"don vito e casa ospitalit\u00e0\" width=\"400\" height=\"300\" \/><\/a>, disponibilit\u00e0 e comprensione, camminando insieme\u2026!\u201d<\/p>\n<p style=\"text-align: justify;\">Ed insieme ai suoi ragazzi di ieri, oggi genitori di ragazzi che animano la parrocchia con gioia e passione, don Vito ne ha fatta di strada\u2026<\/p>\n<p style=\"margin-bottom: 0.0001pt; text-align: justify; line-height: normal;\">Nei giorni scorsi la comunit\u00e0 della parrocchia lo ha salutato organizzando una bella festa&#8230;<\/p>\n<p style=\"margin-bottom: 0.0001pt; text-align: justify; line-height: normal;\">\u201cSi \u00e8 iniziato con un gioco: don Vito ha interrogato tre parrocchiani su se stesso &#8211; racconta Teresa Genco che in chiesa \u00e8 di casa -, ha chiesto quale seminario ha frequentato, qual \u00e8 il suo piatto preferito e da quanti anni \u00e8 sacerdote. Poi via libera alle emozioni con video e canti. Si sono esibiti anche gli ospiti della casa di accoglienza inaugurata domenica scorsa, intonando un canto africano.\u201d<\/p>\n<p style=\"margin-bottom: 0.0001pt; text-align: justify; line-height: normal;\">Sullo sfondo una valigia &#8211; simbolo del viaggio che il sacerdote sta per intraprendere &#8211; con su a mo\u2019 di adesivi i valori che don Vito ha coltivato in questi anni: amicizia, fiducia, ascolto, gioia, creativit\u00e0. Valori che legano indissolubilmente la comunit\u00e0 al suo parroco e continueranno a \u201cfiorire\u201d a distanza, nutriti di amore e bont\u00e0.<\/p>\n<p>&nbsp;<\/p>\n","protected":false},"excerpt":{"rendered":"","protected":false},"author":1,"featured_media":0,"comment_status":"open","ping_status":"closed","sticky":false,"template":"","format":"standard","meta":{"colormag_page_container_layout":"default_layout","colormag_page_sidebar_layout":"default_layout","footnotes":""},"categories":[7],"tags":[],"class_list":["post-50359","post","type-post","status-publish","format-standard","hentry","category-attualita"],"_links":{"self":[{"href":"https:\/\/archiviogioia.lavocedelpaese.info\/index.php?rest_route=\/wp\/v2\/posts\/50359","targetHints":{"allow":["GET"]}}],"collection":[{"href":"https:\/\/archiviogioia.lavocedelpaese.info\/index.php?rest_route=\/wp\/v2\/posts"}],"about":[{"href":"https:\/\/archiviogioia.lavocedelpaese.info\/index.php?rest_route=\/wp\/v2\/types\/post"}],"author":[{"embeddable":true,"href":"https:\/\/archiviogioia.lavocedelpaese.info\/index.php?rest_route=\/wp\/v2\/users\/1"}],"replies":[{"embeddable":true,"href":"https:\/\/archiviogioia.lavocedelpaese.info\/index.php?rest_route=%2Fwp%2Fv2%2Fcomments&post=50359"}],"version-history":[{"count":0,"href":"https:\/\/archiviogioia.lavocedelpaese.info\/index.php?rest_route=\/wp\/v2\/posts\/50359\/revisions"}],"wp:attachment":[{"href":"https:\/\/archiviogioia.lavocedelpaese.info\/index.php?rest_route=%2Fwp%2Fv2%2Fmedia&parent=50359"}],"wp:term":[{"taxonomy":"category","embeddable":true,"href":"https:\/\/archiviogioia.lavocedelpaese.info\/index.php?rest_route=%2Fwp%2Fv2%2Fcategories&post=50359"},{"taxonomy":"post_tag","embeddable":true,"href":"https:\/\/archiviogioia.lavocedelpaese.info\/index.php?rest_route=%2Fwp%2Fv2%2Ftags&post=50359"}],"curies":[{"name":"wp","href":"https:\/\/api.w.org\/{rel}","templated":true}]}}