{"id":50381,"date":"2015-11-05T07:40:44","date_gmt":"2015-11-05T07:40:44","guid":{"rendered":"https:\/\/archiviogioia.lavocedelpaese.info\/?p=50381"},"modified":"2015-11-05T07:40:44","modified_gmt":"2015-11-05T07:40:44","slug":"la-recita-del-santo-rosario-nelle-case-gioiesi-foto","status":"publish","type":"post","link":"https:\/\/archiviogioia.lavocedelpaese.info\/?p=50381","title":{"rendered":"LA RECITA DEL SANTO ROSARIO NELLE CASE GIOIESI-foto"},"content":{"rendered":"<p><a title=\"madonna del rosario in famiglia\" href=\"https:\/\/www.flickr.com\/photos\/91470992@N02\/22614706460\" data-flickr-embed=\"true\"><img loading=\"lazy\" decoding=\"async\" style=\"display: block; margin-left: auto; margin-right: auto;\" src=\"https:\/\/farm6.staticflickr.com\/5770\/22614706460_3f541a84ca_z.jpg\" alt=\"madonna del rosario in famiglia\" width=\"320\" height=\"240\" \/><\/a><\/p>\n<p><!--more--><\/p>\n<p style=\"text-align: justify;\"><a title=\"madonna del rosario in famiglia\" href=\"https:\/\/www.flickr.com\/photos\/91470992@N02\/22181464493\/in\/dateposted-public\/\" data-flickr-embed=\"true\"><img loading=\"lazy\" decoding=\"async\" style=\"margin: 4px; float: left;\" src=\"https:\/\/farm1.staticflickr.com\/583\/22181464493_582242c8cb.jpg\" alt=\"madonna del rosario in famiglia\" width=\"400\" height=\"226\" \/><\/a> \u201cIl primo dovere della Chiesa non \u00e8 quello di distribuire condanne e anatemi \u2013 chiosava Papa Francesco a conclusione dell\u2019ultimo Sinodo \u2013 ma quello di esaltare la misericordia\u201d.<\/p>\n<p style=\"text-align: justify;\">Punto cardine che abbiamo fatto nostro nella nostra confraternita sin dalla vigilia del Sinodo che ci guider\u00e0 nell\u2019anno Santo della Misericordia, e lo abbiamo fatto e continueremo a farlo, <strong>portando nelle famiglie della nostra citt\u00e0 la testimonianza di una congrega che fa della recita del S. Rosario il suo punto di forza<\/strong>. Peregrinazione durante la quale oltre a rinnovare il pensiero del Beato Bartolo Longo, che definiva la preghiera del Rosario: \u201ccatena dolce che ci rannoda a Dio\u201d, ci d\u00e0 l\u2019opportunit\u00e0 di mettere in atto le sette opere di misericordia corporale. Infatti, pur se sabato scorso abbiamo chiuso in modo solenne la recita del S. Rosario in famiglia, con la recita della supplica alla B.V. Maria del SS. Rosario, guidata dal nostro padre spirituale <strong>don Tonino Posa<\/strong>, <strong>da<\/strong> <strong>venerd\u00ec 13 a domenica 15 novembre<\/strong>, in virt\u00f9 di una delle sette opere di misericordia corporale: <a title=\"madonna del rosario in famiglia\" href=\"https:\/\/www.flickr.com\/photos\/91470992@N02\/22410447549\/in\/dateposted-public\/\" data-flickr-embed=\"true\"><img loading=\"lazy\" decoding=\"async\" style=\"margin: 4px; float: right;\" src=\"https:\/\/farm1.staticflickr.com\/727\/22410447549_2f4d66430a.jpg\" alt=\"madonna del rosario in famiglia\" width=\"400\" height=\"225\" \/><\/a>visitare gli infermi, <strong>andremo a recitare il S. Rosario in casa di fratelli afflitti dalla malattia<\/strong>. E questo per chiudere all\u2019insegna della preghiera il nostro mese mariano e dare corpo nello stesso momento al pensiero di Papa Francesco, che non si stanca mai di dire che: \u201cDio vuole che tutti gli uomini siano salvati\u201d.<\/p>\n<p style=\"text-align: justify;\">Intanto, neppure il tempo di archiviare il nostro straordinario mese mariano, che gi\u00e0 siamo <strong>impegnati per l\u2019organizzazione di altre iniziative di alta spiritualit\u00e0<\/strong>. Dal 18 di novembre, infatti, prender\u00e0 il via la <strong>Novena in onore<\/strong><strong> della B.V. Maria della Medaglia Miracolosa<\/strong>, ricorrenza che abbiamo ereditato dalle figlie della carit\u00e0 di San Vincenzo de\u2019 Paoli (presenti a Gioia presso l\u2019asilo De Deo), ordine monastico che ebbe per protagonista la novizia Santa Caterina Labour\u00e9, la quale rifer\u00ec di aver avuto delle apparizioni della Madonna, ed in una di queste (Parigi, rue du Bac, 27 novembre 1830), gli ordin\u00f2 di far coniare la mitica medaglia in segno d\u2019amore, pegno di prot<a title=\"madonna del rosario in famiglia\" href=\"https:\/\/www.flickr.com\/photos\/91470992@N02\/22813820151\/in\/dateposted-public\/\" data-flickr-embed=\"true\"><img loading=\"lazy\" decoding=\"async\" style=\"margin: 4px; float: left;\" src=\"https:\/\/farm6.staticflickr.com\/5791\/22813820151_ba0752dc3f.jpg\" alt=\"madonna del rosario in famiglia\" width=\"400\" height=\"335\" \/><\/a>ezione e sorgente di grazia. Celebrazione che culminer\u00e0 con il <strong>triduo solenne dal 24 al 26 novembre<\/strong> p.v. e i festeggiamenti conclusivi al termine dei quali doneremo ai fedeli presenti in S. Domenico la Medaglia Miracolosa. Festa che ci catapulter\u00e0 nel periodo d\u2019avvento, dove diverse saranno le iniziative che stiamo cercando di porre in essere, ad iniziare dall\u2019esposizione nella nostra chiesa dell\u2019ennesimo presepe del maestro gioiese Mario Vacca.<\/p>\n<p style=\"text-align: justify;\">\u00abIniziative \u2013 ammette il presidente della Confraternita, <strong>Andrea Luigi Mongelli<\/strong>, a nome del consiglio di amministrazione e di tutti gli associati \u2013 che gratificano non poco il nostro impegno, tale da indurci ad impegnarci sempre di pi\u00f9. Spinta propositiva che riceviamo giornalmente non solo dai nostri fedeli, ma soprattutto da chi ha sempre tratteggiato con i fatti il nostro lavoro. Lavoro che mira essenzialmente a mantenere alto il culto per la preghiera del S. Rosario e a fare proseliti (quest\u2019anno ben otto sono i novizi che prenderanno parte alla catechesi per l\u2019ingresso nella nostra Confraternita), ma soprattutto a tramandare ai posteri momenti di preghiera e festivit\u00e0 che fanno della nostra piccola e accogliente rettoria un innegabile snodo di spiritualit\u00e0. Memore del fatto, ci ricorda Papa Francesco, che: \u201cla Chiesa \u00e8 tenuta a guardare e a stimare tutti i credenti e ad apprezzarne il loro impegno spirituale e morale\u201d\u00bb. [foto <strong>Mario Di Giuseppe<\/strong>]<\/p>\n<p style=\"text-align: right;\" align=\"right\">Uff. Comunicazione Confraternita SS. Rosario<\/p>\n<p>\n<object data=\"https:\/\/photos.gstatic.com\/media\/slideshow.swf\" type=\"application\/x-shockwave-flash\" width=\"640\" height=\"480\" pluginspage=\"http:\/\/www.macromedia.com\/go\/getflashplayer\"><param name=\"flashvars\" value=\"host=picasaweb.google.com&amp;hl=it&amp;feat=flashalbum&amp;RGB=0x000000&amp;feed=https%3A%2F%2Fpicasaweb.google.com%2Fdata%2Ffeed%2Fapi%2Fuser%2F104626251937098962566%2Falbumid%2F6213399347314876257%3Falt%3Drss%26kind%3Dphoto%26hl%3Dit\" \/><param name=\"movie\" value=\"https:\/\/photos.gstatic.com\/media\/slideshow.swf\" \/><\/object><\/p>\n","protected":false},"excerpt":{"rendered":"","protected":false},"author":1,"featured_media":0,"comment_status":"open","ping_status":"closed","sticky":false,"template":"","format":"standard","meta":{"colormag_page_container_layout":"default_layout","colormag_page_sidebar_layout":"default_layout","footnotes":""},"categories":[7],"tags":[],"class_list":["post-50381","post","type-post","status-publish","format-standard","hentry","category-attualita"],"_links":{"self":[{"href":"https:\/\/archiviogioia.lavocedelpaese.info\/index.php?rest_route=\/wp\/v2\/posts\/50381","targetHints":{"allow":["GET"]}}],"collection":[{"href":"https:\/\/archiviogioia.lavocedelpaese.info\/index.php?rest_route=\/wp\/v2\/posts"}],"about":[{"href":"https:\/\/archiviogioia.lavocedelpaese.info\/index.php?rest_route=\/wp\/v2\/types\/post"}],"author":[{"embeddable":true,"href":"https:\/\/archiviogioia.lavocedelpaese.info\/index.php?rest_route=\/wp\/v2\/users\/1"}],"replies":[{"embeddable":true,"href":"https:\/\/archiviogioia.lavocedelpaese.info\/index.php?rest_route=%2Fwp%2Fv2%2Fcomments&post=50381"}],"version-history":[{"count":0,"href":"https:\/\/archiviogioia.lavocedelpaese.info\/index.php?rest_route=\/wp\/v2\/posts\/50381\/revisions"}],"wp:attachment":[{"href":"https:\/\/archiviogioia.lavocedelpaese.info\/index.php?rest_route=%2Fwp%2Fv2%2Fmedia&parent=50381"}],"wp:term":[{"taxonomy":"category","embeddable":true,"href":"https:\/\/archiviogioia.lavocedelpaese.info\/index.php?rest_route=%2Fwp%2Fv2%2Fcategories&post=50381"},{"taxonomy":"post_tag","embeddable":true,"href":"https:\/\/archiviogioia.lavocedelpaese.info\/index.php?rest_route=%2Fwp%2Fv2%2Ftags&post=50381"}],"curies":[{"name":"wp","href":"https:\/\/api.w.org\/{rel}","templated":true}]}}