{"id":50412,"date":"2015-11-07T07:49:34","date_gmt":"2015-11-07T07:49:34","guid":{"rendered":"https:\/\/archiviogioia.lavocedelpaese.info\/?p=50412"},"modified":"2015-11-07T07:49:34","modified_gmt":"2015-11-07T07:49:34","slug":"il-nuovo-umanesimo-dellute-promosso-da-enzo-quarto-foto-2","status":"publish","type":"post","link":"https:\/\/archiviogioia.lavocedelpaese.info\/?p=50412","title":{"rendered":"IL \u201cNUOVO UMANESIMO\u201d DELL\u2019UTE PROMOSSO DA ENZO QUARTO-foto"},"content":{"rendered":"<p><a title=\"Enzo Quarto presenta i corsi UTE\" href=\"https:\/\/www.flickr.com\/photos\/91470992@N02\/22833877402\" data-flickr-embed=\"true\"><img loading=\"lazy\" decoding=\"async\" style=\"display: block; margin-left: auto; margin-right: auto;\" src=\"https:\/\/farm6.staticflickr.com\/5669\/22833877402_2fe38cfb76_z.jpg\" alt=\"Enzo Quarto presenta i corsi UTE\" width=\"320\" height=\"240\" \/><\/a><\/p>\n<p><!--more--><\/p>\n<p style=\"text-align: justify;\"><a title=\"Enzo Quarto presenta i corsi UTE\" href=\"https:\/\/www.flickr.com\/photos\/91470992@N02\/22821274026\/in\/photostream\/\" data-flickr-embed=\"true\"><img loading=\"lazy\" decoding=\"async\" style=\"margin: 4px; float: left;\" src=\"https:\/\/farm1.staticflickr.com\/668\/22821274026_3e73497174.jpg\" alt=\"Enzo Quarto presenta i corsi UTE\" width=\"400\" height=\"226\" \/><\/a> <span>&#8220;La vita \u00e8 un dono che va condiviso ad ogni et\u00e0&#8221;: questo il messaggio con cui venerd\u00ec, 30 ottobre, in occasione dell&#8217;inaugurazione del <strong>XIV Anno Accademico dell&#8217;Universit\u00e0 della Terza Et\u00e0 e del Tempo Libero di Gioia del Colle<\/strong>, lo scrittore e giornalista della RAI TV per la sede pugliese, <strong>Enzo Quarto<\/strong>, ha salutato il caloroso pubblico riunito nel chiostro di Palazzo San Domenico.<\/span><\/p>\n<p style=\"margin-bottom: 0.0001pt; text-align: justify; line-height: normal;\">Come ricordato in apertura dalla presidente <strong>Giovanna Viterbo<\/strong>, l&#8217;ospite, facente parte del comitato scientifico dell&#8217; UTE &#8211; centro di studi e ricerche affiliato all&#8217; AUSER (<span style=\"color: black;\">associazione di volontariato e di promozione sociale, impegnata nel favorire l\u2019invecchiamento attivo degli anziani e valorizzare il loro ruolo nella societ\u00e0) &#8211; e coautore, insieme a <strong>Michela Romita<\/strong>, del volume &#8220;Natale \u00e8&#8230; Ges\u00f9 che nasce a Bari&#8221; &#8211; libro del 1994 che denuncia la condizione dei bambini nei quartieri cosiddetti a rischio di devianza &#8211; oltre che padre di poes<\/span><a title=\"enzo quarto\" href=\"https:\/\/www.flickr.com\/photos\/91470992@N02\/22858502041\/in\/photostream\/\" data-flickr-embed=\"true\"><img loading=\"lazy\" decoding=\"async\" style=\"margin: 4px; float: right;\" src=\"https:\/\/farm1.staticflickr.com\/716\/22858502041_ccfdd90ee0.jpg\" alt=\"enzo quarto\" width=\"400\" height=\"225\" \/><\/a><span style=\"color: black;\">ie, libretti musicali, del romanzo &#8220;Le figlie di Federico&#8221; edito da BESA nel 2004, \u00e8 fortemente impegnato nel sociale, propugnatore di un &#8220;social-umanesimo&#8221;, di ispirazione Cristiana, atto ad assicurare la centralit\u00e0 dell&#8217;uomo in quanto individuo, nel rispetto dei principi <\/span><span style=\"color: black;\">della libert\u00e0, della tolleranza e della solidariet\u00e0.<\/span><\/p>\n<p style=\"margin-bottom: 0.0001pt; text-align: justify; line-height: normal;\"><span style=\"color: black;\">Intervenendo sul delicato tema de <i>L&#8217;urgenza del dono nell&#8217;ora della crisi &#8211; <\/i>assolutamente ad hoc per una ONLUS culturale a carattere solidale &#8211; alla domanda se, in una societ\u00e0 come quella attuale, segnata da un accentuato individualismo, narcisismo, egoismo, ci sia ancora posto per l&#8217;arte del donare e donarsi, il dott. Quarto sostiene: &#8220;<strong>Il dono \u00e8 gratuit\u00e0, \u00e8 donarsi come in dono abbiamo ricevuto la vita. Stiamo vivendo un periodo di profonda decadenza poich\u00e9 ormai al primo posto mettiamo il valore economico delle cose<\/strong>.&#8221;<\/span><\/p>\n<p style=\"margin-bottom: 0.0001pt; text-align: justify; line-height: normal;\"><span style=\"color: black;\">La questione, dunque, non risiede nella perdita dei valori, ma nella sostituzione della scala degli stessi.<\/span><a title=\"Enzo Quarto presenta i corsi UTE\" href=\"https:\/\/www.flickr.com\/photos\/91470992@N02\/22821278036\/in\/photostream\/\" data-flickr-embed=\"true\"><img loading=\"lazy\" decoding=\"async\" style=\"margin: 4px; float: left;\" src=\"https:\/\/farm6.staticflickr.com\/5684\/22821278036_ce31dc5307.jpg\" alt=\"Enzo Quarto presenta i corsi UTE\" width=\"400\" height=\"226\" \/><\/a><\/p>\n<p style=\"margin-bottom: 0.0001pt; line-height: normal; text-align: justify;\"><span style=\"color: black;\">A detta dello studioso, infatti, oggi giorno sarebbe andata perduta l&#8217;idea della comunit\u00e0, ancora fervida sino ad un cinquantennio fa, in un processo che trova le sue radici nel fen<\/span><span style=\"color: black;\">omeno dell&#8217;industrializzazione con il cambiamento della societ\u00e0 da contadina ad urbana e con lo svilimento del momento del ritro<\/span><span style=\"color: black;\">vo e della condivisone familiare al termine delle este<\/span><span style=\"color: black;\">nuanti giornate lavorative.<\/span><\/p>\n<p style=\"margin-bottom: 0.0001pt; text-align: justify; line-height: normal;\"><span style=\"color: black;\">Un&#8217;autentica chiave di volta, in senso negativo &#8211; precisa il giornalista- \u00e8 stata segnata da quella che viene definita &#8220;dittatura della pubblicit\u00e0 e del marketing&#8221;, paradossale e nocivo sistema democratico che, incidendo fortemente sull&#8217;emisfero della emotivit\u00e0, ha ridotto l&#8217;uomo a mero consumatore di un mondo totalmente mercificato.<\/span><\/p>\n<p style=\"margin-bottom: 0.0001pt; text-align: justify; line-height: normal;\"><span style=\"color: black;\">Un indiscusso cambiamento antropologico che ha finito per negare l&#8217;identit\u00e0 storica di ognuno, tradendo la nostra natura umana, stricto sensu.<\/span><a title=\"corsi ute 2015\/2016\" href=\"https:\/\/www.flickr.com\/photos\/91470992@N02\/22821390916\/in\/photostream\/\" data-flickr-embed=\"true\"><img loading=\"lazy\" decoding=\"async\" style=\"margin: 4px; float: right;\" src=\"https:\/\/farm1.staticflickr.com\/624\/22821390916_258f06a7c5.jpg\" alt=\"corsi ute 2015\/2016\" width=\"400\" height=\"225\" \/><\/a><\/p>\n<p style=\"margin-bottom: 0.0001pt; text-align: justify; line-height: normal;\"><span style=\"color: black;\">&#8220;Abbiamo iniziato a non condividere e scambiare pi\u00f9 tra noi sentimenti ed esperienze di vita &#8211; continua Quarto -; abbiamo svuotato la nostra umanit\u00e0, allontanandoci dalla relazione con il prossimo.&#8221;<\/span><\/p>\n<p style=\"text-align: justify;\"><span style=\"color: black;\">Ma \u00e8 chiaro: il dono prevede relazione. Ed ora, come non mai, urge donare l&#8217;ascolto e la parola, in modo gratuito.<\/span><\/p>\n<p style=\"margin-bottom: 0.0001pt; text-align: justify; line-height: normal;\"><span><strong><span style=\"color: black;\">Solo attraverso la gratuit\u00e0 \u00e8 possibile rimettere insieme ragione e sentimento<\/span><\/strong><span style=\"color: black;\"> ed \u00e8 questo l&#8217;indirizzo educativo pi\u00f9 forte da consegnare alle nuove generazioni per cercare di ripartire. <\/span><\/span><\/p>\n<p style=\"margin-bottom: 0.0001pt; text-align: justify; line-height: normal;\"><span style=\"color: black;\">&#8220;Se non formiamo al momento etico-umano della condivisione &#8211; afferma l&#8217;ospite &#8211; non ci sar\u00e0 futuro. In questo senso il passo pi\u00f9 importante spetta agli anziani i quali, portatori del senso della vita, devono dialogare con i pi\u00f9 piccoli.<\/span><\/p>\n<p style=\"margin-bottom: 0.0001pt; text-align: justify; line-height: normal;\"><span style=\"color: black;\">In un mondo, quello contem<\/span><a title=\"corsi ute 2015\/2016\" href=\"https:\/\/www.flickr.com\/photos\/91470992@N02\/22858555761\/in\/photostream\/\" data-flickr-embed=\"true\"><img loading=\"lazy\" decoding=\"async\" style=\"margin: 4px; float: left;\" src=\"https:\/\/farm1.staticflickr.com\/601\/22858555761_c570afb106.jpg\" alt=\"corsi ute 2015\/2016\" width=\"400\" height=\"225\" \/><\/a><span style=\"color: black;\">poraneo, permeato dal folle concetto dell&#8217;autoreferenzialit\u00e0, diventa impellente il dono gratuito: il dono di s\u00e9, del proprio tempo, del proprio sapere.<\/span><\/p>\n<p style=\"margin-bottom: 0.0001pt; text-align: justify; line-height: normal;\"><span style=\"color: black;\">Occorre, in definitiva, mirare ad un Nuovo Umanesimo.<\/span><\/p>\n<p style=\"text-align: justify;\"><span style=\"color: black;\">Sulle note de <i>Libiamo ne&#8217; lieti calici<\/i>, tratto da La Traviata di Giuseppe Verdi; <i>Imagine<\/i> di John Lennon e <i>La libert\u00e0<\/i> dell&#8217;indimenticato Giorgio Gaber &#8211; superlativamente eseguiti dal<strong> coro dell&#8217;UTE<\/strong>, <strong>diretto dal<\/strong> <strong>Maestro Lorusso<\/strong> <strong>e accompagnato al piano dal Maestro Tigri<\/strong> &#8211; si \u00e8 conclusa una serata, ricca di suggestivi momenti di arricchimento e condivisione. [foto <strong>Mario Di Giuseppe<\/strong>]<br \/>\n<object data=\"https:\/\/photos.gstatic.com\/media\/slideshow.swf\" type=\"application\/x-shockwave-flash\" width=\"640\" height=\"480\"><param name=\"flashvars\" value=\"host=picasaweb.google.com&amp;hl=it&amp;feat=flashalbum&amp;RGB=0x000000&amp;feed=https%3A%2F%2Fpicasaweb.google.com%2Fdata%2Ffeed%2Fapi%2Fuser%2F104626251937098962566%2Falbumid%2F6214386899440911457%3Falt%3Drss%26kind%3Dphoto%26hl%3Dit\" \/><param name=\"movie\" value=\"https:\/\/photos.gstatic.com\/media\/slideshow.swf\" \/><\/object><br \/>\n <\/span><\/p>\n","protected":false},"excerpt":{"rendered":"","protected":false},"author":1,"featured_media":0,"comment_status":"open","ping_status":"closed","sticky":false,"template":"","format":"standard","meta":{"colormag_page_container_layout":"default_layout","colormag_page_sidebar_layout":"default_layout","footnotes":""},"categories":[7],"tags":[],"class_list":["post-50412","post","type-post","status-publish","format-standard","hentry","category-attualita"],"_links":{"self":[{"href":"https:\/\/archiviogioia.lavocedelpaese.info\/index.php?rest_route=\/wp\/v2\/posts\/50412","targetHints":{"allow":["GET"]}}],"collection":[{"href":"https:\/\/archiviogioia.lavocedelpaese.info\/index.php?rest_route=\/wp\/v2\/posts"}],"about":[{"href":"https:\/\/archiviogioia.lavocedelpaese.info\/index.php?rest_route=\/wp\/v2\/types\/post"}],"author":[{"embeddable":true,"href":"https:\/\/archiviogioia.lavocedelpaese.info\/index.php?rest_route=\/wp\/v2\/users\/1"}],"replies":[{"embeddable":true,"href":"https:\/\/archiviogioia.lavocedelpaese.info\/index.php?rest_route=%2Fwp%2Fv2%2Fcomments&post=50412"}],"version-history":[{"count":0,"href":"https:\/\/archiviogioia.lavocedelpaese.info\/index.php?rest_route=\/wp\/v2\/posts\/50412\/revisions"}],"wp:attachment":[{"href":"https:\/\/archiviogioia.lavocedelpaese.info\/index.php?rest_route=%2Fwp%2Fv2%2Fmedia&parent=50412"}],"wp:term":[{"taxonomy":"category","embeddable":true,"href":"https:\/\/archiviogioia.lavocedelpaese.info\/index.php?rest_route=%2Fwp%2Fv2%2Fcategories&post=50412"},{"taxonomy":"post_tag","embeddable":true,"href":"https:\/\/archiviogioia.lavocedelpaese.info\/index.php?rest_route=%2Fwp%2Fv2%2Ftags&post=50412"}],"curies":[{"name":"wp","href":"https:\/\/api.w.org\/{rel}","templated":true}]}}