{"id":50549,"date":"2015-11-24T09:43:29","date_gmt":"2015-11-24T09:43:29","guid":{"rendered":"https:\/\/archiviogioia.lavocedelpaese.info\/?p=50549"},"modified":"2015-11-24T09:43:29","modified_gmt":"2015-11-24T09:43:29","slug":"la-gioiese-the-digital-box-conquista-il-gruppo-zucchetti","status":"publish","type":"post","link":"https:\/\/archiviogioia.lavocedelpaese.info\/?p=50549","title":{"rendered":"LA GIOIESE \u201cTHE BOX COMPANY\u201d &#8211; CONQUISTA IL GRUPPO ZUCCHETTI"},"content":{"rendered":"<p><a title=\"the-box-company-start-up-gioiese-staff\" href=\"https:\/\/www.flickr.com\/photos\/91470992@N02\/16206341127\" data-flickr-embed=\"true\"><img loading=\"lazy\" decoding=\"async\" style=\"display: block; margin-left: auto; margin-right: auto;\" src=\"https:\/\/farm9.staticflickr.com\/8647\/16206341127_da7efb9e2d_z.jpg\" alt=\"the-box-company-start-up-gioiese-staff\" width=\"320\" height=\"240\" \/><\/a><\/p>\n<p><!--more--><\/p>\n<p style=\"margin-bottom: 0.0001pt; text-align: justify; line-height: normal;\"><a title=\"Roberto Calculli e Marco Landi\" href=\"https:\/\/www.flickr.com\/photos\/91470992@N02\/23254332456\/in\/photostream\/\" data-flickr-embed=\"true\"><img loading=\"lazy\" decoding=\"async\" style=\"margin: 4px; float: left;\" src=\"https:\/\/farm6.staticflickr.com\/5701\/23254332456_44b4e6a748.jpg\" alt=\"Roberto Calculli e Marco Landi\" width=\"400\" height=\"288\" \/><\/a> Per <strong>Roberto Calculli<\/strong> e la sua \u201cThe Digital Box &#8211; Box Company \u201d &#8211; floridissima azienda che opera nel mondo delle piattaforme digitali con sede a Gioia, la \u201cMurgia Valley\u201d non \u00e8 un sogno o un\u2019utopia, ma una realt\u00e0 ed oggi con <strong>Marco Landi <\/strong>e il <strong>Gruppo Zucchetti<\/strong> tra i suoi azionisti, le fondamenta ci sono tutte e si pu\u00f2 davvero \u201cosare\u201d di pi\u00f9 e far crescere il territorio.<\/p>\n<p style=\"margin-bottom: 0.0001pt; text-align: justify; line-height: normal;\">Si gioca quindi \u201cin casa\u201d, ovvero nel cuore della Murgia, tra Gioia del Colle e Gravina, citt\u00e0 in cui vive Calculli quando non \u00e8 in giro per il mondo.<\/p>\n<p style=\"margin-bottom: 0.0001pt; text-align: justify; line-height: normal;\">La sfida di Murgia Valley &#8211; network tra imprese e startup \u2013 \u00e8 approdata su Italia 1 nei mesi scorsi. Il progetto al vaglio di ben cinque giudici \u00e8 stato designato quale migliore realt\u00e0 imprenditoriale innovativa ed \u00e8 Mariarita Costanza, direttore tecnico di <strong>Macnil <\/strong>azienda informatica del <strong>Gruppo Zucchetti,<\/strong> ad annunciare \u201cil matrimonio\u201d con <strong>The Box Company<\/strong>, startup pugliese specializzata nella progettazione e realizzazione di piattaforme tecnologiche ideate per supporti smart che consentono alle aziende di gestire al meglio campagne per il <strong>Digital &amp; Mobile Marketing.<\/strong><\/p>\n<p style=\"text-align: justify;\">Una realt\u00e0 produttiva aziendale che Roberto Calculli ha voluto insediare a Gioia \u201c\u2026perch\u00e9 per la maggior parte i miei collaboratori sono gioiesi ed \u00e8 un peccato che debbano spostarsi\u2026\u201d e tenendo conto che tra i suoi obiettivi, oltre il ben<a title=\"digital box\" href=\"https:\/\/www.flickr.com\/photos\/91470992@N02\/22912526509\/in\/photostream\/\" data-flickr-embed=\"true\"><img loading=\"lazy\" decoding=\"async\" style=\"margin: 4px; float: right;\" src=\"https:\/\/farm6.staticflickr.com\/5784\/22912526509_38548a1c24.jpg\" alt=\"digital box\" width=\"400\" height=\"223\" \/><\/a>essere di chi lavora con lui, vi \u00e8 raggiungere i 100 dipendenti a fronte dell\u2019attuale task force, l\u2019opportunit\u00e0 per il territorio \u00e8 davvero importante.<\/p>\n<p><strong><span style=\"font-size: 12pt; line-height: 115%; font-family: 'Times New Roman','serif';\">MACNIL GRUPPO ZUCCHETTI INVESTE IN PUGLIA<\/span><\/strong><\/p>\n<p style=\"margin-bottom: 0.0001pt; text-align: justify; line-height: normal;\">\u201cLa <strong>Macnil Gruppo Zucchetti <\/strong>ha acquisitouna quota importante del capitale sociale di <strong>The Box Company (TheBC)<\/strong>, e il Ceo di Macnil, <strong>Nicola Lavenuta<\/strong>, \u00e8 nel nostro consiglio di amministrazione.\u201d<\/p>\n<p style=\"margin-bottom: 0.0001pt; text-align: justify; line-height: normal;\">L\u2019accordo permetter\u00e0 a <strong>Macn<\/strong><strong>il <\/strong>e <strong>Zucchetti<\/strong>, gruppo italiano del software con 360 milioni di fatturato e 3000 dipendenti, di integrare la propria offerta con la piattaforma tecnologica.<\/p>\n<p style=\"margin-bottom: 0.0001pt; text-align: justify; line-height: normal;\">\u201cLe nostre soluzioni &#8211; continua Roberto Calculli &#8211; sono state adottate da circa 10mila aziende, e parliamo di colossi come <strong>Bmw Italia, Gruppo Bata, Divani &amp; Divani By Natuzzi, Old Wild West, Trony, l\u2019Ospedale San Raffaele&#8230;<\/strong>, in decine di paesi nel mondo.\u201d<\/p>\n<p style=\"margin-bottom: 0.0001pt; text-align: justify; line-height: normal;\">\u201cCon l&#8217;AD Nicola Lavenuta e <a title=\"digital box\" href=\"https:\/\/www.flickr.com\/photos\/91470992@N02\/22653328373\/in\/photostream\/\" data-flickr-embed=\"true\"><img loading=\"lazy\" decoding=\"async\" style=\"margin: 4px; float: left;\" src=\"https:\/\/farm1.staticflickr.com\/741\/22653328373_1844f0ce77.jpg\" alt=\"digital box\" width=\"400\" height=\"293\" \/><\/a>l&#8217;ingegner Mariarita Costanza, famosa anche come Shark Tank Italiana, gi\u00e0 nel 2000 avevamo intuito che il mondo sarebbe stato \u201cMobile\u201d. Il Gruppo Zucchetti, primo gruppo Italiano del software ha valutato \u201cThe Box Company\u201d, nata solo due anni fa, tre milioni di euro, acquisendone un&#8217;importante partecipazione. Che dire, un altro passo verso i nostri ambiziosi obiettivi da condividere con l&#8217;intero team The Box, i Licensee nazionali e internazionali, tutti i Reseller e Business Partner&#8230;\u201d<\/p>\n<p><strong><span style=\"text-transform: none;\">ROBERTO CALCULLI\u2026 MENTALITA\u2019 \u201cDA SUD\u201d VINCENTE: \u201cNON QUANTO HAI MA QUANTO DAI AL TERRITORIO\u201d<\/span><\/strong><\/p>\n<p style=\"margin-bottom: 0.0001pt; text-align: justify; line-height: normal;\">Per Roberto Calculli, nato a Gravina ma cittadino del mondo per mentalit\u00e0 ed entusiasmo, il territorio, il Sud \u00e8 \u201cmentalit\u00e0\u201d. Una mentalit\u00e0 sbagliata \u00e8 quel che spesso blocca gli imprenditori del meridione\u2026 \u201cNon bisogna aver paura di sfidare il mercato. Il primo risultato che mi sono posto quando nel 2012 \u00e8 nata la nostra azienda, \u00e8 l\u2019attenzione al territorio, un territorio di cui andare orgoglioso anche quando si hanno sedi in tutto il mondo. A Palo Alto, nella Silicon Valley in California dove abbiamo una sede si lavora felici e con ottimismo. Confrontandoci con altri imprenditori non si accenna tanto al fatturato, quanto al numero di persone cui si d\u00e0 lavoro, non quanto hai, ma quanto dai a<a title=\"digital box\" href=\"https:\/\/www.flickr.com\/photos\/91470992@N02\/23280463505\/in\/photostream\/\" data-flickr-embed=\"true\"><img loading=\"lazy\" decoding=\"async\" style=\"margin: 4px; float: right;\" src=\"https:\/\/farm6.staticflickr.com\/5656\/23280463505_f766f455dd.jpg\" alt=\"digital box\" width=\"400\" height=\"194\" \/><\/a>l territorio. In Europa la realt\u00e0 non \u00e8 diversa, se ci pensiamo, i problemi possono diventare una opportunit\u00e0. Nella nostra azienda non ci sono gerarchie ma collaborazione e tutti si sentono parte del processo. Non \u00e8 un caso che con Marco Landi &#8211; ex presidente mondiale di Apple oggi insieme alla Macnil Gruppo Zucchetti in societ\u00e0 con The Box Company -, ci siamo dati subito del \u201ctu\u201d ed oggi sia dei nostri!\u201d<\/p>\n<p style=\"margin-bottom: 0.0001pt; text-align: justify; line-height: normal;\">Roberto Calculli, 45 anni, con importanti esperienze imprenditoriali nei settori del Mobile Advertising e nella creazione e gestione professionale di reti vendita:&nbsp;Leader Mobile S.r.l. (co-fondatore),&nbsp;Bmc S.p.A, First Holding, crea la sua prima azienda &#8211; Leader Mobile srl &#8211; nel 2002. L&#8217;idea era quella di creare &#8220;un modello che permetteva di inviare in contemporanea lo stesso sms a una moltitudine di persone&#8221;.<\/p>\n<p style=\"margin-bottom: 0.0001pt; text-align: justify; line-height: normal;\">&#8220;Facevo il responsabile vendite ed ero stanco di dover fare una miriade di telefonate ogni volta che spostavo una riunione&#8221;, racconta Roberto in una intervista rila<a title=\"the box company start up gioiese\" href=\"https:\/\/www.flickr.com\/photos\/91470992@N02\/15769768314\/in\/photostream\/\" data-flickr-embed=\"true\"><img loading=\"lazy\" decoding=\"async\" style=\"margin: 4px; float: left;\" src=\"https:\/\/farm9.staticflickr.com\/8579\/15769768314_14a90cd03a_z.jpg\" alt=\"the box company start up gioiese\" width=\"400\" height=\"300\" \/><\/a>sciata a Millionaire. Nel 2012 lascia l&#8217;incarico di responsabile per tuffarsi in un nuovo progetto: mette su una squadra di quindici persone, chiede un finanziamento in banca, partecipa ad un bando regionale e lo vince. Nasce cos\u00ec nel 2012 \u201cThe Box Company\u201d, una piattaforma integrata che consente di inviare sms interattivi, landing page, per creare, pubblicare e condividere lo storytelling dell&#8217;azienda in pochi step. I prezzi vanno da 20 euro a 1000 euro l&#8217;anno. Un&#8217;idea vincente, che porta \u201cThe Box Company\u201d ad avere quattro sedi &#8211; Gioia del Colle, Barcellona, Milano e Palo Alto &#8211; e un fatturato di due milioni di euro, oltre a un prestigioso partenariato con l&#8217;Osservatorio Mobile Marketing &amp; Service del Politecnico di Milano.<\/p>\n<p style=\"margin-bottom: 0.0001pt; text-align: justify; line-height: normal;\">Nella sua intervista a Millionaire Calculli precisa: &#8220;Il segreto per un business di successo nel mobile \u00e8 partire dal prodotto, mettendosi nei panni del cliente, immaginare di essere tu il compratore di ci\u00f2 che offri. Per fare innovazione non serve avere l&#8217;idea del secolo. Basta partire da applicazioni gi\u00e0 esistenti e migliorarne i processi, velocizzandoli o avvicinandosi sempre di pi\u00f9 alle esigenze dei clienti. La parola chiave \u00e8 integrare. D&#8217;altronde anche Steve Jobs, quando ha ideato lo smartphone, ha messo insieme in un unico strumento, tutti i dispostivi che aveva lanciato negli anni precedenti. Ai giovani dico pensate in grande. Realizzate qualcosa che pu\u00f2 essere esportato&#8221;.<\/p>\n<p>&nbsp;<\/p>\n","protected":false},"excerpt":{"rendered":"","protected":false},"author":1,"featured_media":0,"comment_status":"open","ping_status":"closed","sticky":false,"template":"","format":"standard","meta":{"colormag_page_container_layout":"default_layout","colormag_page_sidebar_layout":"default_layout","footnotes":""},"categories":[7],"tags":[],"class_list":["post-50549","post","type-post","status-publish","format-standard","hentry","category-attualita"],"_links":{"self":[{"href":"https:\/\/archiviogioia.lavocedelpaese.info\/index.php?rest_route=\/wp\/v2\/posts\/50549","targetHints":{"allow":["GET"]}}],"collection":[{"href":"https:\/\/archiviogioia.lavocedelpaese.info\/index.php?rest_route=\/wp\/v2\/posts"}],"about":[{"href":"https:\/\/archiviogioia.lavocedelpaese.info\/index.php?rest_route=\/wp\/v2\/types\/post"}],"author":[{"embeddable":true,"href":"https:\/\/archiviogioia.lavocedelpaese.info\/index.php?rest_route=\/wp\/v2\/users\/1"}],"replies":[{"embeddable":true,"href":"https:\/\/archiviogioia.lavocedelpaese.info\/index.php?rest_route=%2Fwp%2Fv2%2Fcomments&post=50549"}],"version-history":[{"count":0,"href":"https:\/\/archiviogioia.lavocedelpaese.info\/index.php?rest_route=\/wp\/v2\/posts\/50549\/revisions"}],"wp:attachment":[{"href":"https:\/\/archiviogioia.lavocedelpaese.info\/index.php?rest_route=%2Fwp%2Fv2%2Fmedia&parent=50549"}],"wp:term":[{"taxonomy":"category","embeddable":true,"href":"https:\/\/archiviogioia.lavocedelpaese.info\/index.php?rest_route=%2Fwp%2Fv2%2Fcategories&post=50549"},{"taxonomy":"post_tag","embeddable":true,"href":"https:\/\/archiviogioia.lavocedelpaese.info\/index.php?rest_route=%2Fwp%2Fv2%2Ftags&post=50549"}],"curies":[{"name":"wp","href":"https:\/\/api.w.org\/{rel}","templated":true}]}}