{"id":50587,"date":"2015-11-29T06:15:27","date_gmt":"2015-11-29T06:15:27","guid":{"rendered":"https:\/\/archiviogioia.lavocedelpaese.info\/?p=50587"},"modified":"2015-11-29T06:15:27","modified_gmt":"2015-11-29T06:15:27","slug":"dimmi-di-dove-sei-perche-il-talento-nasce-al-sud","status":"publish","type":"post","link":"https:\/\/archiviogioia.lavocedelpaese.info\/?p=50587","title":{"rendered":"DIMMI \u201cDI DOVE SEI?\u201d PERCH\u00c9 \u201cIL TALENTO NASCE AL SUD\u201d"},"content":{"rendered":"<p><a title=\"il talento nasce al sud\" href=\"https:\/\/www.flickr.com\/photos\/91470992@N02\/23316328411\/in\/dateposted-public\/\" data-flickr-embed=\"true\"><img loading=\"lazy\" decoding=\"async\" style=\"display: block; margin-left: auto; margin-right: auto;\" src=\"https:\/\/farm6.staticflickr.com\/5698\/23316328411_b0d67162d8_z.jpg\" alt=\"il talento nasce al sud\" width=\"320\" height=\"240\" \/><\/a><\/p>\n<p><!--more--><\/p>\n<p style=\"text-align: justify;\"><a title=\"il talento nasce al sud\" href=\"https:\/\/www.flickr.com\/photos\/91470992@N02\/23398899075\/in\/dateposted-public\/\" data-flickr-embed=\"true\"><img loading=\"lazy\" decoding=\"async\" style=\"margin: 4px; float: left;\" src=\"https:\/\/farm6.staticflickr.com\/5824\/23398899075_6aa6def09a.jpg\" alt=\"il talento nasce al sud\" width=\"400\" height=\"266\" \/><\/a><strong>L\u2019associazione \u201cIl Talento Nasce al Sud\u201d<\/strong> \u00e8 lieta di presentare il suo secondo spettacolo di musica e cabaret dal titolo: \u201c<strong>Di dove sei\u2026?<\/strong> in programmazione questa sera, domenica 29 novembre 2015, con sipario alle ore 19.00, presso il Teatro Gabrieli a Noci &#8211; Via vecchia per Putignano, nei pressi del campo sportivo De Luca-Resta.<\/p>\n<p style=\"text-align: justify;\">Lo spettacolo, come si pu\u00f2 intuire gi\u00e0 dal titolo, affronter\u00e0 <strong>le diverse abitudini&nbsp;e forme dialettali<\/strong> della nostra Puglia, coinvolgendo vari&nbsp;artisti e ospiti d\u2019eccezione che rappresenteranno il loro paese d\u2019origine tra <strong>un mix di musica e comicit\u00e0<\/strong>. Il messaggio che noi de \u201cIl Talento Nasce al Sud\u201d vogliamo mandare a tutto il pubblico dello spettacolo \u201cDi dove sei\u2026?\u201d sar\u00e0 quello di <strong>valorizzare e far apprezzare le proprie origini<\/strong> ma al contempo stesso riderci su.<\/p>\n<p style=\"text-align: justify;\"><a href=\"https:\/\/www.facebook.com\/Il-Talento-Nasce-al-Sud-1550751125185633\/timeline\/\">https:\/\/www.facebook.com\/Il-Talento-Nasce-al-Sud-1550751125185633\/timeline\/<\/a><\/p>\n<p><a title=\"locandina DI DOVE SEI\" href=\"https:\/\/www.flickr.com\/photos\/91470992@N02\/22770527884\/in\/dateposted-public\/\" data-flickr-embed=\"true\"><img loading=\"lazy\" decoding=\"async\" src=\"https:\/\/farm1.staticflickr.com\/575\/22770527884_5dd90033a1_b.jpg\" alt=\"locandina DI DOVE SEI\" width=\"660\" height=\"906\" \/><\/a><\/p>\n","protected":false},"excerpt":{"rendered":"","protected":false},"author":1,"featured_media":0,"comment_status":"open","ping_status":"closed","sticky":false,"template":"","format":"standard","meta":{"colormag_page_container_layout":"default_layout","colormag_page_sidebar_layout":"default_layout","footnotes":""},"categories":[7],"tags":[],"class_list":["post-50587","post","type-post","status-publish","format-standard","hentry","category-attualita"],"_links":{"self":[{"href":"https:\/\/archiviogioia.lavocedelpaese.info\/index.php?rest_route=\/wp\/v2\/posts\/50587","targetHints":{"allow":["GET"]}}],"collection":[{"href":"https:\/\/archiviogioia.lavocedelpaese.info\/index.php?rest_route=\/wp\/v2\/posts"}],"about":[{"href":"https:\/\/archiviogioia.lavocedelpaese.info\/index.php?rest_route=\/wp\/v2\/types\/post"}],"author":[{"embeddable":true,"href":"https:\/\/archiviogioia.lavocedelpaese.info\/index.php?rest_route=\/wp\/v2\/users\/1"}],"replies":[{"embeddable":true,"href":"https:\/\/archiviogioia.lavocedelpaese.info\/index.php?rest_route=%2Fwp%2Fv2%2Fcomments&post=50587"}],"version-history":[{"count":0,"href":"https:\/\/archiviogioia.lavocedelpaese.info\/index.php?rest_route=\/wp\/v2\/posts\/50587\/revisions"}],"wp:attachment":[{"href":"https:\/\/archiviogioia.lavocedelpaese.info\/index.php?rest_route=%2Fwp%2Fv2%2Fmedia&parent=50587"}],"wp:term":[{"taxonomy":"category","embeddable":true,"href":"https:\/\/archiviogioia.lavocedelpaese.info\/index.php?rest_route=%2Fwp%2Fv2%2Fcategories&post=50587"},{"taxonomy":"post_tag","embeddable":true,"href":"https:\/\/archiviogioia.lavocedelpaese.info\/index.php?rest_route=%2Fwp%2Fv2%2Ftags&post=50587"}],"curies":[{"name":"wp","href":"https:\/\/api.w.org\/{rel}","templated":true}]}}