{"id":50707,"date":"2015-12-15T08:59:22","date_gmt":"2015-12-15T08:59:22","guid":{"rendered":"https:\/\/archiviogioia.lavocedelpaese.info\/?p=50707"},"modified":"2015-12-15T08:59:22","modified_gmt":"2015-12-15T08:59:22","slug":"il-natale-a-gioia-con-cultura-tradizione-e-gastronomia","status":"publish","type":"post","link":"https:\/\/archiviogioia.lavocedelpaese.info\/?p=50707","title":{"rendered":"IL NATALE A GIOIA CON CULTURA, TRADIZIONE E GASTRONOMIA &#8211; IL PROGRAMMA"},"content":{"rendered":"<p><a title=\"natale a gioia\" href=\"https:\/\/www.flickr.com\/photos\/91470992@N02\/23150697714\" data-flickr-embed=\"true\"><img loading=\"lazy\" decoding=\"async\" style=\"display: block; margin-left: auto; margin-right: auto;\" src=\"https:\/\/farm1.staticflickr.com\/604\/23150697714_afcdb16201_o.jpg\" alt=\"natale a gioia\" width=\"320\" height=\"240\" \/><\/a><\/p>\n<p><!--more--><\/p>\n<p style=\"margin-bottom: 0.0001pt; text-align: justify; line-height: normal;\"><a title=\"natale a gioia\" href=\"https:\/\/www.flickr.com\/photos\/91470992@N02\/23683862661\/in\/dateposted-public\/\" data-flickr-embed=\"true\"><img loading=\"lazy\" decoding=\"async\" style=\"margin: 4px; float: left;\" src=\"https:\/\/farm6.staticflickr.com\/5702\/23683862661_f6bfb09418_z.jpg\" alt=\"natale a gioia\" width=\"350\" height=\"525\" \/><\/a>Il 19 e 20 dicembre con il patrocinio del Comune di Gioia, della Confartigianato, della Pro Loco l\u2019associazione \u201cBisbiglii dell\u2019Anima\u201d invita tutti i cittadini ad <strong>una bella e corale festa<\/strong> che vedr\u00e0 unite numerose associazioni del territorio per salutare l\u2019arrivo del Natale.<\/p>\n<p style=\"margin-bottom: 0.0001pt; text-align: justify; line-height: normal;\">Titolo dell\u2019evento \u201c<strong>Natale a Gioia &#8211; Cultura, tradizione e gastronomia nel Borgo di Federico<\/strong>\u201d.<\/p>\n<p style=\"margin-bottom: 0.0001pt; text-align: justify; line-height: normal;\">\u201cL\u2019idea &#8211; comunica il direttivo dell\u2019associazione &#8211; \u00e8 di <strong>donare a tutti, in particolare ai bambini, le emozioni del Natale <\/strong>offrendo ognuno parte del proprio talento e condividendolo con l\u2019intera citt\u00e0. Abbiamo ricevuto tante adesioni e questo ci ha confortato.<\/p>\n<p style=\"margin-bottom: 0.0001pt; text-align: justify; line-height: normal;\"><strong>Nel centro storico si accenderanno tante piccole colorate fiammelle<\/strong>: pittori, scultori esporranno le loro opere, gli artisti di strada ci regaleranno un sorriso, Mirella Resta porter\u00e0 le sue danzatrici, si canter\u00e0, reciter\u00e0 e suoner\u00e0 e si potranno anche degustare le ottime pietanze tipiche dei ristorati presenti nei borghi. Ci saranno gli alunni dei due istituti comprensivi Mazzini &#8211; Carano e S. Filippo Neri &#8211; Losapio che mostreranno il loro talento e le loro abilit\u00e0.\u201d<\/p>\n<p style=\"margin-bottom: 0.0001pt; text-align: justify; line-height: normal;\">Le iniziative avranno luogo <strong>dalle ore 17. 00 alle 24.00 del 19 e 20 dicembre<\/strong>.<\/p>\n<p style=\"margin-bottom: 0.0001pt; text-align: justify; line-height: normal;\">La mattina di domenica, 20 dicembre, da via Monte Sannace partir\u00e0 una <strong>cavalcata in costume<\/strong> che attraverser\u00e0 l\u2019anello che circonda il centro storico per poi tornare al punto di partenza, l\u2019evento \u00e8 davvero partecipato e pensato <strong>per rendere questo Natale pi\u00f9 luminoso e sereno<\/strong>, all\u2019insegna della condivisione e perch\u00e9 no? magari anche attrarre turisti che in questi due giorni potranno scoprire la bellezza del nostro centro storico e i tanti talenti in esso custoditi.<\/p>\n<p style=\"margin-bottom: 0.0001pt; text-align: justify; line-height: normal;\"><strong>IL PROGRAMMA<\/strong><\/p>\n<p style=\"text-align: justify;\">Dalle ore 17 alle ore 24 di sabato e domenica nei borghi fioriranno mercatini, laboratori artigianali delle <strong>Scuole San Filippo Neri e Mazzini<\/strong>, musica dal vivo con artisti gioiesi dello spessore di <strong>Miriam Romano e Marianna Milano, Giuseppe Milano, Pasquale Petrera, Giuseppe e Angelica Mastromarino<\/strong>, opere di pittura e scultura di <strong>Mario Vacca, Mimmo Milano, della Bottega di Sergio Gatti, di Antonella Lozito, Maria Teresa Romano, Mario Pugliese e apertura del museo tematico di Angelo Pavoncelli<\/strong>.<\/p>\n<p style=\"text-align: justify;\">Presenti a dar man forte alla bella iniziativa <strong>l\u2019Universit\u00e0 della Terza Et\u00e0 che rappresenter\u00e0 gli antichi mestieri artigianali<\/strong>; l\u2019associazione &#8220;<strong>La Casa del Sorriso&#8221;<\/strong>&nbsp; che proporr\u00e0 la poesia e l\u2019arte alla corte di Federico II, e <strong>l\u2019associazione &#8220;Don Tonino Bello&#8221;<\/strong> animer\u00e0 giochi e balli per i pi\u00f9 piccini i quali troveranno tra le vie del borgo anche <strong>la casa di Babbo Natale.<\/strong><\/p>\n<p style=\"text-align: justify;\">Non potevano mancare le prelibatezze del percorso del gusto con l\u2019<strong>Osteria del Borgo antico, la Trattoria Pugliese, Panta Rei, Dai Bizantini, il Consorzio caseario di Gioia del Colle, l\u2019Oleificio Mancino, Antichi sapori in tavola, You Pizza, Gran Cr\u00f9, Panificio Fiore e la Confetteria Cuore di Dolcezza<\/strong>.<\/p>\n<p style=\"text-align: justify;\"><strong>Domenica 20<\/strong> in programma <strong>alle ore 11.00 la cavalcata per le vie del paese<\/strong> con gli splendidi destrieri <strong>della scuderia &#8220;Spirito Libero&#8221;<\/strong>, mentre<strong> alle 17.00<\/strong> si aprir\u00e0 <strong>stand del 36\u00b0 Stormo<\/strong> e <strong>alle 18.00 la Corale Polifonica \u201cSan Filippo Neri<\/strong>\u201d diretta da Antonella Gisotti proporr\u00e0 \u201cIl Natale di Ges\u00f9\u201d, concerto natalizio per voci bianche nella chiesa di Sant\u2019Andrea, quindi la <strong>Pro Loco<\/strong> metter\u00e0 in scena con <strong>\u201cTeatralmente Gioia\u201d<\/strong> una delle <strong>interviste impossibili a Federico II.<\/strong><\/p>\n<p style=\"text-align: justify;\">Alle 20.00 tutti in piazza Plebiscito per applaudire <strong>Mirella Resta<\/strong> e le sue danzatrici del<strong> \u201cLaboratorio del Movimento\u201d<\/strong>.<\/p>\n<p><a title=\"natale a gioia\" href=\"https:\/\/www.flickr.com\/photos\/91470992@N02\/23696387331\/in\/dateposted-public\/\" data-flickr-embed=\"true\"><img loading=\"lazy\" decoding=\"async\" style=\"display: block; margin-left: auto; margin-right: auto;\" src=\"https:\/\/farm1.staticflickr.com\/602\/23696387331_6d71945038_o.jpg\" alt=\"natale a gioia\" width=\"660\" height=\"942\" \/><\/a><\/p>\n","protected":false},"excerpt":{"rendered":"","protected":false},"author":1,"featured_media":0,"comment_status":"open","ping_status":"closed","sticky":false,"template":"","format":"standard","meta":{"colormag_page_container_layout":"default_layout","colormag_page_sidebar_layout":"default_layout","footnotes":""},"categories":[7],"tags":[],"class_list":["post-50707","post","type-post","status-publish","format-standard","hentry","category-attualita"],"_links":{"self":[{"href":"https:\/\/archiviogioia.lavocedelpaese.info\/index.php?rest_route=\/wp\/v2\/posts\/50707","targetHints":{"allow":["GET"]}}],"collection":[{"href":"https:\/\/archiviogioia.lavocedelpaese.info\/index.php?rest_route=\/wp\/v2\/posts"}],"about":[{"href":"https:\/\/archiviogioia.lavocedelpaese.info\/index.php?rest_route=\/wp\/v2\/types\/post"}],"author":[{"embeddable":true,"href":"https:\/\/archiviogioia.lavocedelpaese.info\/index.php?rest_route=\/wp\/v2\/users\/1"}],"replies":[{"embeddable":true,"href":"https:\/\/archiviogioia.lavocedelpaese.info\/index.php?rest_route=%2Fwp%2Fv2%2Fcomments&post=50707"}],"version-history":[{"count":0,"href":"https:\/\/archiviogioia.lavocedelpaese.info\/index.php?rest_route=\/wp\/v2\/posts\/50707\/revisions"}],"wp:attachment":[{"href":"https:\/\/archiviogioia.lavocedelpaese.info\/index.php?rest_route=%2Fwp%2Fv2%2Fmedia&parent=50707"}],"wp:term":[{"taxonomy":"category","embeddable":true,"href":"https:\/\/archiviogioia.lavocedelpaese.info\/index.php?rest_route=%2Fwp%2Fv2%2Fcategories&post=50707"},{"taxonomy":"post_tag","embeddable":true,"href":"https:\/\/archiviogioia.lavocedelpaese.info\/index.php?rest_route=%2Fwp%2Fv2%2Ftags&post=50707"}],"curies":[{"name":"wp","href":"https:\/\/api.w.org\/{rel}","templated":true}]}}