{"id":50728,"date":"2015-12-17T06:54:38","date_gmt":"2015-12-17T06:54:38","guid":{"rendered":"https:\/\/archiviogioia.lavocedelpaese.info\/?p=50728"},"modified":"2015-12-17T06:54:38","modified_gmt":"2015-12-17T06:54:38","slug":"la-mafia-non-e-altrove-riuscito-evento-con-gioia-in-movimento","status":"publish","type":"post","link":"https:\/\/archiviogioia.lavocedelpaese.info\/?p=50728","title":{"rendered":"\u201cLA MAFIA NON \u00c8 ALTROVE\u201d EVENTO RIUSCITO DI GIOIA IN MOVIMENTO"},"content":{"rendered":"<p><a title=\"la mafia non \u00e8 altrove\" href=\"https:\/\/www.flickr.com\/photos\/91470992@N02\/23807448415\/in\/photostream\/\" data-flickr-embed=\"true\"><img loading=\"lazy\" decoding=\"async\" style=\"display: block; margin-left: auto; margin-right: auto;\" src=\"https:\/\/farm6.staticflickr.com\/5677\/23807448415_ffc07ce061_z.jpg\" alt=\"la mafia non \u00e8 altrove\" width=\"320\" height=\"240\" \/><\/a><\/p>\n<p><!--more--><\/p>\n<p style=\"text-align: justify;\"><a title=\"la mafia gioia in movimento\" href=\"https:\/\/www.flickr.com\/photos\/91470992@N02\/23181469223\/in\/dateposted-public\/\" data-flickr-embed=\"true\"><img loading=\"lazy\" decoding=\"async\" style=\"margin: 4px; float: left;\" src=\"https:\/\/farm6.staticflickr.com\/5652\/23181469223_13bcc12a27.jpg\" alt=\"la mafia gioia in movimento\" width=\"400\" height=\"300\" \/><\/a>Sabato 12 dicembre 2015 nel chiostro comunale di palazzo S. Domenico, si \u00e8 svolto l\u2019evento pubblico \u201c<strong>La Mafia non \u00e8 altrove<\/strong>\u201d organizzato dall\u2019<strong>Associazione Gioia in Movimento<\/strong>.<\/p>\n<p style=\"text-align: justify;\">L\u2019avvenimento ha visto il contributo oltre che degli attivisti di Gioia in Movimento anche di due stimati parlamentari della Repubblica Italiana ovvero del Senatore <strong>Maurizio Bucarella<\/strong> (Membro della Giunta per il Regolamento, Membro della Giunta delle Elezioni e delle Immunit\u00e0 Parlamentari nonch\u00e9 vicepresidente della Commissione Giustizia del Senato) e della Deputata <strong>Giulia Sarti<\/strong> (Membro della Commissione Parlamentare d&#8217;inchiesta sul fenomeno delle mafie e sulle altre associazioni criminali, anche straniere, Membro della Giunta per le elezioni e delle immunit\u00e0 parlamentari, Membro della 2\u00aa Commissione Giustizia e Membro del Comitato per le incompatibilit\u00e0, le ineleggibilit\u00e0 e le decadenze).<\/p>\n<p style=\"text-align: justify;\">La scelta del tema del dibattito \u201cLa mafia non \u00e8 altrove\u201d non \u00e8 stata casuale m<a title=\"la mafia gioia in movimento\" href=\"https:\/\/www.flickr.com\/photos\/91470992@N02\/23699843892\/in\/dateposted-public\/\" data-flickr-embed=\"true\"><img loading=\"lazy\" decoding=\"async\" style=\"margin: 4px; float: right;\" src=\"https:\/\/farm1.staticflickr.com\/570\/23699843892_ec7fa8eaec.jpg\" alt=\"la mafia gioia in movimento\" width=\"400\" height=\"300\" \/><\/a>a ben ponderata soprattutto alla luce dei molto noti, ma altrettanto tristi, fatti di cronaca che hanno visto protagonista la citt\u00e0 di Gioia del Colle e che ne hanno legittimato la costituzione del Comune quale parte civile in sede penale, come, tra l\u2019altro, tempestivamente sollecitato dai componenti dell\u2019Associazione alla dott.ssa <strong>Rossana Riflesso<\/strong>.<\/p>\n<p style=\"text-align: justify;\">Il dibattito \u00e8 stato aperto con una ironica lettura stralcio di una missiva inviata nell\u2019ottobre 2012 a <strong>Fabio Fazio<\/strong> dall\u2019allora sindaco <strong>Sergio Povia<\/strong> in cui veniva precisato che \u201c<i>Gioia del Colle ha saputo dimostrare in questi 20 anni non solo di essere una citt\u00e0 sana nel tessuto sociale, ma di saper raggiungere, a livello nazionale ed a volte anche internazionale, risultati prestigiosi nelle prassi della buona amministrazione, nei servizi sociali, nella cultura, nello <\/i><i>sport, nello sviluppo urbanistico ed economico<\/i>\u201d.&nbsp;<\/p>\n<p style=\"text-align: justify;\">Dopo due anni quelle \u201caccuse\u201d si sono ripresentate, con simili modalit\u00e0, ed \u00e8 per questo che, parafrasando le parole usate da Sergio Povia nella missiva di che trattasi \u201c<strong><i>per tutte queste ragioni i cittadini di Gioia del Colle si sentono feriti n<\/i><\/strong><a title=\"la mafia non \u00e8 altrove\" href=\"https:\/\/www.flickr.com\/photos\/91470992@N02\/23698647342\/in\/photostream\/\" data-flickr-embed=\"true\"><img loading=\"lazy\" decoding=\"async\" style=\"margin: 4px; float: left;\" src=\"https:\/\/farm1.staticflickr.com\/679\/23698647342_e9c59400f4.jpg\" alt=\"la mafia non \u00e8 altrove\" width=\"400\" height=\"220\" \/><\/a><strong><i>el loro orgoglio<\/i><\/strong>\u201d.<\/p>\n<p style=\"text-align: justify;\">Ebbene, il dibattito ha toccato il tema della Mafia, inteso quale patologico&nbsp; universo criminale ricco di migliaia di sfumature eterogenee, che nel tempo ha assunto, trasformandosi, le caratteristiche di un vero e proprio fenomeno sociale complesso, radicato fortemente nell\u2019area dell\u2019illegalit\u00e0 e che, purtroppo, si \u00e8 insidiato anche nella nostra quotidianit\u00e0 e nei nostri modelli di comportamento, quasi rendendosi un elemento per certi versi tollerato se non addirittura legittimato.&nbsp;<\/p>\n<p style=\"text-align: justify;\">A tal riguardo, l\u2019Associazione Gioia in Movimento ha rivolto alle innumerevoli persone in sala, un accorato appello a non cedere all\u2019indifferenza ma denunciare presso tutte le competenti sedi, qualsiasi fenomeno in odore di illiceit\u00e0.<a title=\"la mafia non \u00e8 altrove\" href=\"https:\/\/www.flickr.com\/photos\/91470992@N02\/23698647562\/in\/photostream\/\" data-flickr-embed=\"true\"><img loading=\"lazy\" decoding=\"async\" style=\"margin: 4px; float: right;\" src=\"https:\/\/farm6.staticflickr.com\/5626\/23698647562_8d1a51e0f3.jpg\" alt=\"la mafia non \u00e8 altrove\" width=\"400\" height=\"220\" \/><\/a><\/p>\n<p style=\"text-align: justify;\">Successivamente ha preso la parola la portavoce del Movimento cinque stelle alla Camera, Giulia Sarti, la quale, dopo un breve <i>excursus<\/i> storico sull\u2019evoluzione della fenomenologia&nbsp; mafiosa in Italia, ha cercato di spiegare come la mafia sia cambiata negli anni e quali forme articolate abbia assunto oggi tanto da renderla quasi una cultura&nbsp;parallela attiva, che opera in maniera subdola e strisciante nella societ\u00e0 odierna.<\/p>\n<p style=\"text-align: justify;\">La Portavoce, prendendo spunto dai propri lavori in Commissione Giustizia e dai recenti scandali connessi al Mose di Venezia, la Terra dei Fuochi, all\u2019Expo di Milano e a Roma Capitale, ha sottolineato come lo scopo principale delle organizzazioni mafiose sia di <a title=\"la mafia non \u00e8 altrove m5s\" href=\"https:\/\/www.flickr.com\/photos\/91470992@N02\/23813078805\" data-flickr-embed=\"true\"><img loading=\"lazy\" decoding=\"async\" style=\"margin: 4px; float: left;\" src=\"https:\/\/farm1.staticflickr.com\/755\/23813078805_29593dcbb9.jpg\" alt=\"la mafia non \u00e8 altrove m5s\" width=\"400\" height=\"300\" \/><\/a>guadagnare enormi somme di denaro, senza escludere alcun mezzo, per l\u2019effetto confrontandosi con tutti gli eventi e con le diverse fasi storiche.<\/p>\n<p style=\"text-align: justify;\">Ecco perch\u00e9 Giulia Sarti rivolge a tutta la comunit\u00e0 gioiese un accorato appello a non far finta che il fenomeno mafioso sia qualcosa di distante dalla nostra citt\u00e0, ma riflettere sulla non causalit\u00e0 di ben tre commissariamenti in circa dieci anni e agire per operare un cambio di rotta al fine di realizzare una buona e sana amministrazione. &nbsp;<\/p>\n<p style=\"text-align: justify;\">Purtroppo l\u2019evento \u00e8 stato turbato da un lutto gravissimo occorso ad un consigliere regionale del Movimento Cinque Stelle, <strong>Cristian Casili<\/strong>, che ha impedito al senatore Baccarella, in evidente stato di agitazione, di poter serenamente apportare il proprio contributo al dibattito. L\u2019Associazione Gioia in Movimento stringendosi accoratamente al dolore della famiglia Casili, ha salutato tra gli applausi il senatore Buccarella che, con gli occhi lucidi, ha lascia<a title=\"la mafia non \u00e8 altrove\" href=\"https:\/\/www.flickr.com\/photos\/91470992@N02\/23807080815\/in\/photostream\/\" data-flickr-embed=\"true\"><img loading=\"lazy\" decoding=\"async\" style=\"margin: 4px; float: right;\" src=\"https:\/\/farm1.staticflickr.com\/750\/23807080815_a3a73df709_z.jpg\" alt=\"la mafia non \u00e8 altrove\" width=\"400\" height=\"191\" \/><\/a>to il chiostro.<\/p>\n<p style=\"text-align: justify;\">Successivamente si \u00e8 dato ampio spazio alle domande dei cittadini presenti alle quali la Portavoce Giulia Sarti ha risposto puntualmente.&nbsp;<\/p>\n<p style=\"text-align: justify;\">In conclusione, l\u2019Associazione Gioia in Movimento ringraziando i Portavoce nonch\u00e9 tutti i cittadini intervenuti all\u2019evento per la loro partecipazione, preannuncia che lo scorso evento \u00e8 solo il primo di una serie di incontri su temi delicati che interessano la citt\u00e0 e sui quali si invita tutta la cittadinanza ad offrire il proprio contributo\u201d.<\/p>\n<p style=\"text-align: right;\"><strong>Associazione Gioia In MoVimento&nbsp;<\/strong><\/p>\n","protected":false},"excerpt":{"rendered":"","protected":false},"author":1,"featured_media":0,"comment_status":"open","ping_status":"closed","sticky":false,"template":"","format":"standard","meta":{"colormag_page_container_layout":"default_layout","colormag_page_sidebar_layout":"default_layout","footnotes":""},"categories":[4],"tags":[],"class_list":["post-50728","post","type-post","status-publish","format-standard","hentry","category-politica"],"_links":{"self":[{"href":"https:\/\/archiviogioia.lavocedelpaese.info\/index.php?rest_route=\/wp\/v2\/posts\/50728","targetHints":{"allow":["GET"]}}],"collection":[{"href":"https:\/\/archiviogioia.lavocedelpaese.info\/index.php?rest_route=\/wp\/v2\/posts"}],"about":[{"href":"https:\/\/archiviogioia.lavocedelpaese.info\/index.php?rest_route=\/wp\/v2\/types\/post"}],"author":[{"embeddable":true,"href":"https:\/\/archiviogioia.lavocedelpaese.info\/index.php?rest_route=\/wp\/v2\/users\/1"}],"replies":[{"embeddable":true,"href":"https:\/\/archiviogioia.lavocedelpaese.info\/index.php?rest_route=%2Fwp%2Fv2%2Fcomments&post=50728"}],"version-history":[{"count":0,"href":"https:\/\/archiviogioia.lavocedelpaese.info\/index.php?rest_route=\/wp\/v2\/posts\/50728\/revisions"}],"wp:attachment":[{"href":"https:\/\/archiviogioia.lavocedelpaese.info\/index.php?rest_route=%2Fwp%2Fv2%2Fmedia&parent=50728"}],"wp:term":[{"taxonomy":"category","embeddable":true,"href":"https:\/\/archiviogioia.lavocedelpaese.info\/index.php?rest_route=%2Fwp%2Fv2%2Fcategories&post=50728"},{"taxonomy":"post_tag","embeddable":true,"href":"https:\/\/archiviogioia.lavocedelpaese.info\/index.php?rest_route=%2Fwp%2Fv2%2Ftags&post=50728"}],"curies":[{"name":"wp","href":"https:\/\/api.w.org\/{rel}","templated":true}]}}