{"id":50753,"date":"2015-12-19T11:11:21","date_gmt":"2015-12-19T11:11:21","guid":{"rendered":"https:\/\/archiviogioia.lavocedelpaese.info\/?p=50753"},"modified":"2015-12-19T11:11:21","modified_gmt":"2015-12-19T11:11:21","slug":"xylella-il-ministro-martina-non-condivise-preoccupazioni-m5s","status":"publish","type":"post","link":"https:\/\/archiviogioia.lavocedelpaese.info\/?p=50753","title":{"rendered":"XYLELLA: \u201cMINISTRO MARTINA NON CONDIVISE PREOCCUPAZIONI M5S\u201d"},"content":{"rendered":"<p><a title=\"Xylella: ruspe in uliveti, ambientalisti tentano blocco\" href=\"https:\/\/www.flickr.com\/photos\/91470992@N02\/23853488735\" data-flickr-embed=\"true\"><img loading=\"lazy\" decoding=\"async\" style=\"display: block; margin-left: auto; margin-right: auto;\" src=\"https:\/\/farm1.staticflickr.com\/760\/23853488735_9f24620546_o.jpg\" alt=\"Xylella: ruspe in uliveti, ambientalisti tentano blocco\" width=\"320\" height=\"240\" \/><\/a><\/p>\n<p><!--more--><\/p>\n<p style=\"text-align: justify;\"><a title=\"images\" href=\"https:\/\/www.flickr.com\/photos\/91470992@N02\/23770896351\/in\/photostream\/\" data-flickr-embed=\"true\"><img loading=\"lazy\" decoding=\"async\" style=\"margin: 4px; float: left;\" src=\"https:\/\/farm1.staticflickr.com\/735\/23770896351_c8a2251a13_o.jpg\" alt=\"images\" width=\"400\" height=\"300\" \/><\/a> <span style=\"color: #1b1c1d;\">\u201cUno dei due aspetti su cui si \u00e8 concentrata la Procura di Lecce sull\u2019indagine Xylella era gi\u00e0 approdato in Parlamento nella scorsa primavera. Riguardo il trasporto del patogeno in Italia <strong>in occasione del workshop sulla Xylella fastidiosa svoltosi presso lo Iam di Valenzano nell\u2019ottobre 2010 <\/strong>per i magistrati Mignone e Licci, infatti, sarebbero emerse \u201c<i>gravi irregolarit\u00e0 nella documentazione di accompagnamento del materiale<\/i>\u201d con l\u2019introduzione \u201c<i>di un elemento da quarantena in violazione della normativa di settore\u201d<\/i>. Secondo quanto accertato, lo Iam specific\u00f2 al Servizio Fitosanitario Nazionale ed all\u2019Osservatorio Fitosanitario Regionale il materiale infetto da importare, indicando per\u00f2 materiali del tutto differenti rispetto a quelli per i quali era stata chiesta l\u2019autorizzazione. Per giunta, due vasi sarebbero stati privi del necessario \u201cPassaporto delle piante\u201d. <strong>Una vicenda gi\u00e0 finita al centro del question time tenuto a Montecitorio dal deputato Giuseppe L\u2019Abbate<\/strong> (capogruppo M5S Commissione Agricoltura Camera) ad aprile <\/span><span style=\"color: #1b1c1d;\">2015 e che chiedeva chiarezza e trasparenza al ministro Maurizio Martina.<\/span><a title=\"rsz_martina-vendola-aprile-2015-500x330\" href=\"https:\/\/www.flickr.com\/photos\/91470992@N02\/23225245764\/in\/photostream\/\" data-flickr-embed=\"true\"><img loading=\"lazy\" decoding=\"async\" style=\"margin: 4px; float: right;\" src=\"https:\/\/farm6.staticflickr.com\/5742\/23225245764_bcc89d3cee.jpg\" alt=\"rsz_martina-vendola-aprile-2015-500x330\" width=\"400\" height=\"264\" \/><\/a><\/p>\n<p style=\"text-align: justify;\"><span><span style=\"color: #1b1c1d;\">\u201c<\/span><i>Dai documenti rilasciati dall\u2019osservatorio fitosanitario regionale della Pugliasi faceva riferimento a quattro ceppi di Xylella fastidiosa importati nel 2010 per una ricerca sulle viti, ma non vi erano specificazioni sulle sub-specie n\u00e9 era presente il numero identificativo della coltura, per questo era impossibile dimostrare che il batterio importato dallo IAM e autorizzato dall\u2019allora Ministero delle Politiche agricole fosse patogeno solo per la vite e diverso da quello presente sugli ulivi del leccese<\/i> \u2013 <strong>commenta il deputato Giuseppe L\u2019Abbate (M5S)<\/strong> \u2013 <i>La cronistoria che ci raccont\u00f2 il ministro Martina in Aula,<\/i><\/span><span><i> per\u00f2, fece emergere la totale incertezza in cui si era operato. Quello che \u00e8 accaduto nel 2010 nel workshop di Valenzano (Bari) \u00e8 stato di una gravit\u00e0 inaudita: lo denunciammo durante il nostro question time a Montecitorio, lo ribadiamo ancor di pi\u00f9 oggi che finalmente \u00e8 giunto un primo esito dell\u2019indagine condott<\/i><\/span><span><i>a dalla Procur<\/i><\/span><a title=\"torchiarolo\" href=\"https:\/\/www.flickr.com\/photos\/91470992@N02\/23745019062\/in\/photostream\/\" data-flickr-embed=\"true\"><img loading=\"lazy\" decoding=\"async\" style=\"margin: 4px; float: left;\" src=\"https:\/\/farm1.staticflickr.com\/572\/23745019062_1bfb69d689.jpg\" alt=\"torchiarolo\" width=\"400\" height=\"225\" \/><\/a><span><i>a di Lecce, da cui ci auguravamo maggiore chiarezza su queste vicende. Ma le responsabilit\u00e0 pi\u00f9 che dei ricercatori e dei centri di ricerca sono prettamente polit<\/i><\/span><span><i>iche: il Ministero, infatti<\/i> \u2013 <strong>continua L\u2019Abbate<\/strong> \u2013 <i>ha ampiamente dimostrato di non essere in grado neanche di gestire la regolarit\u00e0 di tutte le operazioni sottese ad una importante sperimentazione come quella realizzata nel 2010 dallo Iam nonch\u00e9 la Regione Puglia, con Vendola prima e con Emiliano poi, ha palesato tutta la sua inadeguatezza ed incapacit\u00e0 <\/i><\/span><span><i>di gestire dei fenomeni che mettono tuttora a rischio 60 milioni di alberi di ulivo solo in Puglia\u201d.<\/i><\/span><\/p>\n<p style=\"text-align: justify;\">Diversi <strong>i titoli di reato<\/strong> per i quali procede la Procura di Lecce: diffusione colposa di una malattia delle piante, violazione dolosa e colposa delle disposizioni in materia ambientale, falso materiale e ideologico commesso da pubblico ufficiale, getto pericoloso di cose, distruzione e deturpamento di bellezze naturali\u201d.<\/p>\n<p>&nbsp;<\/p>\n","protected":false},"excerpt":{"rendered":"","protected":false},"author":1,"featured_media":0,"comment_status":"open","ping_status":"closed","sticky":false,"template":"","format":"standard","meta":{"colormag_page_container_layout":"default_layout","colormag_page_sidebar_layout":"default_layout","footnotes":""},"categories":[4],"tags":[],"class_list":["post-50753","post","type-post","status-publish","format-standard","hentry","category-politica"],"_links":{"self":[{"href":"https:\/\/archiviogioia.lavocedelpaese.info\/index.php?rest_route=\/wp\/v2\/posts\/50753","targetHints":{"allow":["GET"]}}],"collection":[{"href":"https:\/\/archiviogioia.lavocedelpaese.info\/index.php?rest_route=\/wp\/v2\/posts"}],"about":[{"href":"https:\/\/archiviogioia.lavocedelpaese.info\/index.php?rest_route=\/wp\/v2\/types\/post"}],"author":[{"embeddable":true,"href":"https:\/\/archiviogioia.lavocedelpaese.info\/index.php?rest_route=\/wp\/v2\/users\/1"}],"replies":[{"embeddable":true,"href":"https:\/\/archiviogioia.lavocedelpaese.info\/index.php?rest_route=%2Fwp%2Fv2%2Fcomments&post=50753"}],"version-history":[{"count":0,"href":"https:\/\/archiviogioia.lavocedelpaese.info\/index.php?rest_route=\/wp\/v2\/posts\/50753\/revisions"}],"wp:attachment":[{"href":"https:\/\/archiviogioia.lavocedelpaese.info\/index.php?rest_route=%2Fwp%2Fv2%2Fmedia&parent=50753"}],"wp:term":[{"taxonomy":"category","embeddable":true,"href":"https:\/\/archiviogioia.lavocedelpaese.info\/index.php?rest_route=%2Fwp%2Fv2%2Fcategories&post=50753"},{"taxonomy":"post_tag","embeddable":true,"href":"https:\/\/archiviogioia.lavocedelpaese.info\/index.php?rest_route=%2Fwp%2Fv2%2Ftags&post=50753"}],"curies":[{"name":"wp","href":"https:\/\/api.w.org\/{rel}","templated":true}]}}