{"id":50802,"date":"2015-12-26T08:21:12","date_gmt":"2015-12-26T08:21:12","guid":{"rendered":"https:\/\/archiviogioia.lavocedelpaese.info\/?p=50802"},"modified":"2015-12-26T08:21:12","modified_gmt":"2015-12-26T08:21:12","slug":"matteo-lomonte-fotografo-gioiese-conquista-premio-award","status":"publish","type":"post","link":"https:\/\/archiviogioia.lavocedelpaese.info\/?p=50802","title":{"rendered":"MATTEO LOMONTE, GIOIESE CONQUISTA PREMIO AWARD"},"content":{"rendered":"<p><a title=\"matteo lomonte\" href=\"https:\/\/www.flickr.com\/photos\/91470992@N02\/23358471663\/in\/dateposted-public\/\" data-flickr-embed=\"true\"><img loading=\"lazy\" decoding=\"async\" style=\"display: block; margin-left: auto; margin-right: auto;\" src=\"https:\/\/farm6.staticflickr.com\/5714\/23358471663_b13650179b_z.jpg\" alt=\"matteo lomonte\" width=\"320\" height=\"240\" \/><\/a><\/p>\n<p><!--more--><\/p>\n<p style=\"margin-bottom: 0.0001pt; text-align: justify; line-height: normal;\"><a title=\"matteo lomonte\" href=\"https:\/\/www.flickr.com\/photos\/91470992@N02\/23357055184\/in\/dateposted-public\/\" data-flickr-embed=\"true\"><img loading=\"lazy\" decoding=\"async\" style=\"margin: 4px; float: left;\" src=\"https:\/\/farm2.staticflickr.com\/1662\/23357055184_60a286f1cf.jpg\" alt=\"matteo lomonte\" width=\"350\" height=\"350\" \/><\/a>Nei giorni scorsi il fotografo gioiese <strong>Matteo Lomonte <\/strong>ha ricevuto il suo primo Award al contest \u201cC32015\u201d nella categoria <i>ambientlight<\/i> organizzato dall\u2019ANFM (associazione nazionale fotografi matrimonialisti) con la fotografia che vedete in allegato. \u201cLa voce del paese\/Gioianet\u201d ha incontrato il giovane fotografo per raccontarci l\u2019esperienza del contest.<\/p>\n<p style=\"margin-bottom: 0.0001pt; text-align: justify; line-height: normal;\"><strong>E\u2019 stata la tua prima esperienza? Di che si tratta? <\/strong>\u201cS\u00ec, l\u2019ANFM, \u00e8 un\u2019associazione a cui sono iscritti tutti i fotografi matrimonialisti italiani ed organizza quattro volte l\u2019anno dei contest in cui tanti fotografi partecipano inviando fotografie a seconda della categoria richiesta. In questo contest abbiamo partecipato in quattrocento e la mia fotografia \u00e8 tra le sette vincitrici nella categoria <i>ambientlight<\/i>. In primavera, a Bologna, viene poi scelto il fotografo matrimonialista dell\u2019anno che ha raccolto il maggior numero di Awards nei quattro contest che si svolgono durante l\u2019anno\u201d.<\/p>\n<p style=\"margin-bottom: 0.0001pt; text-align: justify; line-height: normal;\"><strong>Descriveresti la tua fotografia premiata? <\/strong>\u201cCerto, \u00e8 l&#8217;attimo prima in cui, Kirsten \u2013una sposa americana-, si accinge ad avviarsi in Chiesa. Non essendo una foto posata, si respirano la tensione di questa bellissima sposa statunitense, e delle due piccole damigelle che al contrario, sono molto pi\u00f9 spensierate, pi\u00f9 che altro curiose, dell&#8217;abito e di quello che dovr\u00e0 accadere\u201d.<\/p>\n<p style=\"margin-bottom: 0.0001pt; text-align: justify; line-height: normal;\"><strong>Cosa ha significato per te questa esperienza? <\/strong>\u201cE\u2019 la prima volta che partecipo a questo contest ed \u00e8 stata sicuramente una bella esperienza che mi permette di crescere e migliorare oltre ad essere onorato di essere stato giudicato da grandi professionisti nel settore a livello internazionale.\u201d<\/p>\n<p style=\"margin-bottom: 0.0001pt; text-align: justify; line-height: normal;\">La <strong>commissione dei giudici<\/strong> che ha selezionato le fotografie migliori per ogni categoria era composta da <strong><span style=\"color: #212121;\">Sam Sciarrino<\/span><\/strong><span style=\"color: #212121;\"> Canada), <strong>Francesco Cito<\/strong> (Italia), <strong>Jakob Grankvist<\/strong> (Svezia) e <strong>Marco Schwarz<\/strong> (Germania).<\/span><\/p>\n<p style=\"margin-bottom: 0.0001pt; text-align: justify; line-height: normal;\"><span style=\"color: #212121;\">Complimentandoci con Matteo e ringraziandolo per averci ricevuti raccontandoci della sua professione con coinvolgente passione, umilt\u00e0 e tanta umanit\u00e0 e voglia di crescere, gli auguriamo di vero cuore di raggiungere i pi\u00f9 alti traguardi e riconoscimenti nel settore. <\/span><\/p>\n<p>&nbsp;<\/p>\n","protected":false},"excerpt":{"rendered":"","protected":false},"author":1,"featured_media":0,"comment_status":"open","ping_status":"closed","sticky":false,"template":"","format":"standard","meta":{"colormag_page_container_layout":"default_layout","colormag_page_sidebar_layout":"default_layout","footnotes":""},"categories":[7],"tags":[],"class_list":["post-50802","post","type-post","status-publish","format-standard","hentry","category-attualita"],"_links":{"self":[{"href":"https:\/\/archiviogioia.lavocedelpaese.info\/index.php?rest_route=\/wp\/v2\/posts\/50802","targetHints":{"allow":["GET"]}}],"collection":[{"href":"https:\/\/archiviogioia.lavocedelpaese.info\/index.php?rest_route=\/wp\/v2\/posts"}],"about":[{"href":"https:\/\/archiviogioia.lavocedelpaese.info\/index.php?rest_route=\/wp\/v2\/types\/post"}],"author":[{"embeddable":true,"href":"https:\/\/archiviogioia.lavocedelpaese.info\/index.php?rest_route=\/wp\/v2\/users\/1"}],"replies":[{"embeddable":true,"href":"https:\/\/archiviogioia.lavocedelpaese.info\/index.php?rest_route=%2Fwp%2Fv2%2Fcomments&post=50802"}],"version-history":[{"count":0,"href":"https:\/\/archiviogioia.lavocedelpaese.info\/index.php?rest_route=\/wp\/v2\/posts\/50802\/revisions"}],"wp:attachment":[{"href":"https:\/\/archiviogioia.lavocedelpaese.info\/index.php?rest_route=%2Fwp%2Fv2%2Fmedia&parent=50802"}],"wp:term":[{"taxonomy":"category","embeddable":true,"href":"https:\/\/archiviogioia.lavocedelpaese.info\/index.php?rest_route=%2Fwp%2Fv2%2Fcategories&post=50802"},{"taxonomy":"post_tag","embeddable":true,"href":"https:\/\/archiviogioia.lavocedelpaese.info\/index.php?rest_route=%2Fwp%2Fv2%2Ftags&post=50802"}],"curies":[{"name":"wp","href":"https:\/\/api.w.org\/{rel}","templated":true}]}}