{"id":50811,"date":"2015-12-26T10:27:49","date_gmt":"2015-12-26T10:27:49","guid":{"rendered":"https:\/\/archiviogioia.lavocedelpaese.info\/?p=50811"},"modified":"2015-12-26T10:27:49","modified_gmt":"2015-12-26T10:27:49","slug":"natale-a-gioia-con-bisbiglii-dellanima-cronaca-foto-e-video-2","status":"publish","type":"post","link":"https:\/\/archiviogioia.lavocedelpaese.info\/?p=50811","title":{"rendered":"NATALE A GIOIA CON BISBIGLII DELL\u2019ANIMA &#8211; Cronaca, foto e video"},"content":{"rendered":"<p><a title=\"natale centro storico\" href=\"https:\/\/www.flickr.com\/photos\/91470992@N02\/23358024164\/in\/dateposted-public\/\" data-flickr-embed=\"true\"><img loading=\"lazy\" decoding=\"async\" style=\"display: block; margin-left: auto; margin-right: auto;\" src=\"https:\/\/farm2.staticflickr.com\/1455\/23358024164_0dedc2dce0_z.jpg\" alt=\"natale centro storico\" width=\"320\" height=\"240\" \/><\/a><\/p>\n<p><!--more--><\/p>\n<p style=\"margin-bottom: 0.0001pt; text-align: justify; line-height: normal;\"><a title=\"natale centro storico esibizione cavalli\" href=\"https:\/\/www.flickr.com\/photos\/91470992@N02\/23618424089\/in\/dateposted-public\/\" data-flickr-embed=\"true\"><img loading=\"lazy\" decoding=\"async\" style=\"margin: 4px; float: left;\" src=\"https:\/\/farm6.staticflickr.com\/5655\/23618424089_ef18500da9.jpg\" alt=\"natale centro storico esibizione cavalli\" width=\"400\" height=\"300\" \/><\/a>Due le \u201canime\u201d che hanno portato nel Centro storico di Gioia la gioia del Natale, i suoi colori, i suoi canti, i suoi profumi\u2026 la presidente dell\u2019associazione \u201c<strong>Bisbiglii dell\u2019Anima<\/strong>\u201d <strong>Barbara Baldari<\/strong> e <strong>Gianna De Bellis<\/strong>.<\/p>\n<p style=\"margin-bottom: 0.0001pt; text-align: justify; line-height: normal;\">Il 19 ed il 20 dicembre con <strong>\u201cNatale a Gioia &#8211; Cultura tradizioni e sapori nel Borgo di Federico\u201d<\/strong> i gioiesi hanno riscoperto la gioia di stare bene insieme e divertirsi festeggiando l\u2019arrivo del Natale con semplicit\u00e0.<\/p>\n<p style=\"text-align: justify;\">Gianna e Barbara per due mesi hanno progettato, preso contatti, cercato sponsor e impegnato ogni energia e risorsa per creare un evento &#8211; non il primo ma di certo il pi\u00f9 corale e complesso sia nella regia che nelle relazioni -, che consentisse alla citt\u00e0 di vivere il Natale e di non sentirsi perennemente di serie \u201cB\u201d, sia perch\u00e9 commissariata ed orfana di una Amministrazione e di un assessorato che avessero voglia di investire in cultura, sia perch\u00e9 \u201cpovera\u201d di mezzi, nel senso pi\u00f9 francescano del termine: n\u00e9 padrini n\u00e9 padroni, ma tanta, tantissima umilt\u00e0 e buona volont\u00e0 ed un enorme rispetto per coloro che hanno avuto fiducia e si sono prestati con le <a title=\"san f neri\" href=\"https:\/\/www.flickr.com\/photos\/91470992@N02\/23359473473\/in\/dateposted-public\/\" data-flickr-embed=\"true\"><img loading=\"lazy\" decoding=\"async\" style=\"margin: 4px; float: right;\" src=\"https:\/\/farm2.staticflickr.com\/1663\/23359473473_c26fea8495.jpg\" alt=\"san f neri\" width=\"400\" height=\"274\" \/><\/a>loro opere &#8211; nel caso di artisti e scultori -, il loro talento &#8211; cantanti e musicisti &#8211; e con il loro esserci, il riferimento \u00e8 agli istituti <strong>Mazzini &#8211; C<\/strong><strong>arano e San Filippo Neri &#8211; Losapio<\/strong>, alle tante associazioni che hanno creato una cordata di attrazioni e collaborato volentieri per la buona riuscita della manifestazione.<\/p>\n<p style=\"margin-bottom: 0.0001pt; text-align: justify; line-height: normal;\">Tanti, tantissimi anche i commercianti che hanno creduto in questo progetto e promosso i loro prodotti\u2026 preziosa, infine, la collaborazione offerta dagli uffici comunali, solitamente vessati da proteste ed accusati di eccesso di burocrazia, in questa occasione meravigliosamente collaborativi.<\/p>\n<p style=\"margin-bottom: 0.0001pt; text-align: justify; line-height: normal;\">Il modo garbato di porsi di Barbara &#8211; conosciutissima e stimata sul territorio con gi\u00e0 numerose iniziative avviate con il suo centro<strong> \u201cRibelli con Stile\u201d<\/strong> &#8211; e di Gianna &#8211; silenziosa presenza che non passa inosservata per bellezza e sommessa dolcezza, dalla capigliatura fluente e piena di entusiasmo e progetti -,<a title=\"vespe\" href=\"https:\/\/www.flickr.com\/photos\/91470992@N02\/23986303015\/in\/dateposted-public\/\" data-flickr-embed=\"true\"><img loading=\"lazy\" decoding=\"async\" style=\"margin: 4px; float: left;\" src=\"https:\/\/farm2.staticflickr.com\/1694\/23986303015_7c77ccd145.jpg\" alt=\"vespe\" width=\"400\" height=\"300\" \/><\/a> ha fatto la differenza.<\/p>\n<p style=\"margin-bottom: 0.0001pt; text-align: justify; line-height: normal;\">Un garbo che si esprime anche sui social dove l\u2019associazione \u201cBisbiglii dell\u2019Anima\u201d ha ringraziato coloro che hanno visitato il borgo e tutti uno per uno postando foto e frasi traboccanti di riconoscenza, uno stile desueto ed una modalit\u00e0 comunicativa decisamente insolita, tenendo conto dell\u2019autoreferenzialit\u00e0 spesso dilagante in ambito associazionistico.<\/p>\n<p style=\"text-align: justify;\">Se anche qualche malinteso o disturbo c\u2019\u00e8 stato, con glamour le due organizzatrici hanno glissato, precisando che se non tutti gli artisti sono stati accolti &#8211; in particolare coloro che la mattina dell\u2019evento hanno chiesto di potersi posizionare scegliendo lo scorcio del Centro storico pi\u00f9 adatto, a loro avviso, ad ospitare le loro opere -, \u00e8 solo per correttezza nei confronti degli altri artisti che da due mesi collaboravano all\u2019iniziativa. Altrettanto dicasi per tutte le autorizzazioni necessarie, tutto in perfetto ordine, perch\u00e9 il rispetto delle regole \u00e8 tutela per se stessi e per coloro che aderiscono e ripongono fiducia nell\u2019organizzazione.<\/p>\n<p style=\"text-align: justify;\">Sia Gianna c<a title=\"ute\" href=\"https:\/\/www.flickr.com\/photos\/91470992@N02\/23878046922\/in\/dateposted-public\/\" data-flickr-embed=\"true\"><img loading=\"lazy\" decoding=\"async\" style=\"margin: 4px; float: right;\" src=\"https:\/\/farm6.staticflickr.com\/5789\/23878046922_2b60828511.jpg\" alt=\"ute\" width=\"400\" height=\"300\" \/><\/a>he Barbara hanno inoltre presidiato per due interi giorni le vie del borgo curando ogni dettaglio e cercando di prevenire qualunque problema o necessit\u00e0, portando le casette di legno di Noci, quelle in uso per \u201cBacco delle Gnostre\u201d, stand coperti ed altri sotto le stelle.<\/p>\n<p style=\"margin-bottom: 0.0001pt; text-align: justify; line-height: normal;\"><strong>UNA PASSEGGIATA NEL BORGO DI FEDERICO<\/strong><\/p>\n<p style=\"margin-bottom: 0.0001pt; text-align: justify; line-height: normal;\">E aggirarsi tra le vie del borgo, con ingresso in via Michele Petrera, a ridosso del <strong>Panta Rei,<\/strong> si \u00e8 rivelato davvero piacevole, complice anche il clima primaverile e l\u2019aria mite.<\/p>\n<p style=\"margin-bottom: 0.0001pt; text-align: justify; line-height: normal;\">Oltre alle gustosissime installazioni gastronomiche del <strong>Consorzio Caseario gioiese<\/strong>, di <strong>\u201cPanta Rei\u201d<\/strong>, dell\u2019<strong>Oleificio &#8211; frantoio \u201cMancino\u201d<\/strong>, i vini delle cantine <strong>\u201cTerra Jovia\u201d e \u201cPietraventosa\u201d<\/strong>, le prelibatezze del <strong>Panificio \u201cFiore\u201d<\/strong> e di <strong>\u201cAntichi sapori in tavola\u201d, la Trattoria \u201cPugliese\u201d, \u201cl\u2019Osteria del Borgo antico\u201d, <\/strong>la confetteria<strong> \u201cCuor di dolcezze\u201d, &#8220;You Pizza&#8221;, <\/strong>la pasticceria<strong> &#8220;Gran Cru&#8221;<\/strong> anche quelle di tanti artigiani con le loro originalissime composizioni.<\/p>\n<p style=\"text-align: justify;\">Dai bracciali alle l<a title=\"La casa del sorriso\" href=\"https:\/\/www.flickr.com\/photos\/91470992@N02\/23878055142\/in\/dateposted-public\/\" data-flickr-embed=\"true\"><img loading=\"lazy\" decoding=\"async\" style=\"margin: 4px; float: left;\" src=\"https:\/\/farm6.staticflickr.com\/5643\/23878055142_fcfcfe518e.jpg\" alt=\"La casa del sorriso\" width=\"400\" height=\"300\" \/><\/a>ampade fatte con forchette e cucchiai, ai pupazzi realizzati con vasi da fiori in terra colla, ed ancora le installazioni floreali di \u201cFiorarte\u201d in collaborazione con \u201cFlower show\u201d, i tanti bijoux confezionati con amore da<strong> Anna Barratta, Emanuela Paradiso ed A<strong>ntonia Mastromarino <\/strong><\/strong>che ha curato i contatti e gli inviti con gli artigiani, ed altri artisti creativi sparsi nel borgo con la loro colorata mercanzia.<\/p>\n<p style=\"text-align: justify;\">Vestiti in costume per ricordare Federico e i suoi fasti, <strong>Luca Cardetta e Marianna Liotino<\/strong> insieme ad altri figuranti si aggirano tra le bancarelle.<\/p>\n<p style=\"margin-bottom: 0.0001pt; text-align: justify; line-height: normal;\"><strong>LE SCUOLE MAZZINI E S. FILIPPO NERI<\/strong><\/p>\n<p style=\"margin-bottom: 0.0001pt; text-align: justify; line-height: normal;\">Molto belli gli stand delle scuole che hanno visto gli alunni e in alcuni casi anche i dirigenti &#8211; <strong>Antonio Pavone<\/strong> in primis &#8211; confezionare in \u201cdiretta\u201d sassi e cestini sotto la supervisione della pittrice <strong>Lea Gallizzi<\/strong>.<\/p>\n<p style=\"margin-bottom: 0.0001pt; text-align: justify; line-height: normal;\">Da sottolineare la bravura come venditori degli alunni della Mazzini, davvero molto compe<a title=\"mazzini 2\" href=\"https:\/\/www.flickr.com\/photos\/91470992@N02\/23878052842\/in\/dateposted-public\/\" data-flickr-embed=\"true\"><img loading=\"lazy\" decoding=\"async\" style=\"margin: 4px; float: right;\" src=\"https:\/\/farm2.staticflickr.com\/1688\/23878052842_2718d955e5.jpg\" alt=\"mazzini 2\" width=\"350\" height=\"467\" \/><\/a>tenti e convincenti nel promuovere piccoli capolavori di creativit\u00e0 &#8211; cestini e decorazioni per alberi in carta riciclata, cucchiai in legno trasformati in angeli con ali di foglie secche, sassi \u201cmantra\u201d, presepi di sassi, carta pesta, burattini, candele e centro tavola natalizi, cestini in plastica e pizzo, pendagli natalizi in terracotta, specchi ed alberelli\u2026.<\/p>\n<p style=\"margin-bottom: 0.0001pt; text-align: justify; line-height: normal;\">\u201cIl ricavo delle offerte &#8211; precisa Lea Gallizzi &#8211; sar\u00e0 utilizzato per acquistare tele e materiale in uso per il laboratorio d\u2019Arte della Mazzini.<\/p>\n<p style=\"margin-bottom: 0.0001pt; text-align: justify; line-height: normal;\">Gettonatissimo anche lo stand della San Filippo Neri, con angeli in pasta di mais, icone bizantine, decoupage ed altri oggetti curati da <strong>Antonella Mancino<\/strong> e promossi dagli alunni delle maestre <strong>Rosalia Putignano, Sara Nico e Pina Eramo<\/strong>.<\/p>\n<p style=\"margin-bottom: 0.0001pt; text-align: justify; line-height: normal;\">Altro luogo magico, <strong>\u201cLa casa del sorriso\u201d<\/strong>, associazione culturale creata da <strong>Annalia Benedetto<\/strong> e sostenuta dagli amici di <strong>Domenico<\/strong> <strong> Digregorio<\/strong> per realizzare alcuni dei suoi sogni e vincere il buio della sua assenza con luminosi sorrisi e tanta luce. Curano il progetto \u201c\u2026 Per celebrare la gloria dei vinti\u201d l\u2019animatrice <strong>Viviana Basile<\/strong>, la docente <strong>Marianna Lacarbonara<\/strong> e la scrittrice <strong>Chiara Curione<\/strong> i cui libri su Federico II hanno ispirato le frasi scritte dagli studenti e stampate sui segnalibri splendidamente illustrati dagli studenti del laboratorio di scrittura creativa ospitato presso i locali della Parrocchia Santa Lucia.<\/p>\n<p style=\"margin-bottom: 0.0001pt; text-align: justify; line-height: normal;\"><strong>IN SCENA TEATRO, MUSICA E\u2026 ASSOCIAZIONI<\/strong><\/p>\n<p style=\"margin-bottom: 0.0001pt; text-align: justify; line-height: normal;\">La Proloco e \u201cTeatralmente Gioia\u201d hanno messo in scena nella Chiesa di Sant\u2019Andrea l\u2019intervista a Federico II di Camilleri, molto curati gli effetti scenici e audio, eccezionale la recitazione di <strong>Antonio Surico<\/strong> intervistato eccezionalmente da <strong>Alessia Surico<\/strong>, regia di <strong>Augusto Angellillo<\/strong> e tecnici <strong>Luca Pavone e Mattia Angelillo<\/strong>. Nella stessa chiesa gentilmente messa a disposizione da don <strong>Tonino Posa<\/strong> e dalla Confraternita dell<a title=\"mastromarino\" href=\"https:\/\/www.flickr.com\/photos\/91470992@N02\/23903746451\/in\/dateposted-public\/\" data-flickr-embed=\"true\"><img loading=\"lazy\" decoding=\"async\" style=\"margin: 4px; float: left;\" src=\"https:\/\/farm2.staticflickr.com\/1680\/23903746451_e5fc2ee428.jpg\" alt=\"mastromarino\" width=\"400\" height=\"370\" \/><\/a>\u2019Immacolata diretta da <strong>Maria Teresa Tracquilio<\/strong>, si era poche ore prima esibita in canti natalizi la Corale Polifonica della San Filippo Neri, diretta da <strong>Antonella Gisotti<\/strong>, con le sue angeliche voci bianche.<\/p>\n<p style=\"margin-bottom: 0.0001pt; text-align: justify; line-height: normal;\">E la musica ha animato archi e vie dei borghi. Ne ha curato la direzione artistica <strong>Claudio Santorelli<\/strong>. Nell\u2019Arco Nardulli si \u00e8 esibita <strong>Marianna Milano<\/strong> accompagnata dalla sua band, nell\u2019Arco di Costantinopoli <strong>Giorgia e Pasquale Petrera<\/strong> con chitarra e banjo, in via Piottola <strong>Angelica e Giuseppe Mastromarino<\/strong>, ed ancora nell\u2019Arco Nardulli hanno cantato <strong>Miriam Romano e Giuseppe Milano<\/strong>.<\/p>\n<p style=\"margin-bottom: 0.0001pt; text-align: justify; line-height: normal;\">Per le strade in esposizione i lavori dello scultore <strong>Mario Vacca<\/strong> che in meno di due mesi ha scolpito un vero esercito di Carabinieri dai volti tagliati con la sega elettrica (nessun errore \u00e8 concesso con questo strumento) o segmentati dalle sgorbie, decorati e posti in bella mostra a presidiare bottega e borgo. Quindi lungo le vie dell\u2019Arte le opere della bottega di <strong>Sergio Gatti <\/strong>e dei suoi \u201cdiscepoli\u201d, perch\u00e9 oltre l\u2019arte c\u2019\u00e8 anche una filosofia di vita che il Maestro trasmette ai suoi corsisti, quelle di <strong>Antonella Lozito, Maria Teresa Romano, Mimmo Milano<\/strong> e Spazio UnoTre di <strong>Mari<\/strong><strong>o Pugliese<\/strong>, per l\u2019occasione aperto a tutti.<\/p>\n<p style=\"margin-bottom: 0.0001pt; text-align: justify; line-height: normal;\">Per i pi\u00f9 piccoli Minnie e Topolino e la casa di babbo Natale dell\u2019<strong>Associazione \u201cDon Tonino Bello\u201d<\/strong>, tantissimi Babbo Natale in vespa pronti a portare i loro regali per il paese, artisti di strada in grado di imprigionare <a title=\"presepe del signor Abbinante\" href=\"https:\/\/www.flickr.com\/photos\/91470992@N02\/23618439119\/in\/dateposted-public\/\" data-flickr-embed=\"true\"><img loading=\"lazy\" decoding=\"async\" style=\"margin: 4px; float: right;\" src=\"https:\/\/farm6.staticflickr.com\/5762\/23618439119_f65415aee4.jpg\" alt=\"presepe del signor Abbinante\" width=\"400\" height=\"300\" \/><\/a>in una bolla di sapone i pi\u00f9 coraggiosi ed il magnifico presepe del signor <strong>Mic<\/strong><strong>hele Abbinante<\/strong>, tra sabbia, dune e luci suggestive.<\/p>\n<p style=\"text-align: justify;\">Nella <strong>Cantina Mastrangelo<\/strong> l\u2019allestimento dell\u2019<strong>Universit\u00e0 della Terza Et\u00e0<\/strong> ha davvero incantato\u2026 una full immersion nel recente passato, con orecchiette e cavatelli \u201ccavati\u201d a mano e con il coltello, tombolo e chiacchierino, ricami a mezzo punto e in filet all\u2019uncinetto, confezionati dal vivo. Un caminetto acceso e l\u2019immancabile \u201cbraciere\u201d, scialli, sottane e mutandoni ricamati e tanta allegria\u2026 Per i visitatori arance, mandarini, uva, castagne e pettole appena fritte e del buon vino, per i soci zuppe calde offerte dallo <strong>chef Luciano<\/strong> della trattoria <strong>\u201cDai Bizantini\u201d<\/strong>.<\/p>\n<p style=\"margin-bottom: 0.0001pt; text-align: justify; line-height: normal;\">Ad accogliere amici e curiosi un sorriso e tanto calore, oltre che i profumi di una volta, con le bucce di agrumi e castagne lanciate nel caminetto acceso.<\/p>\n<p style=\"margin-bottom: 0.0001pt; text-align: justify; line-height: normal;\">Uno stand si \u00e8 distinto tra gli altri per l\u2019insolita\u2026 promozione, quel tantino fuori posto in un contesto federiciano, eppur territoriale sia per appartenenza che per presenza nei cieli: quello del <strong>36\u00b0 Stormo<\/strong> sotto il comando di Andrea Fazi e presidiato dal ten<a title=\"luciano della locanda dei bizantini\" href=\"https:\/\/www.flickr.com\/photos\/91470992@N02\/23618445049\/in\/dateposted-public\/\" data-flickr-embed=\"true\"><img loading=\"lazy\" decoding=\"async\" style=\"margin: 4px; float: left;\" src=\"https:\/\/farm6.staticflickr.com\/5643\/23618445049_4d8bd83f5e.jpg\" alt=\"luciano della locanda dei bizantini\" width=\"400\" height=\"300\" \/><\/a>. col. <strong>Luigi Roberto<\/strong>, dal luogotenente <strong>L<\/strong><strong>ondino<\/strong>, dal P.M. <strong>Destradis<\/strong> e dagli allievi scelti <strong>Rizzi, Angelillo e Marica Panessa<\/strong>.<\/p>\n<p style=\"text-align: justify;\"><span style=\"font-weight: normal;\">In piazza altri pi\u00f9 ingom<\/span><span style=\"font-weight: normal;\">branti intrattenimenti: <strong>la scuderia &#8220;Spirito Libero&#8221;<\/strong> ha allestito un recinto con balle di fieno e transenne entro il quale due splendidi pony hanno scarrozzato centinaia di bambini tenuti al battesimo della sella, ad accompagnarli il titolare della Scuderia <\/span><strong>Mario Mastromarino<\/strong><span style=\"font-weight: normal;\">, sua figlia <\/span><strong>Deborah<\/strong> e <strong>Angelita Ludovico<\/strong><span style=\"font-weight: normal;\">. A dar spettacolo <\/span><strong>Giuseppe Colapinto<\/strong><span style=\"font-weight: normal;\">, spettacolare addestratore di cavalli di cui abbiamo raccontato le gesta eroiche su GioiaNet (<\/span><a href=\"attualita\/11251-a-spirito-libero-fantastici-spettacoli-equestri-foto.html\"><span style=\"color: blue; font-weight: normal;\">A \u201cSPIRITO LIBERO\u201d FANTASTICI SPETTACOLI EQUESTRI-foto<\/span><\/a><span style=\"font-weight: normal;\">) e su \u201cla voce del paese\u201d in quel di Verona, in occasione della Fiera Cavalli che ha visto <strong>Bartolo Messina<\/strong> complimentarsi con il giovane talento gioiese. Nella mattinata di domenica la Scuderia \u201cSpirito libero\u201d ha portato per Gioia in parata i magnifici suoi destrieri e tante altre sorprese ci riserver\u00e0 il nuovo anno su questa bella realt\u00e0 a due passi da Gioia, in via Putignano. <\/span><\/p>\n<p style=\"margin: 0cm 0cm 0.0001pt; text-align: justify;\"><span style=\"font-weight: normal;\">Nella stessa piazza si sono esibite puntualissime le ballerine del <strong>\u201cLaboratorio del <\/strong><\/span><strong><a title=\"Marianna Milano\" href=\"https:\/\/www.flickr.com\/photos\/91470992@N02\/23359479743\/in\/dateposted-public\/\" data-flickr-embed=\"true\"><img loading=\"lazy\" decoding=\"async\" style=\"margin: 4px; float: right;\" src=\"https:\/\/farm6.staticflickr.com\/5667\/23359479743_af076b5da3.jpg\" alt=\"Marianna Milano\" width=\"400\" height=\"342\" \/><\/a><\/strong><span style=\"font-weight: normal;\"><strong>Movimento\u201d<\/strong> di <\/span><strong>Mirella Resta<\/strong><span style=\"font-weight: normal;\">.<\/span><\/p>\n<p style=\"margin: 0cm 0cm 0.0001pt; text-align: justify;\"><span style=\"font-weight: normal;\">Un grazie Barbara<\/span><span style=\"font-weight: normal;\"> Baldari e Gianna De Bellis lo riservano anche alla Virgo Fidelis che ha vigilato sugli stand nella notte tra il 19 ed il 20 dicembre, consentendo a tutti sonni tranquilli.<\/span><\/p>\n<p style=\"text-align: justify;\">\u201cGrazie a tutto il paese per aver contribuito al successo dell&#8217;evento &#8211; concludono le organizzatrici -. Il nostro paese \u00e8 all&#8217;altezza di tutti gli altri Comuni circostanti e terremo alto il nostro nome come \u00e8 giusto. Abbiamo mille risorse, mille bellezze e tanta bella gente capace di fare e crear<span>e. <span>Essere solidali e non cedere al momento difficile che si vive \u00e8 importante. Alla fine il segreto \u00e8 viverlo come una sfida \u00e8 dare il meglio di s\u00e9!\u201d E possiamo con certezza affermare che la sfida \u00e8 stata vinta! [Foto Mimmo Castellaneta, Fabio Guliersi e Bisbiglii dell\u2019Anima]<\/span><\/span><\/p>\n<div><span style=\"font-weight: normal;\"><a href=\"https:\/\/www.facebook.com\/ibisbigliidellanima\/videos\/1710204375881011\/?theater\">https:\/\/www.facebook.com\/ibisbigliidellanima\/videos\/1710204375881011\/?theater<\/a><\/span><\/div>\n<div><span style=\"font-weight: normal;\"><a href=\"https:\/\/www.facebook.com\/ibisbigliidellanima\/videos\/1709897142578401\/?theater\">https:\/\/www.facebook.com\/ibisbigliidellanima\/videos\/1709897142578401\/?theater<\/a> <\/span><\/div>\n<div><span style=\"font-weight: normal;\"><a href=\"https:\/\/www.facebook.com\/ibisbigliidellanima\/videos\/1709857182582397\/?theater\">https:\/\/www.facebook.com\/ibisbigliidellanima\/videos\/1709857182582397\/?theater<\/a><\/span><\/div>\n<div><span style=\"font-weight: normal;\"><br \/> <\/span><\/div>\n<p>\n<object data=\"https:\/\/photos.gstatic.com\/media\/slideshow.swf\" type=\"application\/x-shockwave-flash\" width=\"640\" height=\"480\"><param name=\"flashvars\" value=\"host=picasaweb.google.com&amp;hl=it&amp;feat=flashalbum&amp;RGB=0x000000&amp;feed=https%3A%2F%2Fpicasaweb.google.com%2Fdata%2Ffeed%2Fapi%2Fuser%2F104626251937098962566%2Falbumid%2F6232637850179723809%3Falt%3Drss%26kind%3Dphoto%26hl%3Dit\" \/><param name=\"movie\" value=\"https:\/\/photos.gstatic.com\/media\/slideshow.swf\" \/><\/object><\/p>\n<p><object data=\"https:\/\/photos.gstatic.com\/media\/slideshow.swf\" type=\"application\/x-shockwave-flash\" width=\"640\" height=\"480\"><param name=\"flashvars\" value=\"host=picasaweb.google.com&amp;hl=it&amp;feat=flashalbum&amp;RGB=0x000000&amp;feed=https%3A%2F%2Fpicasaweb.google.com%2Fdata%2Ffeed%2Fapi%2Fuser%2F104626251937098962566%2Falbumid%2F6232695580636192993%3Falt%3Drss%26kind%3Dphoto%26hl%3Dit\" \/><param name=\"movie\" value=\"https:\/\/photos.gstatic.com\/media\/slideshow.swf\" \/><\/object><\/p>\n<p><object data=\"https:\/\/photos.gstatic.com\/media\/slideshow.swf\" type=\"application\/x-shockwave-flash\" width=\"640\" height=\"480\"><param name=\"flashvars\" value=\"host=picasaweb.google.com&amp;hl=it&amp;feat=flashalbum&amp;RGB=0x000000&amp;feed=https%3A%2F%2Fpicasaweb.google.com%2Fdata%2Ffeed%2Fapi%2Fuser%2F104626251937098962566%2Falbumid%2F6232722564991432113%3Falt%3Drss%26kind%3Dphoto%26hl%3Dit\" \/><param name=\"movie\" value=\"https:\/\/photos.gstatic.com\/media\/slideshow.swf\" \/><\/object><\/p>\n","protected":false},"excerpt":{"rendered":"","protected":false},"author":1,"featured_media":0,"comment_status":"open","ping_status":"closed","sticky":false,"template":"","format":"standard","meta":{"colormag_page_container_layout":"default_layout","colormag_page_sidebar_layout":"default_layout","footnotes":""},"categories":[7],"tags":[],"class_list":["post-50811","post","type-post","status-publish","format-standard","hentry","category-attualita"],"_links":{"self":[{"href":"https:\/\/archiviogioia.lavocedelpaese.info\/index.php?rest_route=\/wp\/v2\/posts\/50811","targetHints":{"allow":["GET"]}}],"collection":[{"href":"https:\/\/archiviogioia.lavocedelpaese.info\/index.php?rest_route=\/wp\/v2\/posts"}],"about":[{"href":"https:\/\/archiviogioia.lavocedelpaese.info\/index.php?rest_route=\/wp\/v2\/types\/post"}],"author":[{"embeddable":true,"href":"https:\/\/archiviogioia.lavocedelpaese.info\/index.php?rest_route=\/wp\/v2\/users\/1"}],"replies":[{"embeddable":true,"href":"https:\/\/archiviogioia.lavocedelpaese.info\/index.php?rest_route=%2Fwp%2Fv2%2Fcomments&post=50811"}],"version-history":[{"count":0,"href":"https:\/\/archiviogioia.lavocedelpaese.info\/index.php?rest_route=\/wp\/v2\/posts\/50811\/revisions"}],"wp:attachment":[{"href":"https:\/\/archiviogioia.lavocedelpaese.info\/index.php?rest_route=%2Fwp%2Fv2%2Fmedia&parent=50811"}],"wp:term":[{"taxonomy":"category","embeddable":true,"href":"https:\/\/archiviogioia.lavocedelpaese.info\/index.php?rest_route=%2Fwp%2Fv2%2Fcategories&post=50811"},{"taxonomy":"post_tag","embeddable":true,"href":"https:\/\/archiviogioia.lavocedelpaese.info\/index.php?rest_route=%2Fwp%2Fv2%2Ftags&post=50811"}],"curies":[{"name":"wp","href":"https:\/\/api.w.org\/{rel}","templated":true}]}}