{"id":5083,"date":"2010-10-13T05:42:32","date_gmt":"2010-10-13T05:42:32","guid":{"rendered":"https:\/\/archiviogioia.lavocedelpaese.info\/?p=5083"},"modified":"2010-10-13T05:42:32","modified_gmt":"2010-10-13T05:42:32","slug":"lame-di-peucetia-insieme-per-valorizzare-un-territorio-comune","status":"publish","type":"post","link":"https:\/\/archiviogioia.lavocedelpaese.info\/?p=5083","title":{"rendered":"\u201cLAME DI PEUCETIA\u201d: COME VALORIZZARE IL TERRITORIO"},"content":{"rendered":"<p><img loading=\"lazy\" decoding=\"async\" class=\" size-full wp-image-5079\" alt=\"forum-pist-pp\" src=\"https:\/\/archiviogioia.lavocedelpaese.info\/wp-content\/uploads\/2010\/10\/forum-pist-pp.jpg\" width=\"320\" height=\"150\" srcset=\"https:\/\/archiviogioia.lavocedelpaese.info\/wp-content\/uploads\/2010\/10\/forum-pist-pp.jpg 640w, https:\/\/archiviogioia.lavocedelpaese.info\/wp-content\/uploads\/2010\/10\/forum-pist-pp-300x141.jpg 300w\" sizes=\"auto, (max-width: 320px) 100vw, 320px\" \/> <\/p>\n<p><!--more--><\/p>\n<p><\/p>\n<p style=\"text-align: justify;\"><strong><img loading=\"lazy\" decoding=\"async\" class=\" alignleft size-full wp-image-3291\" style=\"margin: 4px; float: left;\" alt=\"PIST-forum-invito\" src=\"https:\/\/archiviogioia.lavocedelpaese.info\/wp-content\/uploads\/2010\/07\/PIST-forum-invito.jpg\" width=\"255\" height=\"120\" srcset=\"https:\/\/archiviogioia.lavocedelpaese.info\/wp-content\/uploads\/2010\/07\/PIST-forum-invito.jpg 320w, https:\/\/archiviogioia.lavocedelpaese.info\/wp-content\/uploads\/2010\/07\/PIST-forum-invito-300x141.jpg 300w\" sizes=\"auto, (max-width: 255px) 100vw, 255px\" \/>Tocca a Gioia del Colle, nel pomeriggio di marted\u00ec 12 ottobre, ospitare<\/strong>, nella saletta civica del palazzo municipale, <strong>il terzo forum <\/strong>propedeutico alla redazione del <strong>Piano Integrato di Sviluppo Territoriale \u201cLame di Peucetia\u201d<\/strong>, interessante strumento di valorizzazione del territorio di cui Gioia, insieme ai Comuni di Turi (capofila), Casamassima e Sammichele, intende dotarsi.<\/p>\n<div style=\"text-align: justify;\"><\/div>\n<p style=\"text-align: justify;\"><strong>Ad aprire l\u2019incontro \u00e8 il sindaco Piero Lo<\/strong><strong><img loading=\"lazy\" decoding=\"async\" class=\" alignright size-full wp-image-5080\" style=\"margin: 4px; float: right;\" alt=\"intervento-sindaco\" src=\"https:\/\/archiviogioia.lavocedelpaese.info\/wp-content\/uploads\/2010\/10\/intervento-sindaco.jpg\" width=\"250\" height=\"187\" \/><\/strong><strong>ngo <\/strong>che, dato il benvenuto ai presenti, sottolinea quanto sia importante e proficuo che Comuni limitrofi collaborino in vista di un obiettivo comune, con tutti i vantaggi che da questa congiunzione possono derivarne.<\/p>\n<div style=\"text-align: justify;\"><\/div>\n<p style=\"text-align: justify;\">A seguito, <strong>l\u2019architetto Pietro Paolo chiarisce al pubblico in cosa consista esattamente il PIST<\/strong>, ponendo anch\u2019egli l\u2019accento sull\u2019integrazione delle quattro Amministrazioni, che decidono di mettere a sistema le proprie forze e le proprie risorse per <strong>rendere il territorio comune pi\u00f9 ricco di opportunit\u00e0 che di criticit\u00e0<\/strong>. Criticit\u00e0 che devono necessariamente essere rese visibili perch\u00e9 vengano gradualmente eliminate.<\/p>\n<div style=\"text-align: justify;\"><\/div>\n<p style=\"text-align: justify;\"><strong>Fondamentale<\/strong>, in questo, <strong>\u00e8 il ruolo degli stessi cittadini, caldamente invitati dal<\/strong><strong>le Amministrazioni Comunali ad esporre problemi <\/strong>e<strong> per<\/strong><img loading=\"lazy\" decoding=\"async\" class=\" alignleft size-full wp-image-5081\" style=\"margin: 4px; float: left;\" alt=\"intervento-pietro-paolo\" src=\"https:\/\/archiviogioia.lavocedelpaese.info\/wp-content\/uploads\/2010\/10\/intervento-pietro-paolo.jpg\" width=\"250\" height=\"187\" srcset=\"https:\/\/archiviogioia.lavocedelpaese.info\/wp-content\/uploads\/2010\/10\/intervento-pietro-paolo.jpg 378w, https:\/\/archiviogioia.lavocedelpaese.info\/wp-content\/uploads\/2010\/10\/intervento-pietro-paolo-300x225.jpg 300w\" sizes=\"auto, (max-width: 250px) 100vw, 250px\" \/><strong>plessit\u00e0<\/strong>, nonch\u00e9 a fare presente i <strong>bisogni<\/strong> del territorio circostante, ma anche <strong>ad esprimersi riguardo idee e progetti che ne possano valorizzare le potenzialit\u00e0<\/strong>.<\/p>\n<div style=\"text-align: justify;\"><\/div>\n<p style=\"text-align: justify;\"><strong>Uno degli obiettivi del PI<\/strong><strong>ST \u00e8<\/strong>, quindi, <strong>quello di guardare da un\u2019ottica diversa il rapporto dei cittadini con il territorio, <\/strong>rendendoli partecipi della sua rigenerazione, mediante l\u2019informazione, ma soprattutto attraverso l\u2019elaborazione, la discussione e la pianificazione di strategie attuabili e condivise.<\/p>\n<div style=\"text-align: justify;\"><\/div>\n<p style=\"text-align: justify;\"><strong>Rigenerazione<\/strong>, dunque,<strong> \u00e8 la parola chiave del Piano<\/strong>, che si pone lo scopo ultimo di<strong> contrastare il degrado delle citt\u00e0 e del territorio <\/strong>per <strong>valorizzarne gli elementi naturali e ambientali<\/strong>. Nel mirino dell\u2019attenzione vi sono i paesaggi produttivi delle campagne e <strong>gli attraversamenti rurali che li legano, nonch\u00e9 i cosiddetti \u201ccorridoi <\/strong><strong><img loading=\"lazy\" decoding=\"async\" class=\" alignright size-full wp-image-5082\" style=\"margin: 4px; float: right;\" alt=\"pubblico-pist\" src=\"https:\/\/archiviogioia.lavocedelpaese.info\/wp-content\/uploads\/2010\/10\/pubblico-pist.jpg\" width=\"200\" height=\"267\" srcset=\"https:\/\/archiviogioia.lavocedelpaese.info\/wp-content\/uploads\/2010\/10\/pubblico-pist.jpg 378w, https:\/\/archiviogioia.lavocedelpaese.info\/wp-content\/uploads\/2010\/10\/pubblico-pist-225x300.jpg 225w\" sizes=\"auto, (max-width: 200px) 100vw, 200px\" \/><\/strong><strong>ecologici\u201d delle lame San Giorgio e Giotta<\/strong>, sistemi naturali di regimentazione idraulica, ma anche <strong>centri storici e urbani<\/strong>, <strong>beni culturali<\/strong>, <strong>aree rurali<\/strong> e <strong>masserie<\/strong>, <strong>discariche abusive<\/strong> e, ancora, le <strong>piccole aziende locali<\/strong>, <strong>l\u2019artigianato legato al territorio<\/strong>, l\u2019<strong>agricoltura e il turismo<\/strong>.<\/p>\n<div style=\"text-align: justify;\"><\/div>\n<p style=\"text-align: justify;\">Si vuole, infatti, <strong>costruire un\u2019immagine del territorio che risulti singolare e attrattiva per i turisti <\/strong>e che sia in grado di veicolare al meglio l\u2019immagine dei prodotti tipici. <strong>Valorizzare<\/strong> <strong>congiuntamente<\/strong> <strong>le risorse economiche, sociali, culturali e ambientali del territorio<\/strong>: questo, in definitiva, l\u2019obiettivo del PIST.<\/p>\n<div style=\"text-align: justify;\"><\/div>\n<p style=\"text-align: justify;\"><strong>Un progetto di promozione e sviluppo <\/strong>sicuramente lodevole, <strong>la cui riuscita dipender\u00e0 anche dal grado di coinvolgimento e di partecipazione dei cittadini<\/strong>, che avranno modo di mettere alla prova la propria capacit\u00e0 propositiva nell\u2019individuare azioni funzionali al raggiungimento degli obiettivi sopra elencati.<\/p>\n<div style=\"text-align: justify;\"><\/div>\n<p style=\"text-align: justify;\"><strong>Agire mettendo a sistema le proprie qualit\u00e0<\/strong> sembra, dunque, <strong>il metodo pi\u00f9 efficiente per fornire soluzioni<\/strong> puntuali e concrete alle diverse problematiche legate al nostro territorio, non privo di criticit\u00e0, ma anche ricco di potenzialit\u00e0 non indifferenti.<\/p>\n","protected":false},"excerpt":{"rendered":"","protected":false},"author":1,"featured_media":5079,"comment_status":"open","ping_status":"closed","sticky":false,"template":"","format":"standard","meta":{"colormag_page_container_layout":"default_layout","colormag_page_sidebar_layout":"default_layout","footnotes":""},"categories":[4],"tags":[],"class_list":["post-5083","post","type-post","status-publish","format-standard","has-post-thumbnail","hentry","category-politica"],"_links":{"self":[{"href":"https:\/\/archiviogioia.lavocedelpaese.info\/index.php?rest_route=\/wp\/v2\/posts\/5083","targetHints":{"allow":["GET"]}}],"collection":[{"href":"https:\/\/archiviogioia.lavocedelpaese.info\/index.php?rest_route=\/wp\/v2\/posts"}],"about":[{"href":"https:\/\/archiviogioia.lavocedelpaese.info\/index.php?rest_route=\/wp\/v2\/types\/post"}],"author":[{"embeddable":true,"href":"https:\/\/archiviogioia.lavocedelpaese.info\/index.php?rest_route=\/wp\/v2\/users\/1"}],"replies":[{"embeddable":true,"href":"https:\/\/archiviogioia.lavocedelpaese.info\/index.php?rest_route=%2Fwp%2Fv2%2Fcomments&post=5083"}],"version-history":[{"count":0,"href":"https:\/\/archiviogioia.lavocedelpaese.info\/index.php?rest_route=\/wp\/v2\/posts\/5083\/revisions"}],"wp:featuredmedia":[{"embeddable":true,"href":"https:\/\/archiviogioia.lavocedelpaese.info\/index.php?rest_route=\/wp\/v2\/media\/5079"}],"wp:attachment":[{"href":"https:\/\/archiviogioia.lavocedelpaese.info\/index.php?rest_route=%2Fwp%2Fv2%2Fmedia&parent=5083"}],"wp:term":[{"taxonomy":"category","embeddable":true,"href":"https:\/\/archiviogioia.lavocedelpaese.info\/index.php?rest_route=%2Fwp%2Fv2%2Fcategories&post=5083"},{"taxonomy":"post_tag","embeddable":true,"href":"https:\/\/archiviogioia.lavocedelpaese.info\/index.php?rest_route=%2Fwp%2Fv2%2Ftags&post=5083"}],"curies":[{"name":"wp","href":"https:\/\/api.w.org\/{rel}","templated":true}]}}