{"id":50835,"date":"2015-12-29T08:07:48","date_gmt":"2015-12-29T08:07:48","guid":{"rendered":"https:\/\/archiviogioia.lavocedelpaese.info\/?p=50835"},"modified":"2015-12-29T08:07:48","modified_gmt":"2015-12-29T08:07:48","slug":"sic-e-rossini-ricco-calendario-di-proposte-formative","status":"publish","type":"post","link":"https:\/\/archiviogioia.lavocedelpaese.info\/?p=50835","title":{"rendered":"SIC E ROSSINI. RICCO CALENDARIO DI PROPOSTE FORMATIVE"},"content":{"rendered":"<p><a title=\"Michele-Marzella\" href=\"https:\/\/www.flickr.com\/photos\/91470992@N02\/23674604289\/in\/dateposted-public\/\" data-flickr-embed=\"true\"><img loading=\"lazy\" decoding=\"async\" style=\"display: block; margin-left: auto; margin-right: auto;\" src=\"https:\/\/farm6.staticflickr.com\/5836\/23674604289_4f376128d2_o.jpg\" alt=\"Michele-Marzella\" width=\"320\" height=\"240\" \/><\/a><\/p>\n<p><!--more--><\/p>\n<p style=\"text-align: justify;\"><a title=\"locandina-Come-Fiori\" href=\"https:\/\/www.flickr.com\/photos\/91470992@N02\/24042440225\/in\/dateposted-public\/\" data-flickr-embed=\"true\"><img loading=\"lazy\" decoding=\"async\" style=\"margin: 4px; float: left;\" src=\"https:\/\/farm6.staticflickr.com\/5647\/24042440225_7ba251cd66_o.jpg\" alt=\"locandina-Come-Fiori\" width=\"350\" height=\"510\" \/><\/a><span><em><span style=\"font-style: normal;\">\u201cL\u2019<strong>associazione culturale Sic! ProgettAzioni Culturali <\/strong>inaugura il 2016 con un ricco calendario di proposte formative sviluppate in sinergia con il Teatro Comunale Rossini di Gioia del Colle (di cui \u00e8 partner tecnico per la stagione teatrale 2015\/2016), Palazzo Romano Eventi e Laboratorio Urbano Bande\u00e0part di Gioia del Colle.<\/span><\/em><\/span><\/p>\n<p style=\"text-align: justify;\"><span><em><span style=\"font-style: normal;\">Si inizia il 13 e 14 gennaio con <\/span><\/em><strong>NEL RESPIRO<\/strong><em><span style=\"font-style: normal;\">, workshop intensivo sul respiro consapevole particolarmente indicato per musicisti, attori e cantanti ma rivolto a chiunque voglia migliorarsi prendendo consapevolezza del proprio respiro, imparando a potenziarlo e canalizzarlo nel ritmo e nel suono per liberarsi delle ansie del quotidiano e rilassare la mente. Il workshop sar\u00e0 condotto dal polistrumentista Michele Jamil Marzella, direttore e compositore dell\u2019Improbabilband, che proprio sulla meditazione ed il respiro ha fondato il suo metodo di studio e il suo approccio allo strumento, dopo aver forgiato la sua ricerca musicale in Tibet.<\/span><\/em><\/span><\/p>\n<p style=\"text-align: justify;\"><span><em><span style=\"font-style: normal;\">Si continua il 18 gennaio con il primo appuntamento di <\/span><\/em><strong>COME FIORI<\/strong><em><span style=\"font-style: normal;\">, un\u2019antologia vivente che parla di arti visive in soggettiva. Un ciclo di cinque appuntamenti, tra arte contemporanea e fotografia, in cui i protagonisti (Pierluca Cetera, Iginio Iurilli, Marcello Carrozzo, Pierpaolo Miccolis e Dario Agrimi) dialogheranno con il pubblico raccontando il loro percorso artistico ed umano con interventi multidisciplinari a sorpresa.<\/span><\/em><i><\/i><\/span><\/p>\n<p style=\"text-align: justify;\"><span><em><span style=\"font-style: normal;\">Infine, a partire dal 26 gennaio, sar\u00e0 attivato <\/span><\/em><span><strong>GRAMMATICA DELLA LUCE<\/strong><em><span style=\"font-style: normal;\">, corso di 40 ore di illuminotecnica teatrale e primo concreto step di un percorso di formazione e approfondimento pi\u00f9 ampio, rivolto in particolare a chi gi\u00e0 opera nel settore ma aperto a chiunque abbia la curiosit\u00e0 di scoprire come funzionano i lavori &#8220;dietro le quinte&#8221; o sia in cerca di valide alternative professionali. Perch\u00e8 uno spettacolo nasce grazie alle competenze di pi\u00f9 figure professionali, non solo quelle che si vedono sulla scena\u201d. <\/span><\/em><\/span><\/span><\/p>\n<div style=\"text-align: right;\" align=\"right\">Anna Maria Stasi<\/div>\n<div style=\"text-align: right;\" align=\"right\"><strong><i>SIC! ProgettAzioni Culturali<\/i><\/strong><\/div>\n<p><iframe loading=\"lazy\" src=\"\/\/www.slideshare.net\/slideshow\/embed_code\/key\/LdlS2C0260jfy\" marginwidth=\"0\" marginheight=\"0\" scrolling=\"no\" width=\"660\" height=\"714\" allowfullscreen=\"allowfullscreen\" style=\"BORDER-BOTTOM: #ccc 1px solid; BORDER-LEFT: #ccc 1px solid; MAX-WIDTH: 100%; MARGIN-BOTTOM: 5px; BORDER-TOP: #ccc 1px solid; BORDER-RIGHT: #ccc 1px solid\"><\/iframe><\/p>\n","protected":false},"excerpt":{"rendered":"","protected":false},"author":1,"featured_media":0,"comment_status":"open","ping_status":"closed","sticky":false,"template":"","format":"standard","meta":{"colormag_page_container_layout":"default_layout","colormag_page_sidebar_layout":"default_layout","footnotes":""},"categories":[7],"tags":[],"class_list":["post-50835","post","type-post","status-publish","format-standard","hentry","category-attualita"],"_links":{"self":[{"href":"https:\/\/archiviogioia.lavocedelpaese.info\/index.php?rest_route=\/wp\/v2\/posts\/50835","targetHints":{"allow":["GET"]}}],"collection":[{"href":"https:\/\/archiviogioia.lavocedelpaese.info\/index.php?rest_route=\/wp\/v2\/posts"}],"about":[{"href":"https:\/\/archiviogioia.lavocedelpaese.info\/index.php?rest_route=\/wp\/v2\/types\/post"}],"author":[{"embeddable":true,"href":"https:\/\/archiviogioia.lavocedelpaese.info\/index.php?rest_route=\/wp\/v2\/users\/1"}],"replies":[{"embeddable":true,"href":"https:\/\/archiviogioia.lavocedelpaese.info\/index.php?rest_route=%2Fwp%2Fv2%2Fcomments&post=50835"}],"version-history":[{"count":0,"href":"https:\/\/archiviogioia.lavocedelpaese.info\/index.php?rest_route=\/wp\/v2\/posts\/50835\/revisions"}],"wp:attachment":[{"href":"https:\/\/archiviogioia.lavocedelpaese.info\/index.php?rest_route=%2Fwp%2Fv2%2Fmedia&parent=50835"}],"wp:term":[{"taxonomy":"category","embeddable":true,"href":"https:\/\/archiviogioia.lavocedelpaese.info\/index.php?rest_route=%2Fwp%2Fv2%2Fcategories&post=50835"},{"taxonomy":"post_tag","embeddable":true,"href":"https:\/\/archiviogioia.lavocedelpaese.info\/index.php?rest_route=%2Fwp%2Fv2%2Ftags&post=50835"}],"curies":[{"name":"wp","href":"https:\/\/api.w.org\/{rel}","templated":true}]}}