{"id":51048,"date":"2016-01-25T09:39:38","date_gmt":"2016-01-25T09:39:38","guid":{"rendered":"https:\/\/archiviogioia.lavocedelpaese.info\/?p=51048"},"modified":"2016-01-25T09:39:38","modified_gmt":"2016-01-25T09:39:38","slug":"votiamo-arthur-il-corto-del-regista-gioiese-giuseppe-masi-2","status":"publish","type":"post","link":"https:\/\/archiviogioia.lavocedelpaese.info\/?p=51048","title":{"rendered":"VOTIAMO \u201cARTHUR\u201d IL CORTO DEL REGISTA GIOIESE GIUSEPPE MASI"},"content":{"rendered":"<p><a title=\"corto-fans-club\" href=\"https:\/\/www.flickr.com\/photos\/91470992@N02\/24441559252\" data-flickr-embed=\"true\"><img loading=\"lazy\" decoding=\"async\" style=\"display: block; margin-left: auto; margin-right: auto;\" src=\"https:\/\/farm2.staticflickr.com\/1619\/24441559252_da32bc1349_o.jpg\" alt=\"corto-fans-club\" width=\"320\" height=\"240\" \/><\/a><\/p>\n<p><!--more--><\/p>\n<p style=\"margin-bottom: 0.0001pt; text-align: justify; line-height: normal;\"><a title=\"giuseppe alessandro masi\" href=\"https:\/\/www.flickr.com\/photos\/91470992@N02\/23922986163\/in\/photostream\/\" data-flickr-embed=\"true\"><img loading=\"lazy\" decoding=\"async\" style=\"margin: 4px; float: left;\" src=\"https:\/\/farm2.staticflickr.com\/1475\/23922986163_4d24b77ab5_o.jpg\" alt=\"giuseppe alessandro masi\" width=\"335\" height=\"335\" \/><\/a> <strong>Una piccola storia tutta gioiese<\/strong> e allo stesso molto americana \u00e8 quella <strong>di Giuseppe Alessandro Masi<\/strong>, gioiese classe \u201986. Giuseppe, dopo aver frequentato il Liceo Scientifico \u2018Canudo\u2019 , ha seguito il suo sogno: stabilirsi in America e lavorare nel mondo della produzione cinematografica. Amici e parenti ci dicono che sin dalla Scuola Media, Giuseppe ha sviluppato la passione per i software di grafica, passione cresciuta a tal punto da consentirgli, dopo il diploma a Gioia ed il trasferimento in America, l\u2019assunzione nel 2010 da parte di una azienda americana come Web Designer e Videomaker. <br \/> Giuseppe, impegno e tenacia, come tanti giovani italiani, costantemente attivi nella lotta a realizzare i propri sogni ed affrontare le sfide continue di una societ\u00e0 fortemente competitiva, non si \u00e8 mai fermato e continua a sperimentare, studiare e affrontare nuove esperienze come l\u2019ultima: la partecipazione con <strong>il suo cortometraggio \u2018Arthur\u2019 ad un concorso \u2018Top Films of 2015\u2019<\/strong>. \u2018Arthur\u2019 <strong>\u00e8 tra i primi 20 cortometraggi selezionati dal \u2018100 Hour Film Race 2015\u2019<\/strong>, i cortometraggi in competizione per pi\u00f9 di 20.000 dollari in contanti e premi saranno premiati in base al numero di voti on-line ottenuti.<\/p>\n<p style=\"margin-bottom: 0.0001pt; text-align: justify; line-height: normal;\"><strong>Registi di tutto il mondo sono stati sfidati a creare cortometraggi, in appena 100 ore<\/strong>, sulla base di un tema (scambio di persona), azione bere da una cannuccia) e un oggetto scenico (la maschera). La storia di \u2018Arthur\u2019 \u00e8 molto semplice: un uomo riceve un pacco al cui interno si trovano una cannuccia, una maschera ed un biglietto, firmato \u2019J.\u2019, con il quale viene invitato a presentarsi a mezzogiorno al suo posto preferito.<a title=\"corto arthur\" href=\"https:\/\/www.flickr.com\/photos\/91470992@N02\/24182015969\/in\/photostream\/\" data-flickr-embed=\"true\"><img loading=\"lazy\" decoding=\"async\" style=\"margin: 5px; float: right;\" src=\"https:\/\/farm2.staticflickr.com\/1680\/24182015969_65551b6283.jpg\" alt=\"corto arthur\" width=\"400\" height=\"265\" \/><\/a><\/p>\n<p style=\"margin-bottom: 0.0001pt; text-align: justify; line-height: normal;\">L\u2019uomo \u00e8 sorpreso, un po\u2019 impaurito, preoccupato, fa subito un giro di telefonate a tutti i suoi conoscenti il cui nome inizia per J, per scoprire se sia uno scherzo, alla fine invece scopre solamente di non ricordare tante cose della sua vita, neanche correttamente il nome di alcune persone. Infine si reca in un parco e sulla sua panchina preferita trova una ragazzina che indossa una maschera, quando anche Arthur indossa la maschera la ragazzina, Jessica, si rende conto di aver inviato il pacco all\u2019indirizzo sbagliato. Ne nasce un dialogo minimal fatto di sguardi, silenzi, gesti misurati tipo una stretta di mano e poche battute.<\/p>\n<p style=\"margin-bottom: 0.0001pt; text-align: justify; line-height: normal;\">La ragazza prima si toglie la maschera e poi la rimette dicendo: \u201cProbabilmente la terr\u00f2 fino alla fine della mia vita\u201d.<\/p>\n<p style=\"margin-bottom: 0.0001pt; text-align: justify; line-height: normal;\">La stessa cosa fa Arthur prima che il corto si concluda in modo aperto. Tanti i temi: il mistero, il caso, l\u2019attesa, la delusione, il gioco fra apparenza e realt\u00e0, il nascondersi dietro maschere, la necessit\u00e0 di nascondersi dietro una maschera, la possibilit\u00e0<a title=\"corto arthur\" href=\"https:\/\/www.flickr.com\/photos\/91470992@N02\/24549795265\/in\/photostream\/\" data-flickr-embed=\"true\"><img loading=\"lazy\" decoding=\"async\" style=\"margin: 5px; float: left;\" src=\"https:\/\/farm2.staticflickr.com\/1610\/24549795265_dc48e5ec89.jpg\" alt=\"corto arthur\" width=\"400\" height=\"290\" \/><\/a> e\/o impossibilit\u00e0 di una comunicazione vera, la solitudine intergenerazionale, l\u2019isolamento in una grande citt\u00e0. Ed ancora tanto altro\u2026 dalla scelta registica dei tempi, la caratterizzazione del personaggio maschile, la abilit\u00e0 di Giuseppe nel racchiudere in pochi minuti un momento, una storia, una rivelazione.<\/p>\n<p style=\"margin-bottom: 0.0001pt; text-align: justify; line-height: normal;\"><strong>Possiamo vedere il cortometraggio al seguente indirizzo<\/strong> <a href=\"http:\/\/www.filmracing.com\/100hour2015awards\/\">http:\/\/www.filmracing.com\/100hour2015awards\/<\/a>, \u00e8 il secondo della lista dei 20, <strong>e naturalmente votarlo entro gioved<\/strong><strong>\u00ec 28 gennaio 2016<\/strong> perch\u00e9 dietro la sfida ad affrontare la conoscenza del mistero, Arthur, come Giuseppe e come tanti altri affrontano il quotidiano mistero di andare oltre le apparenze, scoprire chi si nasconde le maschere e trovare punti di contatto.<\/p>\n<p style=\"margin-bottom: 0.0001pt; text-align: justify; line-height: normal;\"><strong>Il cortometraggio Arthurs \u00e8 il secondo in lista<\/strong>. In basso alla pagina, trovate un pulsante <strong>Vote On Your Favorites<\/strong> dove potete mettere un segno di spunta accanto al corto che preferite. Potete confermare la votazione semplicemente premendo su Done in basso (nessuna registrazione richiesta).<\/p>\n<p style=\"text-align: justify;\"><span style=\"line-height: 115%;\"><strong>Qui la versione con sottotitoli italiani<\/strong>: <a>https:\/\/www.youtube.com\/watch?v=hn4CaqWrEus<\/a><\/span><\/p>\n<p style=\"text-align: justify;\"><span style=\"line-height: 115%;\">Di seguito il link di un articolo scritto per salutare Giuseppe Masi nel 2010, prima della sua partenza in America: <a href=\"attualita\/1925-4tochris-un-corto-che-ha-conquistato-il-pubblico-.html\"><span style=\"text-decoration: none;\">\u201c4toCHRIS\u201d, UN CORTO CHE HA CONQUI<\/span><\/a><a href=\"attualita\/1925-4tochris-un-corto-che-ha-conquistato-il-pubblico-.html\"><span style=\"text-decoration: none;\">STATO IL PUBBLICO<\/span><\/a><\/span><\/p>\n<p><iframe loading=\"lazy\" src=\"https:\/\/www.youtube.com\/embed\/yyUAyC2pKDE\" width=\"640\" height=\"360\" allowfullscreen=\"allowfullscreen\"><\/iframe><\/p>\n","protected":false},"excerpt":{"rendered":"","protected":false},"author":1,"featured_media":0,"comment_status":"open","ping_status":"closed","sticky":false,"template":"","format":"standard","meta":{"colormag_page_container_layout":"default_layout","colormag_page_sidebar_layout":"default_layout","footnotes":""},"categories":[7],"tags":[],"class_list":["post-51048","post","type-post","status-publish","format-standard","hentry","category-attualita"],"_links":{"self":[{"href":"https:\/\/archiviogioia.lavocedelpaese.info\/index.php?rest_route=\/wp\/v2\/posts\/51048","targetHints":{"allow":["GET"]}}],"collection":[{"href":"https:\/\/archiviogioia.lavocedelpaese.info\/index.php?rest_route=\/wp\/v2\/posts"}],"about":[{"href":"https:\/\/archiviogioia.lavocedelpaese.info\/index.php?rest_route=\/wp\/v2\/types\/post"}],"author":[{"embeddable":true,"href":"https:\/\/archiviogioia.lavocedelpaese.info\/index.php?rest_route=\/wp\/v2\/users\/1"}],"replies":[{"embeddable":true,"href":"https:\/\/archiviogioia.lavocedelpaese.info\/index.php?rest_route=%2Fwp%2Fv2%2Fcomments&post=51048"}],"version-history":[{"count":0,"href":"https:\/\/archiviogioia.lavocedelpaese.info\/index.php?rest_route=\/wp\/v2\/posts\/51048\/revisions"}],"wp:attachment":[{"href":"https:\/\/archiviogioia.lavocedelpaese.info\/index.php?rest_route=%2Fwp%2Fv2%2Fmedia&parent=51048"}],"wp:term":[{"taxonomy":"category","embeddable":true,"href":"https:\/\/archiviogioia.lavocedelpaese.info\/index.php?rest_route=%2Fwp%2Fv2%2Fcategories&post=51048"},{"taxonomy":"post_tag","embeddable":true,"href":"https:\/\/archiviogioia.lavocedelpaese.info\/index.php?rest_route=%2Fwp%2Fv2%2Ftags&post=51048"}],"curies":[{"name":"wp","href":"https:\/\/api.w.org\/{rel}","templated":true}]}}