{"id":51049,"date":"2016-01-23T02:20:08","date_gmt":"2016-01-23T02:20:08","guid":{"rendered":"https:\/\/archiviogioia.lavocedelpaese.info\/?p=51049"},"modified":"2016-01-23T02:20:08","modified_gmt":"2016-01-23T02:20:08","slug":"teatro-la-shoah-ricordata-dallic-carano-mazzini","status":"publish","type":"post","link":"https:\/\/archiviogioia.lavocedelpaese.info\/?p=51049","title":{"rendered":"TEATRO. LA \u201cSHOAH\u201d RICORDATA DALL\u2019I.C. CARANO &#8211; MAZZINI"},"content":{"rendered":"<p><a title=\"teatrificio22 la guerra dei grandi\" href=\"https:\/\/www.flickr.com\/photos\/91470992@N02\/24470620141\/in\/dateposted-public\/\" data-flickr-embed=\"true\"><img loading=\"lazy\" decoding=\"async\" style=\"display: block; margin-left: auto; margin-right: auto;\" src=\"https:\/\/farm2.staticflickr.com\/1476\/24470620141_8e61901b77_z.jpg\" alt=\"teatrificio22 la guerra dei grandi\" width=\"320\" height=\"240\" \/><\/a><\/p>\n<p><!--more--><\/p>\n<p style=\"margin-bottom: 0.0001pt; text-align: justify; line-height: normal;\"><a title=\"teatrificio22 la guerra dei grandi\" href=\"https:\/\/www.flickr.com\/photos\/91470992@N02\/24526738236\/in\/dateposted-public\/\" data-flickr-embed=\"true\"><img loading=\"lazy\" decoding=\"async\" style=\"margin: 4px; float: left;\" src=\"https:\/\/farm2.staticflickr.com\/1530\/24526738236_e008eaceaf.jpg\" alt=\"teatrificio22 la guerra dei grandi\" width=\"350\" height=\"324\" \/><\/a><strong>Ben due gli appuntamenti <\/strong>che vedranno spettatori ed \u201c<strong>in scena<\/strong>\u201d gli studenti dell\u2019I.C. Carano &#8211; Mazzini. In occasione del Giorno della Memoria, <strong>tutte le classi della scuola secondaria di I grado &#8220;Carano&#8221; e le quinte della Mazzini<\/strong>, assisteranno <strong>nelle giornate del 23 gennaio<\/strong>, presso l&#8217;auditorium della scuola, alla rappresentazione teatrale &#8220;<strong>La guerra dei grandi<\/strong>&#8220;, a cura della <strong>Compagnia Teatrificio 22<\/strong>. L&#8217;attivit\u00e0 si pone l&#8217;obiettivo di promuovere negli alunni la riflessione sulla Shoah, affinch\u00e9 il ricordo di quanto accaduto non venga mai meno e si diffonda nei ragazzi la consapevolezza di quali devastanti effetti possa determinare l&#8217;odio dell&#8217;uomo contro l&#8217;uomo.<\/p>\n<p style=\"margin-bottom: 0.0001pt; text-align: justify; line-height: normal;\">La compagnia Teatrificio 22 nasce informalmente nel 2011 grazie al sodalizio artistico di Simona Oppedisano e Claudia Lerro. Il nome non \u00e8 casuale: Teatrificio \u00e8 un luogo di lavoro, dove si \u201cimpastano\u201d impegno, semplicit\u00e0, dedizione fino all\u2019atto ultimo della creazione, proprio come avviene in un panificio. Associando ingredienti semplici, aspettando con pazienza cottura e lievitazione si da vita ad uno degli alimenti pi\u00f9 importanti e pi\u00f9 altamente nutrivi: il pane, alimento a tal punto essenziale che il termine stesso pu\u00f2 diventare sinonimo di cibo o di nutrimento, e non solo e necessariamente fisico.<\/p>\n<p style=\"margin-bottom: 0.0001pt; text-align: justify; line-height: normal;\">Tra le sue produzioni \u201cLa Guerra dei grandi\u201d di Simona Oppedisano con Claudia Lerro e Gianluigi Belsito.<\/p>\n<p style=\"margin-bottom: 0.0001pt; text-align: justify; line-height: normal;\">Secondo appuntamento teatrale <strong>mercoled\u00ec 27 gennaio<\/strong>, alle ore 11.00, nell\u2019aula magna della Mazzini. Protagonisti in occasione del Giorno della memoria gli <strong>alunni della classe&nbsp;V C della Mazzini e I D della Scuola Carano<\/strong> i quali ricorderanno, a conclusione di un progetto continuit\u00e0, la Shoah.<\/p>\n<p>&nbsp;<\/p>\n","protected":false},"excerpt":{"rendered":"","protected":false},"author":1,"featured_media":0,"comment_status":"open","ping_status":"closed","sticky":false,"template":"","format":"standard","meta":{"colormag_page_container_layout":"default_layout","colormag_page_sidebar_layout":"default_layout","footnotes":""},"categories":[7],"tags":[],"class_list":["post-51049","post","type-post","status-publish","format-standard","hentry","category-attualita"],"_links":{"self":[{"href":"https:\/\/archiviogioia.lavocedelpaese.info\/index.php?rest_route=\/wp\/v2\/posts\/51049","targetHints":{"allow":["GET"]}}],"collection":[{"href":"https:\/\/archiviogioia.lavocedelpaese.info\/index.php?rest_route=\/wp\/v2\/posts"}],"about":[{"href":"https:\/\/archiviogioia.lavocedelpaese.info\/index.php?rest_route=\/wp\/v2\/types\/post"}],"author":[{"embeddable":true,"href":"https:\/\/archiviogioia.lavocedelpaese.info\/index.php?rest_route=\/wp\/v2\/users\/1"}],"replies":[{"embeddable":true,"href":"https:\/\/archiviogioia.lavocedelpaese.info\/index.php?rest_route=%2Fwp%2Fv2%2Fcomments&post=51049"}],"version-history":[{"count":0,"href":"https:\/\/archiviogioia.lavocedelpaese.info\/index.php?rest_route=\/wp\/v2\/posts\/51049\/revisions"}],"wp:attachment":[{"href":"https:\/\/archiviogioia.lavocedelpaese.info\/index.php?rest_route=%2Fwp%2Fv2%2Fmedia&parent=51049"}],"wp:term":[{"taxonomy":"category","embeddable":true,"href":"https:\/\/archiviogioia.lavocedelpaese.info\/index.php?rest_route=%2Fwp%2Fv2%2Fcategories&post=51049"},{"taxonomy":"post_tag","embeddable":true,"href":"https:\/\/archiviogioia.lavocedelpaese.info\/index.php?rest_route=%2Fwp%2Fv2%2Ftags&post=51049"}],"curies":[{"name":"wp","href":"https:\/\/api.w.org\/{rel}","templated":true}]}}