{"id":51156,"date":"2016-02-04T08:22:15","date_gmt":"2016-02-04T08:22:15","guid":{"rendered":"https:\/\/archiviogioia.lavocedelpaese.info\/?p=51156"},"modified":"2016-02-04T08:22:15","modified_gmt":"2016-02-04T08:22:15","slug":"meteo-vento-forte-con-raffiche-fino-a-100-kmh-previsioni","status":"publish","type":"post","link":"https:\/\/archiviogioia.lavocedelpaese.info\/?p=51156","title":{"rendered":"METEO. VENTO CON RAFFICHE FINO A 100 KM\/H. PREVISIONI"},"content":{"rendered":"<p><a title=\"previsioni meteo\" href=\"https:\/\/www.flickr.com\/photos\/91470992@N02\/24518410070\" data-flickr-embed=\"true\"><img loading=\"lazy\" decoding=\"async\" style=\"display: block; margin-left: auto; margin-right: auto;\" src=\"https:\/\/farm2.staticflickr.com\/1595\/24518410070_35b721952e_o.jpg\" alt=\"previsioni meteo\" width=\"320\" height=\"240\" \/><\/a><\/p>\n<p><!--more--><\/p>\n<p style=\"text-align: justify;\"><a title=\"previsioni meteo\" href=\"https:\/\/www.flickr.com\/photos\/91470992@N02\/24185728264\/in\/photostream\/\" data-flickr-embed=\"true\"><img loading=\"lazy\" decoding=\"async\" style=\"margin: 5px; float: left;\" src=\"https:\/\/farm2.staticflickr.com\/1511\/24185728264_06d9893daa_o.png\" alt=\"previsioni meteo\" width=\"400\" height=\"433\" \/><\/a><strong>&#8220;SITUAZIONE &#8211;<\/strong> L&#8217;alta pressione che ha dominato per gran parte di <strong>Gennaio <\/strong>su tutta la Penisola \u00e8 destinata a cedere sotto i colpi di correnti perturbate che porteranno moderato maltempo sul Belpaese. La formazione di un minimo depressionario sull&#8217;Italia ha portato moderato maltempo sulle regioni settentrionali nella giornata di ieri, mercoled\u00ec 3 gennaio, con temporali su Pianura Padana e cuneese.<\/p>\n<p style=\"text-align: justify;\"><strong>Oggi, gioved\u00ec 4 febbraio &#8211; <\/strong>A seguito dello spostamento della bassa pressione verso le regioni meridionali, avremo una rotazione del vento dai quadranti settentrionali: <strong>miglioramento del tempo<\/strong> al Nord grazie al forte vento di <strong>Tramontana nelle prime ore di oggi<\/strong>. <strong>Maestrale<\/strong> sul mar Tirreno e <strong>Grecale<\/strong> sull&#8217;<strong>Adriatico<\/strong>, con punte fino a 100 km\/h, associati a maltempo con pioggia e neve sui rilievi sopra i 700 metri.<\/p>\n<p style=\"text-align: justify;\"><strong>Attenzione <\/strong>alla costa Occidentale della <strong>Sardegna<\/strong>: qui il <strong>Maestrale<\/strong> soffier\u00e0 con raffiche particolarmente intense, provocando <strong>mareggiate <\/strong>anche di moderata intensit\u00e0; vento forte e mare mosso anche sul <strong>Canale di Sicilia<\/strong>. Maltempo e forte <strong>Grecale<\/strong> sulla Puglia nel corso del pomeriggio di oggi, gioved\u00ec 4 Febbraio, con le raffiche che potranno raggiungere anche i <strong>100 km\/h<\/strong>.<\/p>\n<p style=\"text-align: justify;\"><strong>NEBBIA E SMOG IN RITIRATA &#8211;<\/strong> Con l&#8217;arrivo di <strong>forti venti settentrionali<\/strong> lo smog e la nebbia saranno soltanto un lontano ricordo, in particolare a partire dalla giornata di Gioved\u00ec 4 Febbraio.<\/p>\n<p style=\"text-align: justify;\"><strong>VENERDI&#8217; 6, MIGLIORAMENTO &#8211; <\/strong>Le condizioni meteo tenderanno a migliorare a partire dalla serata di Gioved\u00ec, quando il minimo si sposter\u00e0 verso Est: l&#8217;intensit\u00e0 del vento andr\u00e0 diminuendo sempre pi\u00f9, lasciando spazio ad una bella giornata di <strong>sole<\/strong>, molto stabile su tutta l&#8217;Italia&#8221;. (ilmeteo)<\/p>\n<p><iframe loading=\"lazy\" src=\"http:\/\/www.ilmeteo.it\/videom\/embed_oggi_autoplay\" width=\"640\" height=\"400\" allowfullscreen=\"allowfullscreen\" mozallowfullscreen=\"true\" webkitallowfullscreen=\"true\"><\/iframe> <iframe loading=\"lazy\" src=\"http:\/\/www.ilmeteo.it\/videom\/embed_domani_autoplay\" width=\"640\" height=\"400\" allowfullscreen=\"allowfullscreen\" mozallowfullscreen=\"true\" webkitallowfullscreen=\"true\"><\/iframe><\/p>\n","protected":false},"excerpt":{"rendered":"","protected":false},"author":1,"featured_media":0,"comment_status":"open","ping_status":"closed","sticky":false,"template":"","format":"standard","meta":{"colormag_page_container_layout":"default_layout","colormag_page_sidebar_layout":"default_layout","footnotes":""},"categories":[8],"tags":[],"class_list":["post-51156","post","type-post","status-publish","format-standard","hentry","category-cronaca"],"_links":{"self":[{"href":"https:\/\/archiviogioia.lavocedelpaese.info\/index.php?rest_route=\/wp\/v2\/posts\/51156","targetHints":{"allow":["GET"]}}],"collection":[{"href":"https:\/\/archiviogioia.lavocedelpaese.info\/index.php?rest_route=\/wp\/v2\/posts"}],"about":[{"href":"https:\/\/archiviogioia.lavocedelpaese.info\/index.php?rest_route=\/wp\/v2\/types\/post"}],"author":[{"embeddable":true,"href":"https:\/\/archiviogioia.lavocedelpaese.info\/index.php?rest_route=\/wp\/v2\/users\/1"}],"replies":[{"embeddable":true,"href":"https:\/\/archiviogioia.lavocedelpaese.info\/index.php?rest_route=%2Fwp%2Fv2%2Fcomments&post=51156"}],"version-history":[{"count":0,"href":"https:\/\/archiviogioia.lavocedelpaese.info\/index.php?rest_route=\/wp\/v2\/posts\/51156\/revisions"}],"wp:attachment":[{"href":"https:\/\/archiviogioia.lavocedelpaese.info\/index.php?rest_route=%2Fwp%2Fv2%2Fmedia&parent=51156"}],"wp:term":[{"taxonomy":"category","embeddable":true,"href":"https:\/\/archiviogioia.lavocedelpaese.info\/index.php?rest_route=%2Fwp%2Fv2%2Fcategories&post=51156"},{"taxonomy":"post_tag","embeddable":true,"href":"https:\/\/archiviogioia.lavocedelpaese.info\/index.php?rest_route=%2Fwp%2Fv2%2Ftags&post=51156"}],"curies":[{"name":"wp","href":"https:\/\/api.w.org\/{rel}","templated":true}]}}