{"id":5117,"date":"2010-10-14T14:57:27","date_gmt":"2010-10-14T14:57:27","guid":{"rendered":"https:\/\/archiviogioia.lavocedelpaese.info\/?p=5117"},"modified":"2010-10-14T14:57:27","modified_gmt":"2010-10-14T14:57:27","slug":"conferenza-emergenza-rifiuti-domande-giornalisti","status":"publish","type":"post","link":"https:\/\/archiviogioia.lavocedelpaese.info\/?p=5117","title":{"rendered":"CONFERENZA EMERGENZA RIFIUTI: DOMANDE GIORNALISTI"},"content":{"rendered":"<p><img loading=\"lazy\" decoding=\"async\" class=\" size-full wp-image-5116\" alt=\"conferenza_seconda_parte_pp\" src=\"https:\/\/archiviogioia.lavocedelpaese.info\/wp-content\/uploads\/2010\/10\/conferenza_seconda_parte_pp.jpeg\" width=\"320\" height=\"150\" srcset=\"https:\/\/archiviogioia.lavocedelpaese.info\/wp-content\/uploads\/2010\/10\/conferenza_seconda_parte_pp.jpeg 640w, https:\/\/archiviogioia.lavocedelpaese.info\/wp-content\/uploads\/2010\/10\/conferenza_seconda_parte_pp-300x141.jpeg 300w\" sizes=\"auto, (max-width: 320px) 100vw, 320px\" \/> <\/p>\n<p><!--more--><\/p>\n<p><\/p>\n<p style=\"text-align: justify;\"><strong><img loading=\"lazy\" decoding=\"async\" class=\" alignleft size-full wp-image-4650\" style=\"margin: 4px; float: left;\" alt=\"logo_ato_ba5\" src=\"https:\/\/archiviogioia.lavocedelpaese.info\/wp-content\/uploads\/2010\/09\/logo_ato_ba5.jpg\" width=\"200\" height=\"94\" \/>Cerchiamo di riassumere le domande rivolte dai giornalisti a margine della conferenza stampa di cui vi riferivamo<\/strong>.<\/p>\n<div style=\"text-align: justify;\"><\/div>\n<p style=\"text-align: justify;\">La prima questione sollevata \u00e8 <strong>il dissenso-dubbio<\/strong>, espresso da parte dei sindaci durante l\u2019ultima assemblea ATO,<strong> sul ruolo con cui Lovascio avrebbe tenuto la conferenza<\/strong>. \u00a0Secca la replica: \u201cMi chiamo Giuseppe Lovascio, sono Sindaco di Conversano e Presidente dell\u2019ATO, la qualit\u00e0 sceglietela voi\u201d. Ad integrazione, il vicesindaco <strong>Tony Bugna<\/strong> aggiunge che \u201cera doveroso mettere a conoscenza i cittadini sui vari passaggi, si \u00e8 avuta \u2013 inoltre \u2013 la premura di invitare i sindaci del bacino per un contributo condiviso alla chiarezza\u201d.<\/p>\n<div style=\"text-align: justify;\"><\/div>\n<p style=\"text-align: justify;\"><img loading=\"lazy\" decoding=\"async\" class=\" alignright size-full wp-image-5013\" style=\"margin: 4px; float: right;\" alt=\"rifiuti_cassonetti_pieni\" src=\"https:\/\/archiviogioia.lavocedelpaese.info\/wp-content\/uploads\/2010\/10\/rifiuti_cassonetti_pieni.jpg\" width=\"250\" height=\"162\" srcset=\"https:\/\/archiviogioia.lavocedelpaese.info\/wp-content\/uploads\/2010\/10\/rifiuti_cassonetti_pieni.jpg 450w, https:\/\/archiviogioia.lavocedelpaese.info\/wp-content\/uploads\/2010\/10\/rifiuti_cassonetti_pieni-300x194.jpg 300w\" sizes=\"auto, (max-width: 250px) 100vw, 250px\" \/>Viene poi fatto notare che <strong>il Vicesindaco di Cellamare ha proposto la sfiducia verso il Presidente<\/strong>, in nome della conflittualit\u00e0 tra le due cariche che avrebbe spinto al ricorso e quindi all\u2019emergenza. \u201cIl ricorso era pi\u00f9 che legittimo; se si dovesse ravvisare un problema ambientale \u2013 ha argomentato Lovascio \u2013 e la discarica fosse sequestrata, tutti i 21 Comuni rischierebbero lo stato d\u2019emergenza. Tra l\u2019altro, in quasi tutta Italia, i presidenti ATO sono i sindaci dei Comuni che ospitano la discarica, il caso anomalo era il nostro\u201d.<\/p>\n<div style=\"text-align: justify;\"><\/div>\n<p style=\"text-align: justify;\"><strong>Nel consiglio comunale di Mola l\u2019ultima ordinanza \u00e8 stata definita una \u201cvera beffa\u201d<\/strong> e non si \u00e8 esclusa l\u2019ipotesi di impugnarla. Si chiede quale posizione assumerebbe il Comune di Conversano. \u201c<strong>Oggi l\u2019interesse primario \u00e8 evitare l\u2019emergenza<\/strong>, un amministratore ha delle responsabilit\u00e0. Non vedo nessun problema a conferire i rifiuti in c.da Martucci per un periodo circoscritto. Non saranno sette giorni a cambiare la storia di trenta anni\u201d.<\/p>\n<div style=\"text-align: justify;\"><\/div>\n<p style=\"text-align: justify;\"><img loading=\"lazy\" decoding=\"async\" class=\" alignleft size-full wp-image-5017\" style=\"margin: 4px; float: left;\" alt=\"contrada-martucci-4\" src=\"https:\/\/archiviogioia.lavocedelpaese.info\/wp-content\/uploads\/2010\/10\/contrada-martucci-4.jpg\" width=\"250\" height=\"157\" srcset=\"https:\/\/archiviogioia.lavocedelpaese.info\/wp-content\/uploads\/2010\/10\/contrada-martucci-4.jpg 445w, https:\/\/archiviogioia.lavocedelpaese.info\/wp-content\/uploads\/2010\/10\/contrada-martucci-4-300x189.jpg 300w\" sizes=\"auto, (max-width: 250px) 100vw, 250px\" \/>Emerge, inoltre, che il 7 novembre scade il periodo utile per depositare le proprie osservazioni sullo Studio Impatto Ambientale, preliminare alla <strong>modifica dell\u2019AIA che se andasse in porto autorizzerebbe il famoso sopralzo<\/strong>. \u00a0Longo, per parte sua, attende le garanzie di carattere sanitario da parte di Arpa e Asl ma tiene a rilevare che \u201cqualora l\u2019impianto parta come stabilito, automaticamente s\u2019interrompe l\u2019esercizio della discarica Lombardi\u201d. \u201cNell\u2019evenienza che l\u2019impianto non dovesse partire nei tempi stabili o l\u2019assessore Nicastro impugnasse la sentenza del TAR, avremmo margini sufficienti per agire in qualsiasi direzione\u201d \u2013 rassicura il primo cittadino.<\/p>\n<div style=\"text-align: justify;\"><\/div>\n<p style=\"text-align: justify;\"><img loading=\"lazy\" decoding=\"async\" class=\" alignright size-full wp-image-4405\" style=\"margin: 4px; float: right;\" alt=\"rifiuti_or-thumb-pp\" src=\"https:\/\/archiviogioia.lavocedelpaese.info\/wp-content\/uploads\/2010\/09\/rifiuti_or-thumb-pp.jpg\" width=\"250\" height=\"117\" srcset=\"https:\/\/archiviogioia.lavocedelpaese.info\/wp-content\/uploads\/2010\/09\/rifiuti_or-thumb-pp.jpg 320w, https:\/\/archiviogioia.lavocedelpaese.info\/wp-content\/uploads\/2010\/09\/rifiuti_or-thumb-pp-300x141.jpg 300w\" sizes=\"auto, (max-width: 250px) 100vw, 250px\" \/>Alla domanda su quali impegni il nostro Comune assumer\u00e0 per incoraggiare la raccolta differenziata, l\u2019ing. <strong>Longo<\/strong> \u2013 direttore dell\u2019Ufficio Ambiente \u2013 spiega come \u201cnon sia economicamente vantaggioso cambiare un servizio (quello offerto dalla TRA.DE.CO) durante l\u2019ultimo anno. Tuttavia, da subito, verr\u00e0 potenziata la raccolta differenziata stradale con l\u2019aggiunta di pi\u00f9 cassonetti, regoleremo meglio il centro di via Castellana e organizzeremo apposite campagne di sensibilizzazione\u201d.<\/p>\n<div style=\"text-align: justify;\"><\/div>\n<p style=\"text-align: justify;\"><strong><img loading=\"lazy\" decoding=\"async\" class=\" alignleft size-full wp-image-5019\" style=\"margin: 4px; float: left;\" alt=\"ecoballe_cdr_02\" src=\"https:\/\/archiviogioia.lavocedelpaese.info\/wp-content\/uploads\/2010\/10\/ecoballe_cdr_02.jpg\" width=\"250\" height=\"188\" srcset=\"https:\/\/archiviogioia.lavocedelpaese.info\/wp-content\/uploads\/2010\/10\/ecoballe_cdr_02.jpg 640w, https:\/\/archiviogioia.lavocedelpaese.info\/wp-content\/uploads\/2010\/10\/ecoballe_cdr_02-300x225.jpg 300w\" sizes=\"auto, (max-width: 250px) 100vw, 250px\" \/>Su sollecitazione di alcuni ragazzi<\/strong>, poi, il Comune si far\u00e0 carico dell\u2019istituzione di \u201cEco punti\u201d e \u2013 guardando al futuro \u2013 l\u2019Ufficio Ambiente sta per presentare la bozza del nuovo progetto per il Servizio di raccolta in Commissione Ambiente. \u201cTale bozza \u2013 prosegue Longo \u2013 sar\u00e0 oggetto di un confronto partecipato, della durata di un paio di mesi, con tutti i portatori d\u2019interesse. Dopo aver acquisito e integrato le indicazioni praticabili, il documento ritorner\u00e0 in Commissione per essere approvato in via definitiva. La gara dovrebbe partire non oltre febbraio-marzo 2011\u201d.<\/p>\n<div style=\"text-align: justify;\"><\/div>\n<p style=\"text-align: justify;\"><strong>Ultimo quesito riguarda lo smaltimento delle eco balle<\/strong>. \u201cIn teoria \u2013 risponde Lovascio \u2013 \u00e8 un problema che non ci riguarda, in pratica si. Le eco balle sono un bene del privato a differenza del rifiuto dunque \u00e8 il privato che dovr\u00e0 provvedere. Dalle notizie in nostro possesso a Massafra vengono accolte eco balle che arrivano da molto lontano (il Veneto): dovremo fare in modo, anche tramite appetibili soluzioni commerciali, che al posto di quelle eco balle vadano le nostre.<\/p>\n<p><object data=\"http:\/\/blip.tv\/play\/hbNQgoSPZAA%2Em4v\" type=\"application\/x-shockwave-flash\" height=\"400\" width=\"500\"><param name=\"src\" value=\"http:\/\/blip.tv\/play\/hbNQgoSPZAA%2Em4v\" \/><\/object><br \/>\n<object data=\"http:\/\/blip.tv\/play\/hbNQgoSYAAA%2Em4v\" type=\"application\/x-shockwave-flash\" height=\"400\" width=\"500\"><param name=\"src\" value=\"http:\/\/blip.tv\/play\/hbNQgoSYAAA%2Em4v\" \/><\/object><\/p>\n","protected":false},"excerpt":{"rendered":"","protected":false},"author":1,"featured_media":5116,"comment_status":"open","ping_status":"closed","sticky":false,"template":"","format":"standard","meta":{"colormag_page_container_layout":"default_layout","colormag_page_sidebar_layout":"default_layout","footnotes":""},"categories":[4],"tags":[],"class_list":["post-5117","post","type-post","status-publish","format-standard","has-post-thumbnail","hentry","category-politica"],"_links":{"self":[{"href":"https:\/\/archiviogioia.lavocedelpaese.info\/index.php?rest_route=\/wp\/v2\/posts\/5117","targetHints":{"allow":["GET"]}}],"collection":[{"href":"https:\/\/archiviogioia.lavocedelpaese.info\/index.php?rest_route=\/wp\/v2\/posts"}],"about":[{"href":"https:\/\/archiviogioia.lavocedelpaese.info\/index.php?rest_route=\/wp\/v2\/types\/post"}],"author":[{"embeddable":true,"href":"https:\/\/archiviogioia.lavocedelpaese.info\/index.php?rest_route=\/wp\/v2\/users\/1"}],"replies":[{"embeddable":true,"href":"https:\/\/archiviogioia.lavocedelpaese.info\/index.php?rest_route=%2Fwp%2Fv2%2Fcomments&post=5117"}],"version-history":[{"count":0,"href":"https:\/\/archiviogioia.lavocedelpaese.info\/index.php?rest_route=\/wp\/v2\/posts\/5117\/revisions"}],"wp:featuredmedia":[{"embeddable":true,"href":"https:\/\/archiviogioia.lavocedelpaese.info\/index.php?rest_route=\/wp\/v2\/media\/5116"}],"wp:attachment":[{"href":"https:\/\/archiviogioia.lavocedelpaese.info\/index.php?rest_route=%2Fwp%2Fv2%2Fmedia&parent=5117"}],"wp:term":[{"taxonomy":"category","embeddable":true,"href":"https:\/\/archiviogioia.lavocedelpaese.info\/index.php?rest_route=%2Fwp%2Fv2%2Fcategories&post=5117"},{"taxonomy":"post_tag","embeddable":true,"href":"https:\/\/archiviogioia.lavocedelpaese.info\/index.php?rest_route=%2Fwp%2Fv2%2Ftags&post=5117"}],"curies":[{"name":"wp","href":"https:\/\/api.w.org\/{rel}","templated":true}]}}