{"id":51223,"date":"2016-02-11T17:15:25","date_gmt":"2016-02-11T17:15:25","guid":{"rendered":"https:\/\/archiviogioia.lavocedelpaese.info\/?p=51223"},"modified":"2016-02-11T17:15:25","modified_gmt":"2016-02-11T17:15:25","slug":"matteo-mazzaraco-la-citta-e-allo-stremo","status":"publish","type":"post","link":"https:\/\/archiviogioia.lavocedelpaese.info\/?p=51223","title":{"rendered":"MATTEO MAZZARACO: \u201cLA CITT\u00c0 \u00c8 ALLO STREMO\u201d"},"content":{"rendered":"<p><a title=\"gioia del colle\" href=\"https:\/\/www.flickr.com\/photos\/91470992@N02\/24964323095\" data-flickr-embed=\"true\"><img loading=\"lazy\" decoding=\"async\" style=\"display: block; margin-left: auto; margin-right: auto;\" src=\"https:\/\/farm2.staticflickr.com\/1473\/24964323095_b09c1f9197_z.jpg\" alt=\"gioia del colle\" width=\"320\" height=\"240\" \/><\/a><\/p>\n<p><!--more--><\/p>\n<p style=\"text-align: justify;\"><a title=\"Matteo Mazzaraco\" href=\"https:\/\/www.flickr.com\/photos\/91470992@N02\/24938007366\/in\/photostream\/\" data-flickr-embed=\"true\"><img loading=\"lazy\" decoding=\"async\" style=\"margin: 5px; float: left;\" src=\"https:\/\/farm2.staticflickr.com\/1536\/24938007366_c999025754.jpg\" alt=\"Matteo Mazzaraco\" width=\"300\" height=\"300\" \/><\/a>&#8220;La citt\u00e0 \u00e8 allo stremo. Gi\u00e0 provata dal malgoverno affaristico della giunta precedente, con il lungo commissariamento \u00e8 sprofondata nella palude economica e civile. Ma anzich\u00e9 trarre lezione e produrre uno scatto di responsabilit\u00e0 le diverse aggregazioni politiche rimangono avvitate nei soliti giochi interni, senza avanzar idee, programmi, nuove figure di specchiata moralit\u00e0.<\/p>\n<p style=\"text-align: justify;\">Io e parecchi altri miei interlocutori, come persone di centro sinistra giudichiamo grave che di questo stato di cose non mostrino consapevolezza i partiti che del centro sinistra si ritengono protagonisti. E fra questi il PD.<\/p>\n<p style=\"text-align: justify;\">La volont\u00e0 di rinnovamento per essere effettiva e credibile deve affrancarsi dal Vecchio sistema. Anche mettendo le proprie risorse migliori al sevizio di un nuovo progetto come una lista di coalizione civico &#8211; progressista e dunque rinunciando per questa tornata amministrativa al suo simbolo. E avanzando a forze diverse, a partire da Impegno in Comune, proposte di dialogo e convergenza su sviluppo, legalit\u00e0, moralit\u00e0 pubblica&#8221;.<\/p>\n<p style=\"text-align: right;\" align=\"right\"><strong>Matteo Mazzaraco<\/strong><\/p>\n<p>&nbsp;<\/p>\n","protected":false},"excerpt":{"rendered":"","protected":false},"author":1,"featured_media":0,"comment_status":"open","ping_status":"closed","sticky":false,"template":"","format":"standard","meta":{"colormag_page_container_layout":"default_layout","colormag_page_sidebar_layout":"default_layout","footnotes":""},"categories":[4],"tags":[],"class_list":["post-51223","post","type-post","status-publish","format-standard","hentry","category-politica"],"_links":{"self":[{"href":"https:\/\/archiviogioia.lavocedelpaese.info\/index.php?rest_route=\/wp\/v2\/posts\/51223","targetHints":{"allow":["GET"]}}],"collection":[{"href":"https:\/\/archiviogioia.lavocedelpaese.info\/index.php?rest_route=\/wp\/v2\/posts"}],"about":[{"href":"https:\/\/archiviogioia.lavocedelpaese.info\/index.php?rest_route=\/wp\/v2\/types\/post"}],"author":[{"embeddable":true,"href":"https:\/\/archiviogioia.lavocedelpaese.info\/index.php?rest_route=\/wp\/v2\/users\/1"}],"replies":[{"embeddable":true,"href":"https:\/\/archiviogioia.lavocedelpaese.info\/index.php?rest_route=%2Fwp%2Fv2%2Fcomments&post=51223"}],"version-history":[{"count":0,"href":"https:\/\/archiviogioia.lavocedelpaese.info\/index.php?rest_route=\/wp\/v2\/posts\/51223\/revisions"}],"wp:attachment":[{"href":"https:\/\/archiviogioia.lavocedelpaese.info\/index.php?rest_route=%2Fwp%2Fv2%2Fmedia&parent=51223"}],"wp:term":[{"taxonomy":"category","embeddable":true,"href":"https:\/\/archiviogioia.lavocedelpaese.info\/index.php?rest_route=%2Fwp%2Fv2%2Fcategories&post=51223"},{"taxonomy":"post_tag","embeddable":true,"href":"https:\/\/archiviogioia.lavocedelpaese.info\/index.php?rest_route=%2Fwp%2Fv2%2Ftags&post=51223"}],"curies":[{"name":"wp","href":"https:\/\/api.w.org\/{rel}","templated":true}]}}