{"id":51343,"date":"2016-02-24T06:40:08","date_gmt":"2016-02-24T06:40:08","guid":{"rendered":"https:\/\/archiviogioia.lavocedelpaese.info\/?p=51343"},"modified":"2016-02-24T06:40:08","modified_gmt":"2016-02-24T06:40:08","slug":"pd-locale-e-sport-riflessione-e-confronto-con-associazioni","status":"publish","type":"post","link":"https:\/\/archiviogioia.lavocedelpaese.info\/?p=51343","title":{"rendered":"PD LOCALE E SPORT. RIFLESSIONE E CONFRONTO CON ASSOCIAZIONI"},"content":{"rendered":"<p><a title=\"palacapurso\" href=\"https:\/\/www.flickr.com\/photos\/91470992@N02\/17204039888\/in\/photolist-ry3Hcg-sdgcFo-ssyHe1-gZceEB-fMLkFT-fMLkHP\" data-flickr-embed=\"true\"><img loading=\"lazy\" decoding=\"async\" style=\"display: block; margin-left: auto; margin-right: auto;\" src=\"https:\/\/farm6.staticflickr.com\/5460\/17204039888_ec9f9782f3_z.jpg\" alt=\"palacapurso\" width=\"320\" height=\"240\" \/><\/a><\/p>\n<p><!--more--><\/p>\n<p style=\"text-align: justify;\"><a title=\"nuova sede pd\" href=\"https:\/\/www.flickr.com\/photos\/91470992@N02\/24956892925\/in\/photolist-Eh7grk-DpQrQa-E2mAMk-DpeisN-CJ4ieX-CJyP1P-CmGjse-CtYKtX-CrFbHJ-BNCCi7-CAAmTW-CCR6a8-CAAmsA-BNCAVY-BNKUza-BNpdwS-DtYFhn-AKakDR-Am98KA-APr6T9-zc9JEb-zk4Nqy-z8ickr-xQhama-yqMgtK-srkiPs-rjzMea-y2iFNX-wJPXdR-voKc8N-vpeHMx-vqvBCS-vo18zh-vo18HJ-uSNqPD-uSNqB4-unuJAM-tPMC7Y-sz5Jhz-CrFbxd-sDxR4t-ssajTC-ry1SPX-sqokea-tmDr5D-wFWEo7-rySLKt-qUxZE6-rq7sy2-rrwLo7\" data-flickr-embed=\"true\"><img loading=\"lazy\" decoding=\"async\" style=\"margin: 5px; float: left;\" src=\"https:\/\/farm2.staticflickr.com\/1524\/24956892925_18d7ec18ea.jpg\" alt=\"nuova sede pd\" width=\"400\" height=\"300\" \/><\/a>\u201c<strong>Il Partito Democratico di Gioia del Colle<\/strong> sta avviando una campagna di condivisione rivolta alle Associazioni Sociali, Culturali e Sportive impegnate sul territorio per iniziare un percorso di ascolto che successivamente si estender\u00e0 agli imprenditori locali, alle Associazioni di categoria ed ai cittadini residenti.&nbsp;Poich\u00e9&nbsp;il Partito Democratico intende confrontarsi e allinearsi con le proposte pervenute&nbsp;dalla societ\u00e0 civile, con l&#8217;obiettivo di affrontare le problematiche attuali mettendo al centro dell&#8217;azione politica le questioni che i cittadini vivono e soffrono quotidianamente si ritiene importante aprirsi alla citt\u00e0, per poi definire le priorit\u00e0 di interventi nei vari settori quali condizioni basilari in vista dell&#8217;appuntamento elettorale.<\/p>\n<p style=\"text-align: justify;\">In qualit\u00e0 di Associazioni Sportive vi aspettiamo&nbsp;<strong>luned\u00ec 29 Febbraio<\/strong> alle ore <strong>18.30<\/strong> presso l\u2019<strong>Aula Magna dell\u2019Universit\u00e0 \u201c LUM Jean Monnet\u201d<\/strong> di Gioia del Colle Via Paolo Cassano 7.<\/p>\n<p style=\"text-align: justify;\">L&#8217;incontro vedr\u00e0 la presenza dell\u2019<strong>Assessore all\u2019Ambiente e allo Sport dell\u2019Area Metropolitana di Bari dott. Pietro Petruzzelli<\/strong>, per un primo momento di riflessione e confronto su tematiche relative alla situazione degli impianti sportivi&nbsp; ed alla politica sportiva gioiese\u201d.<\/p>\n<div style=\"text-align: right;\"><strong>Tommaso Bradascio<\/strong><\/div>\n<div style=\"text-align: right;\">Segretario Circolo Pd Gioia del Colle<\/div>\n","protected":false},"excerpt":{"rendered":"","protected":false},"author":1,"featured_media":0,"comment_status":"open","ping_status":"closed","sticky":false,"template":"","format":"standard","meta":{"colormag_page_container_layout":"default_layout","colormag_page_sidebar_layout":"default_layout","footnotes":""},"categories":[4],"tags":[],"class_list":["post-51343","post","type-post","status-publish","format-standard","hentry","category-politica"],"_links":{"self":[{"href":"https:\/\/archiviogioia.lavocedelpaese.info\/index.php?rest_route=\/wp\/v2\/posts\/51343","targetHints":{"allow":["GET"]}}],"collection":[{"href":"https:\/\/archiviogioia.lavocedelpaese.info\/index.php?rest_route=\/wp\/v2\/posts"}],"about":[{"href":"https:\/\/archiviogioia.lavocedelpaese.info\/index.php?rest_route=\/wp\/v2\/types\/post"}],"author":[{"embeddable":true,"href":"https:\/\/archiviogioia.lavocedelpaese.info\/index.php?rest_route=\/wp\/v2\/users\/1"}],"replies":[{"embeddable":true,"href":"https:\/\/archiviogioia.lavocedelpaese.info\/index.php?rest_route=%2Fwp%2Fv2%2Fcomments&post=51343"}],"version-history":[{"count":0,"href":"https:\/\/archiviogioia.lavocedelpaese.info\/index.php?rest_route=\/wp\/v2\/posts\/51343\/revisions"}],"wp:attachment":[{"href":"https:\/\/archiviogioia.lavocedelpaese.info\/index.php?rest_route=%2Fwp%2Fv2%2Fmedia&parent=51343"}],"wp:term":[{"taxonomy":"category","embeddable":true,"href":"https:\/\/archiviogioia.lavocedelpaese.info\/index.php?rest_route=%2Fwp%2Fv2%2Fcategories&post=51343"},{"taxonomy":"post_tag","embeddable":true,"href":"https:\/\/archiviogioia.lavocedelpaese.info\/index.php?rest_route=%2Fwp%2Fv2%2Ftags&post=51343"}],"curies":[{"name":"wp","href":"https:\/\/api.w.org\/{rel}","templated":true}]}}