{"id":51401,"date":"2016-02-29T23:01:35","date_gmt":"2016-02-29T23:01:35","guid":{"rendered":"https:\/\/archiviogioia.lavocedelpaese.info\/?p=51401"},"modified":"2016-02-29T23:01:35","modified_gmt":"2016-02-29T23:01:35","slug":"caecilie-norby-e-lars-danielsson-in-esclusiva-al-ueffilo-2","status":"publish","type":"post","link":"https:\/\/archiviogioia.lavocedelpaese.info\/?p=51401","title":{"rendered":"C\u00c6CILIE NORBY E LARS DANIELSSON IN ESCLUSIVA AL UEFFILO"},"content":{"rendered":"<p><a title=\"caecilie-norby-lars_danielsson_a-470x460\" href=\"https:\/\/www.flickr.com\/photos\/91470992@N02\/25294601221\" data-flickr-embed=\"true\"><img loading=\"lazy\" decoding=\"async\" style=\"display: block; margin-left: auto; margin-right: auto;\" src=\"https:\/\/farm2.staticflickr.com\/1552\/25294601221_e75834a241_o.jpg\" alt=\"caecilie-norby-lars_danielsson_a-470x460\" width=\"320\" height=\"240\" \/><\/a><\/p>\n<p><!--more--><\/p>\n<p style=\"margin-bottom: 0.0001pt; text-align: justify; line-height: normal;\"><a title=\"Norby  Danielsson 564 \u00a9 ACT  Gregor Hohenberg\" href=\"https:\/\/www.flickr.com\/photos\/91470992@N02\/24760818053\/in\/photostream\/\" data-flickr-embed=\"true\"><img loading=\"lazy\" decoding=\"async\" style=\"margin: 4px; float: left;\" src=\"https:\/\/farm2.staticflickr.com\/1684\/24760818053_065641b456.jpg\" alt=\"Norby  Danielsson 564 \u00a9 ACT  Gregor Hohenberg\" width=\"350\" height=\"347\" \/><\/a> \u201cIl 6 marzo, <strong>in esclusiva regionale<\/strong>, il <strong>U\u00e9ffilo Jazz Club ospita<\/strong> la coppia da sogno del Jazz: la cantante danese <strong>C\u00e6cilie Norby <\/strong>e il bassista svedese <strong>Lars Danielsson<\/strong>. I due artisti presentano \u201cJust The Two Of Us\u201d, la loro nuova avventura musicale. Norby e Danielsson per anni sono stati una coppia di coniugi che musicalmente ha affrontato percorsi indipendenti fino a questo incontro artistico che ha dato vita al duetto intimo e surreale scandito dalla voce sensuale e blues di C\u00e6cilie Norby e dal basso di Danielsson. Dalla ballata eterna \u201cBoth Sides Now\u201d di Joni Mitchell, a Leonard Cohen e Abbey Lincoln, i due artisti eseguono composizioni che spaziano fino a brani nati da emozioni profonde come \u201cSad Sunday,\u201d ad arrangiamenti per duo del famoso brano \u201cLiberetto\u201d, al quale Danielsson ha aggiunto la sezione extra \u201cCantabile\u201d, per incantare con infinite sfumature espressive di musicalit\u00e0. Danielsson, vincitore del prestigioso ECHO Jazz 2015 come miglior contrabbassista dell\u2019anno in Germania, inclina e pizzica il basso, ma suona anche il violoncello e la chitarra. Il contributo vocale della Norby va fino in fondo dal pi\u00f9 delicato pianissimo a un coraggioso grido, e, si accompagna con le percussioni, usando l\u2019udu nigeriano e la sansula (una kalimba africana). Norby ha un modo spiritoso di descrivere la collaborazione in \u201cJust The Two Of Us\u201d: \u201c<i>Ci siamo ascoltati a vicenda, ci siamo adattati all\u2019altro, abbiamo sentito e giocato con le sensazioni dell\u2019altro e poi ancora ascoltati, affidati, ci siamo sorpresi <\/i><a title=\"c-cilie-norby-lars-danielsson-stora-teatern-goteborg-3432\" href=\"https:\/\/www.flickr.com\/photos\/91470992@N02\/24760804043\/in\/photostream\/\" data-flickr-embed=\"true\"><img loading=\"lazy\" decoding=\"async\" style=\"margin: 4px; float: right;\" src=\"https:\/\/farm2.staticflickr.com\/1571\/24760804043_6653705fb4.jpg\" alt=\"c-cilie-norby-lars-danielsson-stora-teatern-goteborg-3432\" width=\"400\" height=\"246\" \/><\/a><i>e convinti a vicenda, siamo tornati indietro quando avevamo dei dubbi, abbiamo esagerato, ridimensionato e poi ascoltato ancora<\/i>\u201d. Danielsson ha spiegato: \u201c<i>\u00c8 stata una grande sfida. Per un bassista, la voce \u00e8 lo strumento pi\u00f9 esigente con il quale si possa lavorare in duo. Bisogna procedere con estrema delicatezza quando arriva l\u2019intonazione e il ritmo. Pu\u00f2 funzionare solo fra due persone che si conoscono molto bene e che hanno un sesto senso per la direzione che la musica sta per prendere. Caecilie sa come ri<\/i><i>spondere all\u2019istante al mio suono, non avrei potuto fare una cosa simile con nessun altro<\/i>\u201d. No<a title=\"Caecilie-Norby\" href=\"https:\/\/www.flickr.com\/photos\/91470992@N02\/25269242842\/in\/photostream\/\" data-flickr-embed=\"true\"><img loading=\"lazy\" decoding=\"async\" style=\"margin: 4px; float: left;\" src=\"https:\/\/farm2.staticflickr.com\/1516\/25269242842_999f8eda5a.jpg\" alt=\"Caecilie-Norby\" width=\"400\" height=\"266\" \/><\/a>rby e Danielsson sono due anime gemelle che sapranno regalare al pubblico un concerto indimenticabile.<\/p>\n<p style=\"margin-bottom: 0.0001pt; text-align: justify; line-height: normal;\"><strong>C\u00e6cilie Norby <\/strong>ha iniziato la sua carriera come cantante funk e jazz nel suo paese, la Danimarca, fino al viaggio negli Stati Uniti, molto prima che altre cantanti scandinave seguissero il suo esempio. \u00c8 diventata la prima artista donna europea a essere messa sotto contratto dall\u2019etichetta Blue Note, un traguardo che l\u2019ha portata a lavorare con star internazionali come Mike Stern e Chick Corea. Poi ha trovato casa presso la ACT a partire dal 2011. Suo marito Lars Danielsson \u00e8 stato coinvolto da vicino nella produzione di entrambi i suoi album pubblicati con l\u2019etichetta. In cambio, lei ha arricchito con il suo know-how musicale le produzioni di Danielsson, come il recente album \u201cLibe<a title=\"Norby  Danielsson\" href=\"https:\/\/www.flickr.com\/photos\/91470992@N02\/25019925689\/in\/photostream\/\" data-flickr-embed=\"true\"><img loading=\"lazy\" decoding=\"async\" style=\"margin: 4px; float: right;\" src=\"https:\/\/farm2.staticflickr.com\/1452\/25019925689_3bcdc03fcf.jpg\" alt=\"Norby  Danielsson\" width=\"350\" height=\"350\" \/><\/a>retto II\u201d, uscito nel 2014.<\/p>\n<p style=\"text-align: justify;\"><strong>Lars Danielsson<\/strong>, svedese, ha avviato la sua carriera internazionale lavorando al fianco di artisti del calibro di Charles Lloyd e Brecker Brothers. In seguito ha scelto di portare avanti parallelamente il percorso artistico e il lavoro di produttore, divenendo membro della famiglia ACT ed oggi \u00e8 considerato uno dei pi\u00f9 rilevanti musicisti jazz europei. Danielsson \u00e8 stato insignito del prestigioso ECHO Jazz 2015 come miglior contrabbassista dell\u2019anno in Germania.<\/p>\n<p style=\"margin-bottom: 0.0001pt; text-align: justify; line-height: normal;\">Il cartellone internazionale del U\u00e9ffilo Jazz Club di Gioia del Colle \u00e8 curato dal critico musicale Alceste Ayroldi e dal fondatore di Jazzitalia.net Marco Losavio, co-direttori artistici della stagione.<\/p>\n<p style=\"margin-bottom: 0.0001pt; text-align: justify; line-height: normal;\"><strong>Info<\/strong>: Ticket: 25 euro.<\/p>\n<p style=\"margin-bottom: 0.0001pt; text-align: justify; line-height: normal;\">Disponibili nei punti vendita autorizzati: Centro Musica, via Vittorio Emanuele II, 160, Bari. Tel: 080.5211777, U\u00e9ffilo Jazz Club, via Paolo Losito 21, Gioia del Colle, Bari. Mobile: 389.440 9776.<\/p>\n<p style=\"margin-bottom: 0.0001pt; text-align: justify; line-height: normal;\">L\u2019ingresso \u00e8 previsto per le ore 20. Prima del concerto sar\u00e0 servito al pubblico il ricco buffet di appetizer offerto dal team U\u00e9ffilo\u201d.<\/p>\n<p style=\"text-align: right;\"><span style=\"line-height: 115%;\">Per l&#8217;Ufficio stampa U\u00e9ffilo Jazz Club Lara Angelillo<\/span>&nbsp;<\/p>\n","protected":false},"excerpt":{"rendered":"","protected":false},"author":1,"featured_media":0,"comment_status":"open","ping_status":"closed","sticky":false,"template":"","format":"standard","meta":{"colormag_page_container_layout":"default_layout","colormag_page_sidebar_layout":"default_layout","footnotes":""},"categories":[7],"tags":[],"class_list":["post-51401","post","type-post","status-publish","format-standard","hentry","category-attualita"],"_links":{"self":[{"href":"https:\/\/archiviogioia.lavocedelpaese.info\/index.php?rest_route=\/wp\/v2\/posts\/51401","targetHints":{"allow":["GET"]}}],"collection":[{"href":"https:\/\/archiviogioia.lavocedelpaese.info\/index.php?rest_route=\/wp\/v2\/posts"}],"about":[{"href":"https:\/\/archiviogioia.lavocedelpaese.info\/index.php?rest_route=\/wp\/v2\/types\/post"}],"author":[{"embeddable":true,"href":"https:\/\/archiviogioia.lavocedelpaese.info\/index.php?rest_route=\/wp\/v2\/users\/1"}],"replies":[{"embeddable":true,"href":"https:\/\/archiviogioia.lavocedelpaese.info\/index.php?rest_route=%2Fwp%2Fv2%2Fcomments&post=51401"}],"version-history":[{"count":0,"href":"https:\/\/archiviogioia.lavocedelpaese.info\/index.php?rest_route=\/wp\/v2\/posts\/51401\/revisions"}],"wp:attachment":[{"href":"https:\/\/archiviogioia.lavocedelpaese.info\/index.php?rest_route=%2Fwp%2Fv2%2Fmedia&parent=51401"}],"wp:term":[{"taxonomy":"category","embeddable":true,"href":"https:\/\/archiviogioia.lavocedelpaese.info\/index.php?rest_route=%2Fwp%2Fv2%2Fcategories&post=51401"},{"taxonomy":"post_tag","embeddable":true,"href":"https:\/\/archiviogioia.lavocedelpaese.info\/index.php?rest_route=%2Fwp%2Fv2%2Ftags&post=51401"}],"curies":[{"name":"wp","href":"https:\/\/api.w.org\/{rel}","templated":true}]}}