{"id":51426,"date":"2016-03-02T11:59:17","date_gmt":"2016-03-02T11:59:17","guid":{"rendered":"https:\/\/archiviogioia.lavocedelpaese.info\/?p=51426"},"modified":"2016-03-02T11:59:17","modified_gmt":"2016-03-02T11:59:17","slug":"enrico-ianniello-al-classico-una-ventata-di-pura-gioia-foto-2","status":"publish","type":"post","link":"https:\/\/archiviogioia.lavocedelpaese.info\/?p=51426","title":{"rendered":"ENRICO IANNIELLO AL CLASSICO. UNA VENTATA DI PURA GIOIA-foto"},"content":{"rendered":"<p><a title=\"ianniello al liceo\" href=\"https:\/\/www.flickr.com\/photos\/91470992@N02\/25150768860\" data-flickr-embed=\"true\"><img loading=\"lazy\" decoding=\"async\" style=\"display: block; margin-left: auto; margin-right: auto;\" src=\"https:\/\/farm2.staticflickr.com\/1673\/25150768860_ce13b00db8_z.jpg\" alt=\"ianniello al liceo\" width=\"320\" height=\"240\" \/><\/a><\/p>\n<p><!--more--><\/p>\n<p style=\"margin-bottom: 0.0001pt; text-align: justify; line-height: normal;\"><a title=\"ianniello al liceo\" href=\"https:\/\/www.flickr.com\/photos\/91470992@N02\/24806169754\/in\/dateposted-public\/\" data-flickr-embed=\"true\"><img loading=\"lazy\" decoding=\"async\" style=\"margin: 4px; float: left;\" src=\"https:\/\/farm2.staticflickr.com\/1678\/24806169754_3d67a1d408.jpg\" alt=\"ianniello al liceo\" width=\"400\" height=\"262\" \/><\/a> Il giorno 19 febbraio 2016, nell\u2019aula magna del Liceo Classico \u201cPublio Virgilio Marone\u201d di Gioia del Colle si \u00e8 tenuto un dibattito con il premio Campiello, <strong>Enrico Ianniello<\/strong>. La platea di lettori ha risposto attivamente all\u2019incontro con svariate domande e, cos\u00ec, anche grazie all\u2019infinita simpatia dell\u2019autore, l\u2019atmosfera \u00e8 stata allegra e dinamica.<\/p>\n<p style=\"margin-bottom: 0.0001pt; text-align: justify; line-height: normal;\">Apre l\u2019incontro una breve introduzione al romanzo dell\u2019autore, \u201c<strong>La vita prodigiosa di Isidoro Sifflotin<\/strong>\u201d, fatta dal professor <strong>Leopoldo Attolico<\/strong>. Si inizia, subito, parlando di quanto le idee politiche dell\u2019autore lo abbiano influenzato nella stesura del romanzo. Dimostra di essere pieno di voglia di cambiare il mondo senza il bisogno di fare una rivoluzione, ma attraverso piccole cose da fare giorno dopo giorno. Una lettrice curiosa, poi, chiede a Ianniello da dove avesse avuto origine l\u2019espressione usata nel libro \u201c<strong>Spart&#8217; e capisci<\/strong>\u201d. Questa espressione \u00e8 stata creata dall\u2019autore stesso per trasmetterci il messaggio che la separazione \u00e8 necessaria, se non hai la capacit\u00e0 di dividerti dalle tue convinzioni non maturi mai. Caratteristica importante del romanzo \u00e8 quella di presentare personaggi dotati di tipicit\u00e0 davvero uniche. <a title=\"ianniello al liceo\" href=\"https:\/\/www.flickr.com\/photos\/91470992@N02\/25343815091\/in\/dateposted-public\/\" data-flickr-embed=\"true\"><img loading=\"lazy\" decoding=\"async\" style=\"margin: 5px; float: right;\" src=\"https:\/\/farm2.staticflickr.com\/1589\/25343815091_7212bd352b.jpg\" alt=\"ianniello al liceo\" width=\"400\" height=\"218\" \/><\/a>Ianniello ci dice che questa scelta \u00e8 stata dettata sia da motivi letterari, per rendere i personaggi interessanti ed indimenticabili, sia dal fatto che per l\u2019autore ognuno di noi ha una particolarit\u00e0 irripetibile e quindi \u00e8 importante sottolineare le diversit\u00e0 in un mondo che tende sempre pi\u00f9 all\u2019omologazione. Riguardo alla possibilit\u00e0 di realizzare una trasposizione cinematografica del romanzo per l\u2019autore sarebbe un sogno e per questo sta cercando di concretizzare il progetto. <strong>Una costante nel romanzo \u00e8 la sofferenza<\/strong>, questa appare per l\u2019autore come inevitabile. A lui piacerebbe credere nella possibilit\u00e0 di evitare di soffrire, ma, accettatane l\u2019impossibilit\u00e0, ritiene che l\u2019unica possibilit\u00e0 di salvezza si trovi nel tramutare la sofferenza in canto, in un\u2019esperienza che fortifica e fa crescere.<\/p>\n<p style=\"margin-bottom: 0.0001pt; text-align: justify; line-height: normal;\">Si parla poi dell\u2019importanza della cultura e delle parole. In una societ\u00e0 come quella attuale \u201c<strong>si h<\/strong><strong>a sempre pi\u00f9 l\u2019impress<\/strong><a title=\"ianniello al liceo\" href=\"https:\/\/www.flickr.com\/photos\/91470992@N02\/25069165489\/in\/dateposted-public\/\" data-flickr-embed=\"true\"><img loading=\"lazy\" decoding=\"async\" style=\"margin: 5px; float: left;\" src=\"https:\/\/farm2.staticflickr.com\/1675\/25069165489_54ac052630.jpg\" alt=\"ianniello al liceo\" width=\"400\" height=\"270\" \/><\/a><strong>ione di essere messi in un angolo<\/strong>\u201d e si \u00e8 spinti ad usare impropriamente le parole e a conoscerne sempre meno il significato. Da queste idee dell\u2019autore deriva la sua scelta di mettere le parole al centro del romanzo, lui ci dice che \u201cper essere liberi bisogna conoscere pi\u00f9 parole possibili\u201d. Per lui, inoltre, queste parole devono essere sfruttate nella comunicazione con gli altri, parlare \u00e8 l\u2019unico mezzo per poter vivere in una condizione di pace e tranquillit\u00e0. Quando le mille domande poste dalla platea terminano, Ianniello ci delizia con racconti sulla propria famiglia e aneddoti esilaranti che rendono l\u2019atmosfera gioiosa.<\/p>\n<p style=\"margin-bottom: 0.0001pt; text-align: justify; line-height: normal;\">Cos\u00ec si conclude <strong>un bellissimo incontro<\/strong> in cui si \u00e8 avuta la possibilit\u00e0 di confrontarsi su dinamiche molto complesse e importanti, ma anche di scherzare e ridere insieme.<\/p>\n<p style=\"margin-bottom: 0.0001pt; text-align: justify; line-height: normal;\">Dopo le ultime foto scattate con l\u2019attore e scrittore ci salutiamo definitivamente e torniamo a casa con la mente ricca di spunti di riflessione e il cuore ricco di gioia, consapevoli di aver vissuto un\u2019esperienza indimenticabile. [foto Aldo Liuzzi]<\/p>\n<div style=\"text-align: right;\"><strong>Carla Covella<\/strong><\/div>\n<div style=\"text-align: right;\">II A Liceo Classico<\/div>\n<p>\n<object data=\"https:\/\/www.flickr.com\/apps\/slideshow\/show.swf?v=261948265\" type=\"application\/x-shockwave-flash\" width=\"640\" height=\"480\"><param name=\"flashvars\" value=\"offsite=true&amp;lang=it-it&amp;page_show_url=%2Fphotos%2F91470992%40N02%2Fsets%2F72157665308543256%2Fshow%2F&amp;page_show_back_url=%2Fphotos%2F91470992%40N02%2Fsets%2F72157665308543256%2F&amp;set_id=72157665308543256&amp;jump_to=\" \/><param name=\"movie\" value=\"https:\/\/www.flickr.com\/apps\/slideshow\/show.swf?v=261948265\" \/><param name=\"allowFullScreen\" value=\"true\" \/><\/object><\/p>\n","protected":false},"excerpt":{"rendered":"","protected":false},"author":1,"featured_media":0,"comment_status":"open","ping_status":"closed","sticky":false,"template":"","format":"standard","meta":{"colormag_page_container_layout":"default_layout","colormag_page_sidebar_layout":"default_layout","footnotes":""},"categories":[7],"tags":[],"class_list":["post-51426","post","type-post","status-publish","format-standard","hentry","category-attualita"],"_links":{"self":[{"href":"https:\/\/archiviogioia.lavocedelpaese.info\/index.php?rest_route=\/wp\/v2\/posts\/51426","targetHints":{"allow":["GET"]}}],"collection":[{"href":"https:\/\/archiviogioia.lavocedelpaese.info\/index.php?rest_route=\/wp\/v2\/posts"}],"about":[{"href":"https:\/\/archiviogioia.lavocedelpaese.info\/index.php?rest_route=\/wp\/v2\/types\/post"}],"author":[{"embeddable":true,"href":"https:\/\/archiviogioia.lavocedelpaese.info\/index.php?rest_route=\/wp\/v2\/users\/1"}],"replies":[{"embeddable":true,"href":"https:\/\/archiviogioia.lavocedelpaese.info\/index.php?rest_route=%2Fwp%2Fv2%2Fcomments&post=51426"}],"version-history":[{"count":0,"href":"https:\/\/archiviogioia.lavocedelpaese.info\/index.php?rest_route=\/wp\/v2\/posts\/51426\/revisions"}],"wp:attachment":[{"href":"https:\/\/archiviogioia.lavocedelpaese.info\/index.php?rest_route=%2Fwp%2Fv2%2Fmedia&parent=51426"}],"wp:term":[{"taxonomy":"category","embeddable":true,"href":"https:\/\/archiviogioia.lavocedelpaese.info\/index.php?rest_route=%2Fwp%2Fv2%2Fcategories&post=51426"},{"taxonomy":"post_tag","embeddable":true,"href":"https:\/\/archiviogioia.lavocedelpaese.info\/index.php?rest_route=%2Fwp%2Fv2%2Ftags&post=51426"}],"curies":[{"name":"wp","href":"https:\/\/api.w.org\/{rel}","templated":true}]}}