{"id":51475,"date":"2016-03-09T07:21:55","date_gmt":"2016-03-09T07:21:55","guid":{"rendered":"https:\/\/archiviogioia.lavocedelpaese.info\/?p=51475"},"modified":"2016-03-09T07:21:55","modified_gmt":"2016-03-09T07:21:55","slug":"cardiopatico-senza-lavoro-ne-casa-denunciato-minaccia-suicidio","status":"publish","type":"post","link":"https:\/\/archiviogioia.lavocedelpaese.info\/?p=51475","title":{"rendered":"CARDIOPATICO SENZA LAVORO E CASA. MINACCIA SUICIDIO"},"content":{"rendered":"<p><a title=\"occupazione abusiva denunciati\" href=\"https:\/\/www.flickr.com\/photos\/91470992@N02\/25613364966\/in\/dateposted-public\/\" data-flickr-embed=\"true\"><img loading=\"lazy\" decoding=\"async\" style=\"display: block; margin-left: auto; margin-right: auto;\" src=\"https:\/\/farm2.staticflickr.com\/1671\/25613364966_5a7be59989_z.jpg\" alt=\"occupazione abusiva denunciati\" width=\"320\" height=\"240\" \/><\/a><\/p>\n<p><!--more--><\/p>\n<p style=\"text-align: justify;\"><a title=\"occupazione abusiva denunciati\" href=\"https:\/\/www.flickr.com\/photos\/91470992@N02\/25009031674\/in\/dateposted-public\/\" data-flickr-embed=\"true\"><img loading=\"lazy\" decoding=\"async\" style=\"margin: 4px; float: left;\" src=\"https:\/\/farm2.staticflickr.com\/1663\/25009031674_a87654ec3f_z.jpg\" alt=\"occupazione abusiva denunciati\" width=\"400\" height=\"300\" \/><\/a>Circa un mese fa \u00e8 <strong>giunta in redazione&nbsp;la disperata richiesta di aiuto da parte<\/strong> <strong>Michele Mascio<\/strong>, <strong>49enne cardiopatico senza fissa dimora<\/strong>, a suo dire abbandonato da tutti. Ne abbiamo scritto sul settimanale \u201cla voce del paese\u201d, mantenendo l\u2019anonimato. Oggi, su sua richiesta, torniamo a parlarne dandogli un nome.<\/p>\n<p style=\"text-align: justify;\">\u201c<strong>Sono disperato<\/strong>, non posso neanche acquistare le medicine necessarie per curarmi, non ho casa, non ho lavoro n\u00e9 una pensione, non ho pi\u00f9 una famiglia\u2026 cosa mi resta? <strong>Forse \u00e8 meglio farla finita!<\/strong>\u201d<\/p>\n<p style=\"text-align: justify;\"><strong>Il dramma di Michele<\/strong> &#8211; artigiano decoratore di interni -, <strong>ha inizio nel 2013<\/strong>, quando a causa di un infarto che lo porta in coma farmacologico per due giorni, viene operato. Da quel momento la sua vita cambia, non potr\u00e0 pi\u00f9 lavorare e sostenersi. Divorziato, con tre figli e rapporti difficili con i famigliari, Mascio che di problemi ne aveva anche prima e seri, si trova per strada, solo. <a title=\"municipio n sera 21.7.02\" href=\"https:\/\/www.flickr.com\/photos\/91470992@N02\/13800083773\/in\/photolist-CBJtur-wXJBQq-tzoP8W-uTukoJ-vb5nJM-uTuZ9G-saFEu4-yhw3iN-rM9ZWz-rZ4GCg-rLLziJ-rJgSwS-r4FTin-r6r6gE-ro1jet-r6yfCc-rnTdpx-qkH6kA-ptcTn5-pdWUBT-q1Xz3j-mhbgKz-mbSJw7-m8WSti-o1rjU7-oFt1fV-ggSJNR-ggRHeP-fTYfM1-ftHv2b-ftsa11-fts9U5-oA8pjH-etrnAZ-fYch9r-qwXQJF-sm9tPP-pdWRit-jXjBkU-n2t37R-g3CqBf-n4PVjR\" data-flickr-embed=\"true\"><img loading=\"lazy\" decoding=\"async\" style=\"margin: 4px; float: right;\" src=\"https:\/\/farm8.staticflickr.com\/7392\/13800083773_e073af53e0_z.jpg\" alt=\"municipio n sera 21.7.02\" width=\"400\" height=\"300\" \/><\/a><\/p>\n<p style=\"text-align: justify;\"><strong>Il Centro di Ascolto per diversi mesi lo aiuta<\/strong>, \u00e8 ospite del dormitorio, segue un bel percorso, gli vengono affidate piccole manutenzioni ed incarichi di fiducia, \u00e8 stimato ed ha trovato casa e amici.<\/p>\n<p style=\"text-align: justify;\"><strong>Tenta di dare una svolta alla sua vita<\/strong>, creare una nuova famiglia, ma non ha fortuna, indietro non pu\u00f2 tornare.<\/p>\n<p style=\"text-align: justify;\"><strong>Il 2 marzo scorso, l\u2019ennesima beffa<\/strong>: Michele ed un suo compagno di sventura, anch\u2019egli disabile, vengono denunziati all\u2019autorit\u00e0 giudiziaria per il reato di invasione e occupazione di un edificio pubblico, insistente in via Lagomagno, nei pressi dell\u2019incrocio con via Cassano, di propriet\u00e0 del comune di Gioia del Colle. Un fabbricato \u201cespropriato\u201d dall\u2019Amministrazione Povia dopo la chiusura del passaggio a livello, e promesso all\u2019Associazione sport<a title=\"solidarieta\" href=\"https:\/\/www.flickr.com\/photos\/spoletonline\/3327456779\/in\/photolist-6535Yt-4d91wu-s14YEY-nV7wxx-7XyDkT-8GgBnX-qmpX7s-afgwNW-4r1tht-ek5Gaj-8Ggy2r-5uoptA-7XBUGm-nD5vHu-ncNktb-qiNeHt-AvgD9M-62cN6X-5D66SB-8GjHPW-BqoKJb-qmtkAn-6WiwiR-enBtzz-afdLSi-dZANSw-8GjMSh-4r1rPv-4GCjnW-nYgvUU-6f5Kzx-dEg8MK-avq9RB-fJbrJb-3dknJr-e3oeTg-aZebgg-qiPMoR-qY9b6B-8cZuiJ-rfy7q9-c9Bwuy-q531QM-54oMQL-8Ggyhv-ackabj-pKqpXV-8GgCec-oN1kWs-eocaWC\" data-flickr-embed=\"true\"><img loading=\"lazy\" decoding=\"async\" style=\"margin: 4px; float: left;\" src=\"https:\/\/farm4.staticflickr.com\/3630\/3327456779_61ffeb05e5_o.jpg\" alt=\"solidarieta\" width=\"350\" height=\"370\" \/><\/a>iva Gioia Running quale nuova sede, un progetto mai andato in porto.<\/p>\n<p style=\"text-align: justify;\"><strong>Intervengono i vigili urb<\/strong><strong>ani della locale Polizia Municipale<\/strong>. I due sono stati denunciati a piede libero ma continueranno a \u201csoggiornarvi\u201d in attesa della decisione del giudice. In quali condizioni igieniche e di sicurezza personale non \u00e8 dato sapere, visto che l\u2019immobile \u00e8 sprovvisto di acqua, luce e fogna, oltre che di suppellettili e riscaldamento.<\/p>\n<p style=\"text-align: justify;\">\u201c<strong>Non avendo residenza non posso avviare la richiesta di pensione di invalidit\u00e0<\/strong>. I Servizi sociali devono aiutarmi, non so quanto ancora potr\u00f2 resistere in queste condizioni, non ho neanche un pigiama da indossare se dovessi ricoverarmi in ospedale e sto male\u2026\u201d.<\/p>\n<p style=\"text-align: justify;\"><strong>Michele avr\u00e0 anche commesso errori<\/strong> e forse &#8211; nonostante il suo drammatico presente &#8211; per difficolt\u00e0 nel relazionarsi con chi in passato lo ha aiutato, altri ne commetter\u00e0, <strong>ma non pu\u00f2 essere abbandonato a se stesso<\/strong>. Alle istituzioni il dovere di dargli risposte, al buon cuore dei cittadini, di tendergli una mano.<\/p>\n<p>&nbsp;<\/p>\n","protected":false},"excerpt":{"rendered":"","protected":false},"author":1,"featured_media":0,"comment_status":"open","ping_status":"closed","sticky":false,"template":"","format":"standard","meta":{"colormag_page_container_layout":"default_layout","colormag_page_sidebar_layout":"default_layout","footnotes":""},"categories":[8],"tags":[],"class_list":["post-51475","post","type-post","status-publish","format-standard","hentry","category-cronaca"],"_links":{"self":[{"href":"https:\/\/archiviogioia.lavocedelpaese.info\/index.php?rest_route=\/wp\/v2\/posts\/51475","targetHints":{"allow":["GET"]}}],"collection":[{"href":"https:\/\/archiviogioia.lavocedelpaese.info\/index.php?rest_route=\/wp\/v2\/posts"}],"about":[{"href":"https:\/\/archiviogioia.lavocedelpaese.info\/index.php?rest_route=\/wp\/v2\/types\/post"}],"author":[{"embeddable":true,"href":"https:\/\/archiviogioia.lavocedelpaese.info\/index.php?rest_route=\/wp\/v2\/users\/1"}],"replies":[{"embeddable":true,"href":"https:\/\/archiviogioia.lavocedelpaese.info\/index.php?rest_route=%2Fwp%2Fv2%2Fcomments&post=51475"}],"version-history":[{"count":0,"href":"https:\/\/archiviogioia.lavocedelpaese.info\/index.php?rest_route=\/wp\/v2\/posts\/51475\/revisions"}],"wp:attachment":[{"href":"https:\/\/archiviogioia.lavocedelpaese.info\/index.php?rest_route=%2Fwp%2Fv2%2Fmedia&parent=51475"}],"wp:term":[{"taxonomy":"category","embeddable":true,"href":"https:\/\/archiviogioia.lavocedelpaese.info\/index.php?rest_route=%2Fwp%2Fv2%2Fcategories&post=51475"},{"taxonomy":"post_tag","embeddable":true,"href":"https:\/\/archiviogioia.lavocedelpaese.info\/index.php?rest_route=%2Fwp%2Fv2%2Ftags&post=51475"}],"curies":[{"name":"wp","href":"https:\/\/api.w.org\/{rel}","templated":true}]}}