{"id":51508,"date":"2016-03-11T10:03:13","date_gmt":"2016-03-11T10:03:13","guid":{"rendered":"https:\/\/archiviogioia.lavocedelpaese.info\/?p=51508"},"modified":"2016-03-11T10:03:13","modified_gmt":"2016-03-11T10:03:13","slug":"allerta-meteo-in-puglia-in-arrivo-temporali-video","status":"publish","type":"post","link":"https:\/\/archiviogioia.lavocedelpaese.info\/?p=51508","title":{"rendered":"ALLERTA METEO. IN PUGLIA IN ARRIVO TEMPORALI-video"},"content":{"rendered":"<p><a title=\"previsioni meteo\" href=\"https:\/\/www.flickr.com\/photos\/91470992@N02\/25073928824\" data-flickr-embed=\"true\"><img loading=\"lazy\" decoding=\"async\" style=\"display: block; margin-left: auto; margin-right: auto;\" src=\"https:\/\/farm2.staticflickr.com\/1703\/25073928824_a1ed9a4eba_z.jpg\" alt=\"previsioni meteo\" width=\"320\" height=\"240\" \/><\/a><\/p>\n<p><!--more--><\/p>\n<p style=\"text-align: justify;\"><a title=\"previsioni meteo\" href=\"https:\/\/www.flickr.com\/photos\/91470992@N02\/25704414235\/in\/photostream\/\" data-flickr-embed=\"true\"><img loading=\"lazy\" decoding=\"async\" style=\"margin: 4px; float: left;\" src=\"https:\/\/farm2.staticflickr.com\/1652\/25704414235_520632bd40_z.jpg\" alt=\"previsioni meteo\" width=\"400\" height=\"372\" \/><\/a>\u201cItalia nel maltempo in questi giorni, la Primavera meteorologica \u00e8 iniziata ufficialmente il 1 Marzo, ma il clima sulla nostra Penisola appare tutt&#8217;altro che primaverile. Con questo articolo desideriamo illustrare a tutti voi la possibile evoluzione meteo per l&#8217;imminente weekend: segnali importanti mostrano il possibile arrivo della Primavera, almeno al Nord.<\/p>\n<p style=\"text-align: justify;\"><strong>SITUAZIONE <\/strong>&#8211; A partire da gioved\u00ec 10 marzo l&#8217;alta pressione, timidamente, inizier\u00e0 a conquistare le regioni settentrionali. Timidamente, perch\u00e9 la sua posizione sar\u00e0 tale da facilitare l&#8217;ingresso di venti tesi di Grecale sui nostri bacini. Questi venti, decisamente freschi, andranno ad alimentare una bassa pressione che raggiunger\u00e0 il Sud e che porter\u00e0 maltempo nel corso del weekend.<\/p>\n<p style=\"text-align: justify;\"><strong>WEEKEND &#8211; <span>Sabato<i>:<\/i><\/span><\/strong> maltempo con temporali, locali grandinate e nubifragi sulla Calabria ionica, piogge sulla Puglia e sul resto del Sud, piogge su Medio Campidano, Cagliaritano e Iglesiente, piogge tra Abruzzo e Molise. Bel tempo al Nord, regioni tirreniche e gran parte delle Marche. Neve da 1000\/1200 metri in Appennino. <strong><span>Domenica<i>:<\/i><\/span><\/strong> <strong>temporali in Puglia<\/strong>, locali su Abruzzo e Molise, temporali sul Palermitano e Messinese, piogge su Marche, Campania, Basilicata e Calabria. Qualche pioggia su Torinese e Cuneese occidentali, bel tempo sul resto del Nord e Tirreniche. Tendenza a generale miglioramento entro sera.<\/p>\n<p style=\"text-align: justify;\"><strong>NUOVO GELO IN ARRIVO?<\/strong> &#8211; La stagione della Primavera (quella astronomica cadr\u00e0 il 20 marzo, ndr) \u00e8 una stagione molto dinamica dove periodi soleggiati e caldi spesso sono interrotti da temporanee incursioni gelide orientali. Una di queste potrebbe interessare l&#8217;Italia verso il 16\/17 del mese con effetti tutti da quantificare.<\/p>\n<p style=\"text-align: justify;\" align=\"right\"><strong>NEVE TARDIVA?<\/strong> &#8211; Ricordiamo per i nostri lettori che il 25 marzo 2013 le regioni del Nordest vennero interessate da una nevicata tardiva: primavera s\u00ec, ma la parola d&#8217;ordine \u00e8 dinamicit\u00e0!\u201d (Il Meteo)<\/p>\n<p><iframe loading=\"lazy\" src=\"http:\/\/www.ilmeteo.it\/videom\/embed_domani_autoplay\" width=\"640\" height=\"400\" allowfullscreen=\"allowfullscreen\" mozallowfullscreen=\"true\" webkitallowfullscreen=\"true\"><\/iframe><\/p>\n","protected":false},"excerpt":{"rendered":"","protected":false},"author":1,"featured_media":0,"comment_status":"open","ping_status":"closed","sticky":false,"template":"","format":"standard","meta":{"colormag_page_container_layout":"default_layout","colormag_page_sidebar_layout":"default_layout","footnotes":""},"categories":[8],"tags":[],"class_list":["post-51508","post","type-post","status-publish","format-standard","hentry","category-cronaca"],"_links":{"self":[{"href":"https:\/\/archiviogioia.lavocedelpaese.info\/index.php?rest_route=\/wp\/v2\/posts\/51508","targetHints":{"allow":["GET"]}}],"collection":[{"href":"https:\/\/archiviogioia.lavocedelpaese.info\/index.php?rest_route=\/wp\/v2\/posts"}],"about":[{"href":"https:\/\/archiviogioia.lavocedelpaese.info\/index.php?rest_route=\/wp\/v2\/types\/post"}],"author":[{"embeddable":true,"href":"https:\/\/archiviogioia.lavocedelpaese.info\/index.php?rest_route=\/wp\/v2\/users\/1"}],"replies":[{"embeddable":true,"href":"https:\/\/archiviogioia.lavocedelpaese.info\/index.php?rest_route=%2Fwp%2Fv2%2Fcomments&post=51508"}],"version-history":[{"count":0,"href":"https:\/\/archiviogioia.lavocedelpaese.info\/index.php?rest_route=\/wp\/v2\/posts\/51508\/revisions"}],"wp:attachment":[{"href":"https:\/\/archiviogioia.lavocedelpaese.info\/index.php?rest_route=%2Fwp%2Fv2%2Fmedia&parent=51508"}],"wp:term":[{"taxonomy":"category","embeddable":true,"href":"https:\/\/archiviogioia.lavocedelpaese.info\/index.php?rest_route=%2Fwp%2Fv2%2Fcategories&post=51508"},{"taxonomy":"post_tag","embeddable":true,"href":"https:\/\/archiviogioia.lavocedelpaese.info\/index.php?rest_route=%2Fwp%2Fv2%2Ftags&post=51508"}],"curies":[{"name":"wp","href":"https:\/\/api.w.org\/{rel}","templated":true}]}}