{"id":51509,"date":"2016-03-10T08:50:29","date_gmt":"2016-03-10T08:50:29","guid":{"rendered":"https:\/\/archiviogioia.lavocedelpaese.info\/?p=51509"},"modified":"2016-03-10T08:50:29","modified_gmt":"2016-03-10T08:50:29","slug":"meteo-maltempo-non-stop-su-tutto-il-centro-sud-video-2","status":"publish","type":"post","link":"https:\/\/archiviogioia.lavocedelpaese.info\/?p=51509","title":{"rendered":"METEO. MALTEMPO NON-STOP SU TUTTO IL CENTRO-SUD-video"},"content":{"rendered":"<p><a title=\"maltempo-non-stop\" href=\"https:\/\/www.flickr.com\/photos\/91470992@N02\/25369707950\" data-flickr-embed=\"true\"><img loading=\"lazy\" decoding=\"async\" style=\"display: block; margin-left: auto; margin-right: auto;\" src=\"https:\/\/farm2.staticflickr.com\/1672\/25369707950_486598d9c1_z.jpg\" alt=\"maltempo-non-stop\" width=\"320\" height=\"240\" \/><\/a><\/p>\n<p><!--more--><\/p>\n<p style=\"text-align: justify;\"><a title=\"maltempo-non-stop\" href=\"https:\/\/www.flickr.com\/photos\/91470992@N02\/25670549845\/in\/photostream\/\" data-flickr-embed=\"true\"><img loading=\"lazy\" decoding=\"async\" style=\"margin: 4px; float: left;\" src=\"https:\/\/farm2.staticflickr.com\/1452\/25670549845_e503670a13.jpg\" alt=\"maltempo-non-stop\" width=\"400\" height=\"432\" \/><\/a>\u201cMaltempo non-stop! Continuer\u00e0 a piovere sull&#8217;Italia, soprattutto al Centro-Sud, mentre al Nord arriva l&#8217;alta pressione che riporter\u00e0 un po&#8217; pi\u00f9 sole e un clima pi\u00f9 mite e consono al mese in corso.<\/p>\n<p style=\"text-align: justify;\"><strong>SITUAZIONE &#8211;<\/strong> Il tempo continuer\u00e0 a rimanere molto instabile sulle regioni centro-meridionali per &#8216;arrivo dall&#8217;Algeria settentrionale di una bassa pressione che nei prossimi giorni verr\u00e0 alimentata e rinvigorita anche dall&#8217;ingresso di venti tesi di Grecale.<\/p>\n<p style=\"text-align: justify;\"><strong>GIOVEDI 10 MARZO &#8211; <\/strong>Torna il sole al Nord con clima decisamente piacevole. Piogge moderate e con locali temporali su Puglia, Abruzzo, Molise, poi Marche, Romagna, piogge sul Lazio e in serata peggiora in Sicilia con temporali sull&#8217;Agrigentino.<\/p>\n<p style=\"text-align: justify;\"><strong>VENERDI<\/strong> <strong>11 MARZO<\/strong>&#8211; Nuvoloso al Nord, ma con scarse precipitazioni. Maltempo in Puglia, in modo pi\u00f9intenso su Sicilia e poi Calabria ionica con <strong><i>nubifragi o bombe d&#8217;acqua<\/i><\/strong> su Catania, Messinese, Reggino, Catanzarese, Crotonese e Cosentino ionici. Attenzione a questi settori. Venti di Grecale.<\/p>\n<p style=\"text-align: justify;\"><strong>WEEKEND <\/strong>&#8211; Tempo soleggiato al Nord, maltempo su Abruzzo, Molise e poi sul resto del Sud con piogge diffuse e locali nubifragi sulle coste abruzzesi e molisane e Calabresi e Lucane ioniche.<\/p>\n<p style=\"text-align: justify;\"><strong>VENTI<\/strong> &#8211; Inizieranno a soffiare di Grecale (bora, ndr) sui bacini centro-settentrionali, a rotazione ciclonica al Sud.<\/p>\n<p style=\"text-align: justify;\"><strong>TEMPERATURE<\/strong> &#8211; In graduale aumento al Nord con valori massimi gradevoli, stazionarie altrove\u201d.<\/p>\n<p style=\"text-align: right;\" align=\"right\">\u201cIl Meteo\u201d<\/p>\n<p><iframe loading=\"lazy\" src=\"http:\/\/www.ilmeteo.it\/videom\/embed_oggi_autoplay\" width=\"640\" height=\"400\" allowfullscreen=\"allowfullscreen\" mozallowfullscreen=\"true\" webkitallowfullscreen=\"true\"><\/iframe><\/p>\n","protected":false},"excerpt":{"rendered":"","protected":false},"author":1,"featured_media":0,"comment_status":"open","ping_status":"closed","sticky":false,"template":"","format":"standard","meta":{"colormag_page_container_layout":"default_layout","colormag_page_sidebar_layout":"default_layout","footnotes":""},"categories":[8],"tags":[],"class_list":["post-51509","post","type-post","status-publish","format-standard","hentry","category-cronaca"],"_links":{"self":[{"href":"https:\/\/archiviogioia.lavocedelpaese.info\/index.php?rest_route=\/wp\/v2\/posts\/51509","targetHints":{"allow":["GET"]}}],"collection":[{"href":"https:\/\/archiviogioia.lavocedelpaese.info\/index.php?rest_route=\/wp\/v2\/posts"}],"about":[{"href":"https:\/\/archiviogioia.lavocedelpaese.info\/index.php?rest_route=\/wp\/v2\/types\/post"}],"author":[{"embeddable":true,"href":"https:\/\/archiviogioia.lavocedelpaese.info\/index.php?rest_route=\/wp\/v2\/users\/1"}],"replies":[{"embeddable":true,"href":"https:\/\/archiviogioia.lavocedelpaese.info\/index.php?rest_route=%2Fwp%2Fv2%2Fcomments&post=51509"}],"version-history":[{"count":0,"href":"https:\/\/archiviogioia.lavocedelpaese.info\/index.php?rest_route=\/wp\/v2\/posts\/51509\/revisions"}],"wp:attachment":[{"href":"https:\/\/archiviogioia.lavocedelpaese.info\/index.php?rest_route=%2Fwp%2Fv2%2Fmedia&parent=51509"}],"wp:term":[{"taxonomy":"category","embeddable":true,"href":"https:\/\/archiviogioia.lavocedelpaese.info\/index.php?rest_route=%2Fwp%2Fv2%2Fcategories&post=51509"},{"taxonomy":"post_tag","embeddable":true,"href":"https:\/\/archiviogioia.lavocedelpaese.info\/index.php?rest_route=%2Fwp%2Fv2%2Ftags&post=51509"}],"curies":[{"name":"wp","href":"https:\/\/api.w.org\/{rel}","templated":true}]}}