{"id":51567,"date":"2016-03-17T11:18:54","date_gmt":"2016-03-17T11:18:54","guid":{"rendered":"https:\/\/archiviogioia.lavocedelpaese.info\/?p=51567"},"modified":"2016-03-17T11:18:54","modified_gmt":"2016-03-17T11:18:54","slug":"meteo-e-allerta-in-arrivo-nubifragi-massima-attenzione","status":"publish","type":"post","link":"https:\/\/archiviogioia.lavocedelpaese.info\/?p=51567","title":{"rendered":"METEO. \u00c8 ALLERTA. IN ARRIVO NUBIFRAGI. MASSIMA ATTENZIONE!"},"content":{"rendered":"<p><a title=\"previsione meteo\" href=\"https:\/\/www.flickr.com\/photos\/91470992@N02\/25216582184\" data-flickr-embed=\"true\"><img loading=\"lazy\" decoding=\"async\" style=\"display: block; margin-left: auto; margin-right: auto;\" src=\"https:\/\/farm2.staticflickr.com\/1533\/25216582184_7b35f024dd_o.png\" alt=\"previsione meteo\" width=\"320\" height=\"240\" \/><\/a><\/p>\n<p><!--more--><\/p>\n<p style=\"text-align: justify;\"><a title=\"meteo previsioni\" href=\"https:\/\/www.flickr.com\/photos\/91470992@N02\/25883957155\/in\/dateposted-public\/\" data-flickr-embed=\"true\"><img loading=\"lazy\" decoding=\"async\" style=\"margin: 4px; float: left;\" src=\"https:\/\/farm2.staticflickr.com\/1669\/25883957155_5209b3a57a_o.png\" alt=\"meteo previsioni\" width=\"350\" height=\"378\" \/><\/a>&#8220;Mentre al Nordovest, specie in Piemonte, si dovranno fare i conti con le intense nevicate, al sud i problemi maggiori verranno dalle piogge, a causa di un peggioramento dal sapore tipicamente autunnale.<\/p>\n<p style=\"text-align: justify;\"><strong>RISCHIO &#8211; <\/strong>Massima attenzione sull&#8217;Italia: un&#8217;intensa fase di maltempo interesser\u00e0 le regioni meridionali, con forti piogge, mareggiate, nubifragi, che interesseranno principalmente la Puglia centro meridionale, la Calabria Ionica e la Basilicata.<\/p>\n<p style=\"text-align: justify;\"><strong>ALLERTA NUBIFRAGI &#8211;<\/strong> Una bassa pressione nordafricana sta portando diffuso maltempo con nubifragi su tutta la Calabria ionica e la Puglia.&nbsp; Dove potranno cadere anche pi\u00f9 di 100 mm di piogge nell&#8217;arco di poche ore. La fase pi\u00f9 critica la si avr\u00e0 oggi, <strong>venerd\u00ec 18<\/strong>: il colore viola identifica piogge intense e nubifragi, con accumuli pluviometrici superiori ai <strong>100 mm<\/strong>. Le forti piogge entro sera si sposteranno verso la <strong>Basilicata<\/strong>, anche qui con rischio di fenomeni a tratti intensi.<\/p>\n<p style=\"text-align: justify;\"><strong>VENTI &#8211;<\/strong> Forti venti di Scirocco, mare molto mosso che potrebbe influire negativamente sullo scarico a mare dei fiumi favorendo eventuali esondazioni dei rivi minori&#8221;.<\/p>\n<p style=\"text-align: right;\">(ilMeteo)<\/p>\n<p><iframe loading=\"lazy\" src=\"http:\/\/www.ilmeteo.it\/videom\/embed_domani_autoplay\" width=\"640\" height=\"400\" allowfullscreen=\"allowfullscreen\" mozallowfullscreen=\"true\" webkitallowfullscreen=\"true\"><\/iframe><\/p>\n","protected":false},"excerpt":{"rendered":"","protected":false},"author":1,"featured_media":0,"comment_status":"open","ping_status":"closed","sticky":false,"template":"","format":"standard","meta":{"colormag_page_container_layout":"default_layout","colormag_page_sidebar_layout":"default_layout","footnotes":""},"categories":[8],"tags":[],"class_list":["post-51567","post","type-post","status-publish","format-standard","hentry","category-cronaca"],"_links":{"self":[{"href":"https:\/\/archiviogioia.lavocedelpaese.info\/index.php?rest_route=\/wp\/v2\/posts\/51567","targetHints":{"allow":["GET"]}}],"collection":[{"href":"https:\/\/archiviogioia.lavocedelpaese.info\/index.php?rest_route=\/wp\/v2\/posts"}],"about":[{"href":"https:\/\/archiviogioia.lavocedelpaese.info\/index.php?rest_route=\/wp\/v2\/types\/post"}],"author":[{"embeddable":true,"href":"https:\/\/archiviogioia.lavocedelpaese.info\/index.php?rest_route=\/wp\/v2\/users\/1"}],"replies":[{"embeddable":true,"href":"https:\/\/archiviogioia.lavocedelpaese.info\/index.php?rest_route=%2Fwp%2Fv2%2Fcomments&post=51567"}],"version-history":[{"count":0,"href":"https:\/\/archiviogioia.lavocedelpaese.info\/index.php?rest_route=\/wp\/v2\/posts\/51567\/revisions"}],"wp:attachment":[{"href":"https:\/\/archiviogioia.lavocedelpaese.info\/index.php?rest_route=%2Fwp%2Fv2%2Fmedia&parent=51567"}],"wp:term":[{"taxonomy":"category","embeddable":true,"href":"https:\/\/archiviogioia.lavocedelpaese.info\/index.php?rest_route=%2Fwp%2Fv2%2Fcategories&post=51567"},{"taxonomy":"post_tag","embeddable":true,"href":"https:\/\/archiviogioia.lavocedelpaese.info\/index.php?rest_route=%2Fwp%2Fv2%2Ftags&post=51567"}],"curies":[{"name":"wp","href":"https:\/\/api.w.org\/{rel}","templated":true}]}}