{"id":51590,"date":"2016-03-17T17:55:11","date_gmt":"2016-03-17T17:55:11","guid":{"rendered":"https:\/\/archiviogioia.lavocedelpaese.info\/?p=51590"},"modified":"2016-03-17T17:55:11","modified_gmt":"2016-03-17T17:55:11","slug":"giovanna-magistro-candidato-sindaco-ce-chi-ci-crede-nel-pd-2","status":"publish","type":"post","link":"https:\/\/archiviogioia.lavocedelpaese.info\/?p=51590","title":{"rendered":"GIOVANNA MAGISTRO CANDIDATO SINDACO. C\u2019\u00c8 CHI CI CREDE! IL PD?"},"content":{"rendered":"<p><a title=\"pd gioia del colle sede\" href=\"https:\/\/www.flickr.com\/photos\/91470992@N02\/25562143040\/in\/dateposted-public\/\" data-flickr-embed=\"true\"><img loading=\"lazy\" decoding=\"async\" style=\"display: block; margin-left: auto; margin-right: auto;\" src=\"https:\/\/farm2.staticflickr.com\/1669\/25562143040_44212d697e_z.jpg\" alt=\"pd gioia del colle sede\" width=\"320\" height=\"240\" \/><\/a><\/p>\n<p><!--more--><\/p>\n<p style=\"text-align: justify;\"><a title=\"Giovanna Magistro\" href=\"https:\/\/www.flickr.com\/photos\/91470992@N02\/25562141870\/in\/dateposted-public\/\" data-flickr-embed=\"true\"><img loading=\"lazy\" decoding=\"async\" style=\"margin: 4px; float: left;\" src=\"https:\/\/farm2.staticflickr.com\/1565\/25562141870_a4fa68ce3e_o.jpg\" alt=\"Giovanna Magistro\" width=\"350\" height=\"502\" \/><\/a>\u201cNella giornata della donna datiamo questo documento che presenta, e in parte rappresenta, la <strong>prima candidatura di una donna a sindaco di Gioia del Colle<\/strong>.<\/p>\n<p style=\"text-align: justify;\"><strong>Le prossime elezioni amministrative sono un passaggio cruciale<\/strong> che la nostra comunit\u00e0 deve saper cogliere per porre fine ad anni difficilissimi caratterizzati da una profonda crisi politica, economica, sociale. Da troppo tempo il nostro paese sembra immobile incapace di guardare al futuro, di raccontarsi.<\/p>\n<p style=\"text-align: justify;\">Anche alcune piazze e strade vuote della nostra citt\u00e0 assomigliano molto alla stessa <strong>triste rappresentazione del vuoto di una classe dirigente<\/strong> che lascia alle nuove generazioni solo una pesantissima eredit\u00e0.<\/p>\n<p style=\"text-align: justify;\">La politica come confronto, anche acceso, tra visioni diverse sembra ridotta nella nostra citt\u00e0 ad una <strong>continua e logora guerra di potere<\/strong> dove quello che conta non \u00e8 mai l\u2019interesse generale ma quello particolare, dove la tattica e il compromesso hanno cancellato ogni forma di responsabilit\u00e0 e condivisione con i cittadini delle scelte, dei programmi, dei progetti. \u00c8 la lotta per il potere.<\/p>\n<p style=\"text-align: justify;\"><strong>Veniamo da un anno orribile<\/strong> anche per la nostra economia cittadina, chiusura di imprese ed esercizi commerciali, licenziamenti, difficolt\u00e0 sempre maggiori nell\u2019accesso al credito, tassi di disoccupazione sempre pi\u00f9 elevati. Effetti di una crisi pi\u00f9 grande di noi e ancora dura da superare.<\/p>\n<p style=\"text-align: justify;\">E dove erano assenti le istituzioni <strong>\u00e8 arrivata la criminalit\u00e0 organizzata<\/strong> con i suoi tentativi di inquinamento del tessuto economico della nostra citt\u00e0.<\/p>\n<p style=\"text-align: justify;\"><strong>La mancanza di trasparenza amministrativa<\/strong>, l\u2019assenza di tutela degli interessi collettivi hanno prodotto una citt\u00e0 che non \u00e8 pi\u00f9 capace, nel suo insieme, di immaginare il proprio futuro.<\/p>\n<p style=\"text-align: justify;\">E allora \u00e8 di qui che bisogna ripartire! Ricostruire il legame tra istituzioni e cittadini, tra citt\u00e0 e territorio, promuovendo un modello politico e amministrativo capace di accogliere e promuovere idee, progetti e proposte innovative capaci di valorizzare un tessuto sociale fatto di artigiani, agricoltori, piccoli e medi imprenditori, artisti ed innovatori delle arti e delle imprese custodi, attraverso il proprio lavoro, delle risorse sociali, culturali, ambientali, artistiche della nostra citt\u00e0.<\/p>\n<p style=\"text-align: justify;\"><strong>Amministrare, oggi, un ente locale \u00e8 un\u2019esperienza molto complessa<\/strong> ce ne rendiamo conto ma alla politica viene richiesto anche altro. Amministrazione e societ\u00e0 non possono pi\u00f9 viaggiare su due binari diversi, quelli della contrapposizione e della conflittualit\u00e0. Oggi gli strumenti per un\u2019amministrazione condivisa ci sono, l\u2019applicazione del principio di sussidiariet\u00e0 favorisce la creazione di inedite alleanze e reti tra cittadini e istituzioni in quanto entrambi legittimati dalla Costituzione a perseguire l\u2019interesse generale: alleanza, autonomia, fiducia, responsabilit\u00e0 sono le parole chiave.<\/p>\n<p style=\"text-align: justify;\">Tutto questo permette alle persone di incontrarsi, creare capitale sociale, alimentare legami di comunit\u00e0. Un patrimonio che arricchisce tutti gli ambiti della vita collettiva da quello sociale, a quello economico, a quello culturale.<\/p>\n<p style=\"text-align: justify;\"><strong>Si tratta di impostare l\u2019azione politica e amministrativa verso la costruzione<\/strong> di una serie di servizi che, in modo condiviso e partecipato, esalti le vocazioni territoriali proponendo stili di vita sostenibili, generando processi di inclusione dal basso. E\u2019 questo il modello su cui costruire le concrete proposte del programma amministrativo, le singole azioni e gli obiettivi specifici. La condivisione, la partecipazione, l\u2019inclusione sociale sono gli architravi su cui costruire per ogni abitante di Gioia una lunga vita felice\u2026<\/p>\n<p style=\"text-align: justify;\"><strong>Abbiamo sollecitato e appreso della disponibilit\u00e0 di Giovanna Magistro a candidarsi<\/strong> a sindaco di Gioia del Colle per la costruzione di un modello amministrativo che abbia queste caratteristiche, in una proposta politica che vuole rinnovare il centrosinistra e aperta a un programma partecipato.<\/p>\n<p style=\"text-align: justify;\"><strong>Sottoscriviamo la candidatura<\/strong>, <strong>nella speranza che il partito<\/strong> nel quale Giovanna milita e nel quale ripone massima fiducia <strong>si apra alla citt\u00e0<\/strong>, a nuove generazioni di amministratori, <strong>ci dia ascolto e proponga le primarie<\/strong> aperte di partito o di coalizione\u201d.<\/p>\n<p style=\"text-align: justify;\"><strong>Sostenitrici\/Sostenitori<\/strong>:<\/p>\n<p style=\"text-align: justify;\"><strong>Mario Pugliese<\/strong> (Artista) <strong>Luna Donvito<\/strong> (Imprenditrice)<strong>, Rosella Cuscito<\/strong> (Avvocato) <strong>Stefania Orfino<\/strong> (Avvocato,praticante) <strong>Giovanni Orfino<\/strong> (Avvocato) <strong>Catia Notarnicola<\/strong> (Avvocato) <strong>Saverio Capodiferro<\/strong> (Medico Odontoiatra) <strong>Graziano Procino<\/strong> (Architetto) <strong>Donato Mottola<\/strong> (Imprenditore) <strong>Vittoria Santoiemma<\/strong> (Imprenditrice) <strong>Mariella Panessa<\/strong> (Assistente sociale) <strong>Francesca Quatraro<\/strong> (Illustratrice) <strong>Maril\u00f9 Cardascia<\/strong> (MakeUp Artist) <strong>Arianna Gentile<\/strong> (Logopedista) <strong>Peppino Vasco<\/strong> (non ha bisogno di presentazioni&#8230;) <strong>Goffredo Giordano<\/strong> (Fisico,specializzando) <strong>Maidy Prieto<\/strong> (Operatrice sociale) <strong>Michele Raimondi <\/strong>(Impiegato) <strong>Gabriella Treglia<\/strong> (Commerciante) <strong>Giuseppe Procino<\/strong> (Analista della produzione audiovisiva) <strong>Gino Donvito<\/strong> (Pittore) <strong>Maria Laterza<\/strong> (Commerciante) <strong>Rosalba Bottalico<\/strong> (Esperta Fondi Strutturali) <strong>Mimmo Ricatti<\/strong> (Reporter &#8211; fotografo) <strong>Alfredo Elvio Galli<\/strong> (Imprenditore) <strong>Ramona Ricciardi<\/strong> (Imprenditrice) <strong>Giuseppe Procino<\/strong> (Docente universitario) <strong>Elisabetta Resta<\/strong> (Tecnico della Formazione) <strong>Milano Teresa<\/strong> (Studentessa) <strong>Giorgio Donvito<\/strong> (Fisioterapista) <strong>Paola Di Noya<\/strong> (Bracciante agricolo) <strong>Mariella Labianca<\/strong> (Funzionario,Agenzia delle Entrate) <strong>Claudio Donatone<\/strong> (Medico) <strong>Rossella Romano<\/strong> (Artigiana) <strong>Vincenza Giannico<\/strong> (Studentessa universitaria), <strong>Giacinto Milano<\/strong> (Architetto), <strong>Augusto Vito Angelillo<\/strong> (Impiegato,Vigili del Fuoco), <strong>Maria Carnevale<\/strong> (Pensionata), <strong>Ezio Cantore<\/strong> (Bancario) <strong>Nicla Stasi<\/strong> (Insegnante) <strong>Rossana Prisciantelli<\/strong> (Stilista) <strong>Francesca Santoiemma<\/strong> (Insegnante) <strong>Rossella D\u2019Aprile<\/strong> (Responsabile Centro di Assistenza Fiscale).<\/p>\n<p>Gioia del Colle, 08\/03\/2016<\/p>\n","protected":false},"excerpt":{"rendered":"","protected":false},"author":1,"featured_media":0,"comment_status":"open","ping_status":"closed","sticky":false,"template":"","format":"standard","meta":{"colormag_page_container_layout":"default_layout","colormag_page_sidebar_layout":"default_layout","footnotes":""},"categories":[4],"tags":[],"class_list":["post-51590","post","type-post","status-publish","format-standard","hentry","category-politica"],"_links":{"self":[{"href":"https:\/\/archiviogioia.lavocedelpaese.info\/index.php?rest_route=\/wp\/v2\/posts\/51590","targetHints":{"allow":["GET"]}}],"collection":[{"href":"https:\/\/archiviogioia.lavocedelpaese.info\/index.php?rest_route=\/wp\/v2\/posts"}],"about":[{"href":"https:\/\/archiviogioia.lavocedelpaese.info\/index.php?rest_route=\/wp\/v2\/types\/post"}],"author":[{"embeddable":true,"href":"https:\/\/archiviogioia.lavocedelpaese.info\/index.php?rest_route=\/wp\/v2\/users\/1"}],"replies":[{"embeddable":true,"href":"https:\/\/archiviogioia.lavocedelpaese.info\/index.php?rest_route=%2Fwp%2Fv2%2Fcomments&post=51590"}],"version-history":[{"count":0,"href":"https:\/\/archiviogioia.lavocedelpaese.info\/index.php?rest_route=\/wp\/v2\/posts\/51590\/revisions"}],"wp:attachment":[{"href":"https:\/\/archiviogioia.lavocedelpaese.info\/index.php?rest_route=%2Fwp%2Fv2%2Fmedia&parent=51590"}],"wp:term":[{"taxonomy":"category","embeddable":true,"href":"https:\/\/archiviogioia.lavocedelpaese.info\/index.php?rest_route=%2Fwp%2Fv2%2Fcategories&post=51590"},{"taxonomy":"post_tag","embeddable":true,"href":"https:\/\/archiviogioia.lavocedelpaese.info\/index.php?rest_route=%2Fwp%2Fv2%2Ftags&post=51590"}],"curies":[{"name":"wp","href":"https:\/\/api.w.org\/{rel}","templated":true}]}}