{"id":51591,"date":"2016-03-19T12:02:24","date_gmt":"2016-03-19T12:02:24","guid":{"rendered":"https:\/\/archiviogioia.lavocedelpaese.info\/?p=51591"},"modified":"2016-03-19T12:02:24","modified_gmt":"2016-03-19T12:02:24","slug":"il-fascino-del-mondo-colorato-e-plastico-di-iginio-iurilli-foto","status":"publish","type":"post","link":"https:\/\/archiviogioia.lavocedelpaese.info\/?p=51591","title":{"rendered":"IL FASCINO DEL MONDO COLORATO E PLASTICO DI IGINIO IURILLI-foto"},"content":{"rendered":"<p><a title=\"incontro con iginio iurilli\" href=\"https:\/\/www.flickr.com\/photos\/91470992@N02\/25792599712\/in\/dateposted-public\/\" data-flickr-embed=\"true\"><img loading=\"lazy\" decoding=\"async\" style=\"display: block; margin-left: auto; margin-right: auto;\" src=\"https:\/\/farm2.staticflickr.com\/1592\/25792599712_9191f22ca6_z.jpg\" alt=\"incontro con iginio iurilli\" width=\"320\" height=\"240\" \/><\/a><\/p>\n<p><!--more--><\/p>\n<p style=\"margin-bottom: 0.0001pt; text-align: justify; line-height: normal;\"><a title=\"incontro con iginio iurilli\" href=\"https:\/\/www.flickr.com\/photos\/91470992@N02\/25280657944\/in\/dateposted-public\/\" data-flickr-embed=\"true\"><img loading=\"lazy\" decoding=\"async\" style=\"margin: 4px; float: left;\" src=\"https:\/\/farm2.staticflickr.com\/1471\/25280657944_0689f82b29.jpg\" alt=\"incontro con iginio iurilli\" width=\"400\" height=\"300\" \/><\/a> \u00c8 dedicato all\u2019artista nativo di Gioia del Colle, <strong>Iginio Iurilli<\/strong>, il terzo incontro \u2013 avutosi, presso il foyer del teatro comunale \u2018Rossini\u2019, nella serata di luned\u00ec 14 marzo \u2013 della rassegna dal titolo \u2018<strong>Come fiori<\/strong>\u2019, dedicata all\u2019arte visiva e organizzata da <strong>Pierluca Cetera<\/strong> con la collaborazione dell\u2019associazione, \u2018<strong>Sic! ProgettAzioni Culturali\u2019<\/strong>, e \u2018<strong>Palazzo Romano Eventi\u2019<\/strong>.<\/p>\n<p style=\"margin-bottom: 0.0001pt; text-align: justify; line-height: normal;\"><strong>Un artista che<\/strong>, nella sua sperimentazione, <strong>non si \u00e8 mai posto dei confini<\/strong> sia nei materiali scelti che <strong>nelle tecniche usate<\/strong>: \u201cPicasso, secondo me, \u00e8 un pittore che non si \u00e8 mai posto dei limiti sia per un aspetto puramente tecnico che per uno concernente i materiali [\u2026]. Anch\u2019io ho cercato nel mio percorso di non pormi mai dei limiti [\u2026]\u201d, in questi termini si esprime lo stesso Iginio Iurilli.<\/p>\n<p style=\"margin-bottom: 0.0001pt; text-align: justify; line-height: normal;\">Si parte, infatti, <strong>dall\u2019originale scelta figurativa<\/strong> basata sulla tematica ecologica, con la consequenziale attenzione al degrado urbano ed extraurbano, p<a title=\"incontro con iginio iurilli\" href=\"https:\/\/www.flickr.com\/photos\/91470992@N02\/25284665433\/in\/dateposted-public\/\" data-flickr-embed=\"true\"><img loading=\"lazy\" decoding=\"async\" style=\"margin: 4px; float: right;\" src=\"https:\/\/farm2.staticflickr.com\/1707\/25284665433_8494f93f37.jpg\" alt=\"incontro con iginio iurilli\" width=\"400\" height=\"300\" \/><\/a>er poi passare ad un periodo, cosiddetto antropologico, durante il quale riporta in vita tutta una serie di giochi che appartenevano alla sua infanzia. Il gioco della cerbottana, ad esempio, \u00e8 riproposto in un cubo ludico, dato dalla tecnica del dripping, colorazione utilizzata dal pittore statunitense Pollock. \u201cDal 1976\u201d \u2013 continua l\u2019artista barese \u2013 \u201cho smesso di fare il pittore e per tre anni non ho fatto nulla. In quel periodo, per\u00f2, si svilupp\u00f2 una moda che andava verso le tradizioni popolari, ed \u00e8 in quell\u2019ambito che pensai ai giochi della dimensione infantile [\u2026]\u201d.<\/p>\n<p style=\"margin-bottom: 0.0001pt; text-align: justify; line-height: normal;\"><span><strong>I materiali utilizzati sono molteplici<\/strong>: legno, acciaio, lame e cartapesta. Vi \u00e8 nelle opere di Iginio Iurilli una plasticit\u00e0 capace di farle vibrare. La cartapesta \u00e8 utilizzata proprio per raggiungere un volume accentuato: una serie di opere, dove dall\u2019elemento floreale arriviamo ad uno antropomorfo e sessuale. <strong>Grande \u00e8 la forza inquietante della sequenza<\/strong> di piatti in cui vi sono le lische di pesce, e grande \u00e8 la forza evocativa dell\u2019opera scultorea, ricop<\/span><a title=\"incontro con iginio iurilli\" href=\"https:\/\/www.flickr.com\/photos\/91470992@N02\/25284667523\/in\/dateposted-public\/\" data-flickr-embed=\"true\"><img loading=\"lazy\" decoding=\"async\" style=\"margin: 4px; float: left;\" src=\"https:\/\/farm2.staticflickr.com\/1648\/25284667523_50b9b1a708.jpg\" alt=\"incontro con iginio iurilli\" width=\"400\" height=\"300\" \/><\/a><span>erta di sale, realizzata a Polignano, presso cala Paura, <strong>in occasione del Premio Pino Pascali<\/strong>. Iurilli passa cos\u00ec definitivamente dalla espressivit\u00e0 bidimensionale della tela alla sfera tridimensionale della scultura e, dopo il lungo periodo di sperimentazione di tecniche e materiali diversi, <strong>realizza i primi bassorilievi in legno intagliato<\/strong> ricoperti non solo di sale, ma anche di polvere di marmo o sabbia di deserto, fino ad arrivare ai meravigliosi grandi ricci. \u201cMi piace l\u2019idea che si possa entrare nell\u2019opera d\u2019arte. Mi affascina l\u2019atteggiamento ironico e<\/span><span> il pensiero di poter unire due mondi lontani, come quello dell\u2019ironia e dell\u2019inquietudine [\u2026]\u201d.<\/span><\/p>\n<p style=\"margin-bottom: 0.0001pt; text-align: justify; line-height: normal;\">Di certo l\u2019artista barese <strong>Iginio Iurilli \u00e8 capace di esercitare una forte fascinazione<\/strong> sui presenti che, durante l\u2019incontro, sono immersi nel suo mondo colorato e plastico. [foto Mimmo Castellaneta]<\/p>\n<p>\n<object data=\"https:\/\/www.flickr.com\/apps\/slideshow\/show.swf?v=261948265\" type=\"application\/x-shockwave-flash\" width=\"640\" height=\"480\"><param name=\"flashvars\" value=\"offsite=true&amp;lang=it-it&amp;page_show_url=%2Fphotos%2F91470992%40N02%2Fsets%2F72157665952663862%2Fshow%2F&amp;page_show_back_url=%2Fphotos%2F91470992%40N02%2Fsets%2F72157665952663862%2F&amp;set_id=72157665952663862&amp;jump_to=\" \/><param name=\"movie\" value=\"https:\/\/www.flickr.com\/apps\/slideshow\/show.swf?v=261948265\" \/><param name=\"allowFullScreen\" value=\"true\" \/><\/object><\/p>\n","protected":false},"excerpt":{"rendered":"","protected":false},"author":1,"featured_media":0,"comment_status":"open","ping_status":"closed","sticky":false,"template":"","format":"standard","meta":{"colormag_page_container_layout":"default_layout","colormag_page_sidebar_layout":"default_layout","footnotes":""},"categories":[7],"tags":[],"class_list":["post-51591","post","type-post","status-publish","format-standard","hentry","category-attualita"],"_links":{"self":[{"href":"https:\/\/archiviogioia.lavocedelpaese.info\/index.php?rest_route=\/wp\/v2\/posts\/51591","targetHints":{"allow":["GET"]}}],"collection":[{"href":"https:\/\/archiviogioia.lavocedelpaese.info\/index.php?rest_route=\/wp\/v2\/posts"}],"about":[{"href":"https:\/\/archiviogioia.lavocedelpaese.info\/index.php?rest_route=\/wp\/v2\/types\/post"}],"author":[{"embeddable":true,"href":"https:\/\/archiviogioia.lavocedelpaese.info\/index.php?rest_route=\/wp\/v2\/users\/1"}],"replies":[{"embeddable":true,"href":"https:\/\/archiviogioia.lavocedelpaese.info\/index.php?rest_route=%2Fwp%2Fv2%2Fcomments&post=51591"}],"version-history":[{"count":0,"href":"https:\/\/archiviogioia.lavocedelpaese.info\/index.php?rest_route=\/wp\/v2\/posts\/51591\/revisions"}],"wp:attachment":[{"href":"https:\/\/archiviogioia.lavocedelpaese.info\/index.php?rest_route=%2Fwp%2Fv2%2Fmedia&parent=51591"}],"wp:term":[{"taxonomy":"category","embeddable":true,"href":"https:\/\/archiviogioia.lavocedelpaese.info\/index.php?rest_route=%2Fwp%2Fv2%2Fcategories&post=51591"},{"taxonomy":"post_tag","embeddable":true,"href":"https:\/\/archiviogioia.lavocedelpaese.info\/index.php?rest_route=%2Fwp%2Fv2%2Ftags&post=51591"}],"curies":[{"name":"wp","href":"https:\/\/api.w.org\/{rel}","templated":true}]}}