{"id":51626,"date":"2016-03-21T13:30:54","date_gmt":"2016-03-21T13:30:54","guid":{"rendered":"https:\/\/archiviogioia.lavocedelpaese.info\/?p=51626"},"modified":"2016-03-21T13:30:54","modified_gmt":"2016-03-21T13:30:54","slug":"trattative-tra-comitato-pro-donato-paradiso-sindaco-e-pd-2","status":"publish","type":"post","link":"https:\/\/archiviogioia.lavocedelpaese.info\/?p=51626","title":{"rendered":"TRATTATIVE TRA COMITATO PRO DONATO PARADISO SINDACO E PD"},"content":{"rendered":"<p><a title=\"donato paradiso candidato\" href=\"https:\/\/www.flickr.com\/photos\/91470992@N02\/25705847116\/in\/album-72157663489295364\/\" data-flickr-embed=\"true\"><img loading=\"lazy\" decoding=\"async\" style=\"display: block; margin-left: auto; margin-right: auto;\" src=\"https:\/\/farm2.staticflickr.com\/1443\/25705847116_799e478705_z.jpg\" alt=\"donato paradiso candidato\" width=\"320\" height=\"240\" \/><\/a><\/p>\n<p><!--more--><\/p>\n<p style=\"text-align: justify;\"><a title=\"donato paradiso candidato\" href=\"https:\/\/www.flickr.com\/photos\/91470992@N02\/25105285293\/in\/album-72157663489295364\/\" data-flickr-embed=\"true\"><img loading=\"lazy\" decoding=\"async\" style=\"margin: 4px; float: left;\" src=\"https:\/\/farm2.staticflickr.com\/1452\/25105285293_cf485e8f43_o.jpg\" alt=\"donato paradiso candidato\" width=\"300\" height=\"356\" \/><\/a>\u201cIn data 19 Marzo 2016, rispondendo all\u2019invito del segretario Tommaso Bradascio, una delegazione del \u201cComitato a sostegno di Donato Paradiso sindaco di Gioia\u201d \u00e8 stata ricevuta presso il circolo PD \u201cFranco Giannico\u201d.<\/p>\n<p style=\"text-align: justify;\">Si \u00e8 discusso di disponibilit\u00e0 a formare una coalizione di centro-sinistra e, in caso di nome non condiviso, di individuare il futuro candidato sindaco mediante primarie di coalizione.<\/p>\n<p style=\"text-align: justify;\">Il \u201cComitato a sostegno di Donato Paradiso sindaco di Gioia\u201d ribadendo come prima condizione di dialogo, e unica emersa durante questo primo incontro, il raggiungimento di una credibilit\u00e0 politica che passa anche e soprattutto da forti segnali di discontinuit\u00e0 nei nomi e nei metodi rispetto alla precedente amministrazione Povia, si \u00e8 riservato di comunicare al segretario Bradascio ogni decisione in merito ai temi di discussione solo e soltanto dopo aver consultato le forze politiche e civiche con cui si \u00e8 gi\u00e0 avviato un percorso d\u2019intesa programmatica\u201d.<\/p>\n<div style=\"text-align: right;\" align=\"right\"><strong>Dario Magistro<\/strong><\/div>\n<div style=\"text-align: right;\">(Portavoce Comitato)<\/div>\n","protected":false},"excerpt":{"rendered":"","protected":false},"author":1,"featured_media":0,"comment_status":"open","ping_status":"closed","sticky":false,"template":"","format":"standard","meta":{"colormag_page_container_layout":"default_layout","colormag_page_sidebar_layout":"default_layout","footnotes":""},"categories":[4],"tags":[],"class_list":["post-51626","post","type-post","status-publish","format-standard","hentry","category-politica"],"_links":{"self":[{"href":"https:\/\/archiviogioia.lavocedelpaese.info\/index.php?rest_route=\/wp\/v2\/posts\/51626","targetHints":{"allow":["GET"]}}],"collection":[{"href":"https:\/\/archiviogioia.lavocedelpaese.info\/index.php?rest_route=\/wp\/v2\/posts"}],"about":[{"href":"https:\/\/archiviogioia.lavocedelpaese.info\/index.php?rest_route=\/wp\/v2\/types\/post"}],"author":[{"embeddable":true,"href":"https:\/\/archiviogioia.lavocedelpaese.info\/index.php?rest_route=\/wp\/v2\/users\/1"}],"replies":[{"embeddable":true,"href":"https:\/\/archiviogioia.lavocedelpaese.info\/index.php?rest_route=%2Fwp%2Fv2%2Fcomments&post=51626"}],"version-history":[{"count":0,"href":"https:\/\/archiviogioia.lavocedelpaese.info\/index.php?rest_route=\/wp\/v2\/posts\/51626\/revisions"}],"wp:attachment":[{"href":"https:\/\/archiviogioia.lavocedelpaese.info\/index.php?rest_route=%2Fwp%2Fv2%2Fmedia&parent=51626"}],"wp:term":[{"taxonomy":"category","embeddable":true,"href":"https:\/\/archiviogioia.lavocedelpaese.info\/index.php?rest_route=%2Fwp%2Fv2%2Fcategories&post=51626"},{"taxonomy":"post_tag","embeddable":true,"href":"https:\/\/archiviogioia.lavocedelpaese.info\/index.php?rest_route=%2Fwp%2Fv2%2Ftags&post=51626"}],"curies":[{"name":"wp","href":"https:\/\/api.w.org\/{rel}","templated":true}]}}