{"id":51676,"date":"2016-03-24T10:57:59","date_gmt":"2016-03-24T10:57:59","guid":{"rendered":"https:\/\/archiviogioia.lavocedelpaese.info\/?p=51676"},"modified":"2016-03-24T10:57:59","modified_gmt":"2016-03-24T10:57:59","slug":"ad-maiora-organizza-qopen-dayq-nuovo-corso-di-cucito-2","status":"publish","type":"post","link":"https:\/\/archiviogioia.lavocedelpaese.info\/?p=51676","title":{"rendered":"\u201cAD MAIORA\u201d ORGANIZZA &#8220;OPEN DAY&#8221; NUOVO CORSO DI CUCITO"},"content":{"rendered":"<p><a title=\"open day moda\" href=\"https:\/\/www.flickr.com\/photos\/91470992@N02\/25734380090\/in\/dateposted-public\/\" data-flickr-embed=\"true\"><img loading=\"lazy\" decoding=\"async\" style=\"display: block; margin-left: auto; margin-right: auto;\" src=\"https:\/\/farm2.staticflickr.com\/1479\/25734380090_47f02609f1_z.jpg\" alt=\"open day moda\" width=\"320\" height=\"240\" \/><\/a><\/p>\n<p><!--more--><\/p>\n<p style=\"margin-bottom: 0.0001pt; text-align: justify; line-height: normal;\"><a title=\"open day moda\" href=\"https:\/\/www.flickr.com\/photos\/91470992@N02\/25405253943\/in\/dateposted-public\/\" data-flickr-embed=\"true\"><img loading=\"lazy\" decoding=\"async\" style=\"margin: 4px; float: left;\" src=\"https:\/\/farm2.staticflickr.com\/1585\/25405253943_24b2801d85_z.jpg\" alt=\"open day moda\" width=\"300\" height=\"535\" \/><\/a><strong>Open day<\/strong>, fissato a sabato 26 marzo, alle ore 18, organizzato da \u201c<strong>Ad Maiora<\/strong>\u201d, presso la sede de \u2018L\u2019altra scuola\u2019 \u2013 sita in Arco Cimone, 4 (Gioia del Colle) \u2013, riguardante la nuova edizione del <strong>corso di cucito<\/strong> rivolto sia a coloro i quali hanno dimestichezza con l\u2019arte sartoriale e sia a chi vorrebbe averne un primo approccio. Durante l\u2019incontro <strong>Rossella Romano<\/strong> illustrer\u00e0 agli interessati il programma del corso stesso, finalizzato all\u2019utilizzo della macchina da cucire \u2013 per chi non ne avesse dimestichezza \u2013, all\u2019inserimento delle cerniere e all\u2019applicazione bottoni. Inoltre, si daranno indicazioni sui giorni e gli orari da stabilire assieme ai corsisti.<\/p>\n<p style=\"margin-bottom: 0.0001pt; text-align: justify; line-height: normal;\"><strong>L\u2019obiettivo \u00e8 creare<\/strong> a proprio gusto una colorata <strong>maxi shopper da utilizzare per ogni occasione<\/strong>, e ancor pi\u00f9 nella prossima stagione estiva. Saranno spiegate anche tutte le declinazioni del modello stesso, nel mentre delle dodici ore, suddivise in tre incontri. Un approccio divertente e veloce per uncorso, che bene s\u2019inserisce nel momento storico attuale, in cui vi \u00e8 un recupero e uno sguardo particolare ai vecchi mestieri. A tutto quello che, per il boom economico, avutosi negli anni 80, \u00e8 stato accantonato ed \u00e8 stato vittima di un pregiudizio. Un pregiudizio che si sta riuscendo a sorpassare, perch\u00e9, come Rossella Romano stessa afferma, \u201cLa capacit\u00e0 di sviluppare la creativit\u00e0 \u00e8 del tutto trasversale [\u2026]. C\u2019\u00e8 una grande richiesta di apprendimento e di competenze artigianali. Vi \u00e8, infatti, un vivo interesse tra le pi\u00f9 giovani, ma anche quella generazione di mezzo che si \u00e8 trovata a vivere un periodo di affermazione lavorativa che escludeva la manualit\u00e0 [\u2026]\u201d.<\/p>\n<p style=\"margin-bottom: 0.0001pt; text-align: justify; line-height: normal;\"><strong>Per info<\/strong> mandare mail all\u2019indirizzo: <a href=\"mailto:admaiorashop@yahoo.it\">admaiorashop@yahoo.it<\/a> &#8211; oppure contattare i numeri: <strong>Rossella<\/strong> 328 385 4615\/ <strong>Giulia<\/strong> 3494334598.<\/p>\n<p><a title=\"open day moda\" href=\"https:\/\/www.flickr.com\/photos\/91470992@N02\/25405253523\/in\/dateposted-public\/\" data-flickr-embed=\"true\"><img loading=\"lazy\" decoding=\"async\" src=\"https:\/\/farm2.staticflickr.com\/1692\/25405253523_8d99b19474_z.jpg\" alt=\"open day moda\" width=\"660\" height=\"660\" \/><\/a><\/p>\n","protected":false},"excerpt":{"rendered":"","protected":false},"author":1,"featured_media":0,"comment_status":"open","ping_status":"closed","sticky":false,"template":"","format":"standard","meta":{"colormag_page_container_layout":"default_layout","colormag_page_sidebar_layout":"default_layout","footnotes":""},"categories":[7],"tags":[],"class_list":["post-51676","post","type-post","status-publish","format-standard","hentry","category-attualita"],"_links":{"self":[{"href":"https:\/\/archiviogioia.lavocedelpaese.info\/index.php?rest_route=\/wp\/v2\/posts\/51676","targetHints":{"allow":["GET"]}}],"collection":[{"href":"https:\/\/archiviogioia.lavocedelpaese.info\/index.php?rest_route=\/wp\/v2\/posts"}],"about":[{"href":"https:\/\/archiviogioia.lavocedelpaese.info\/index.php?rest_route=\/wp\/v2\/types\/post"}],"author":[{"embeddable":true,"href":"https:\/\/archiviogioia.lavocedelpaese.info\/index.php?rest_route=\/wp\/v2\/users\/1"}],"replies":[{"embeddable":true,"href":"https:\/\/archiviogioia.lavocedelpaese.info\/index.php?rest_route=%2Fwp%2Fv2%2Fcomments&post=51676"}],"version-history":[{"count":0,"href":"https:\/\/archiviogioia.lavocedelpaese.info\/index.php?rest_route=\/wp\/v2\/posts\/51676\/revisions"}],"wp:attachment":[{"href":"https:\/\/archiviogioia.lavocedelpaese.info\/index.php?rest_route=%2Fwp%2Fv2%2Fmedia&parent=51676"}],"wp:term":[{"taxonomy":"category","embeddable":true,"href":"https:\/\/archiviogioia.lavocedelpaese.info\/index.php?rest_route=%2Fwp%2Fv2%2Fcategories&post=51676"},{"taxonomy":"post_tag","embeddable":true,"href":"https:\/\/archiviogioia.lavocedelpaese.info\/index.php?rest_route=%2Fwp%2Fv2%2Ftags&post=51676"}],"curies":[{"name":"wp","href":"https:\/\/api.w.org\/{rel}","templated":true}]}}