{"id":51705,"date":"2016-03-28T07:06:37","date_gmt":"2016-03-28T07:06:37","guid":{"rendered":"https:\/\/archiviogioia.lavocedelpaese.info\/?p=51705"},"modified":"2016-03-28T07:06:37","modified_gmt":"2016-03-28T07:06:37","slug":"gianfranco-amatulli-eletto-presidente-della-pro-loco-foto-2","status":"publish","type":"post","link":"https:\/\/archiviogioia.lavocedelpaese.info\/?p=51705","title":{"rendered":"GIANFRANCO AMATULLI ELETTO PRESIDENTE DELLA PRO LOCO-foto"},"content":{"rendered":"<p><a title=\"proloco nuovo direttivo\" href=\"https:\/\/www.flickr.com\/photos\/91470992@N02\/25817410610\/in\/dateposted-public\/\" data-flickr-embed=\"true\"><img loading=\"lazy\" decoding=\"async\" style=\"display: block; margin-left: auto; margin-right: auto;\" src=\"https:\/\/farm2.staticflickr.com\/1688\/25817410610_b550083bc6_z.jpg\" alt=\"proloco nuovo direttivo\" width=\"320\" height=\"240\" \/><\/a><\/p>\n<p><!--more--><\/p>\n<p style=\"margin-bottom: 0.0001pt; text-align: justify; line-height: normal;\"><a title=\"proloco nuovo direttivo\" href=\"https:\/\/www.flickr.com\/photos\/91470992@N02\/26023919141\/in\/dateposted-public\/\" data-flickr-embed=\"true\"><img loading=\"lazy\" decoding=\"async\" style=\"margin: 4px; float: left;\" src=\"https:\/\/farm2.staticflickr.com\/1662\/26023919141_2b36b45784.jpg\" alt=\"proloco nuovo direttivo\" width=\"400\" height=\"300\" \/><\/a> Torna alla presidenza della Pro Loco Gianfranco Amatulli, eletto dal Consiglio formato da sei dei trentadue soci iscritti. <strong>Amatulli<\/strong> <strong>prende il posto di Augusto Angelillo<\/strong>, che per i prossimi tre anni rivestir\u00e0 la carica di revisore dei conti con <strong>Michele Paradiso e Franco Gisotti<\/strong>.<\/p>\n<p style=\"margin-bottom: 0.0001pt; text-align: justify; line-height: normal;\"><strong>La squadra<\/strong> che sosterr\u00e0 e collaborer\u00e0 con il presidente <strong>\u00e8 formata da Mariella Donvito<\/strong> &#8211; vice presidente, <strong>Pierino De Bellis<\/strong> segretario e <strong>Nicola D\u2019Onghia<\/strong> tesoriere.<\/p>\n<p style=\"margin-bottom: 0.0001pt; text-align: justify; line-height: normal;\">Probiviri: <strong>Muzio Ventrella<\/strong>, il professor <strong>Peppino Liuzzi<\/strong> e l\u2019imprenditore caseario <strong>Giancarlo Nettis<\/strong>.<\/p>\n<p style=\"margin-bottom: 0.0001pt; text-align: justify; line-height: normal;\">Consiglieri: <strong>Pino Dentico<\/strong> e l\u2019architetto <strong>Vito Angelillo<\/strong>.<\/p>\n<p style=\"margin-bottom: 0.0001pt; text-align: justify; line-height: normal;\">In attesa che vengano rese note le prossime iniziative, Amatulli augurando buona Pasqua nella sede della Pro Loco nella serata del 25 marzo, invita giovani e meno<a title=\"proloco nuovo direttivo\" href=\"https:\/\/www.flickr.com\/photos\/91470992@N02\/26023923971\/in\/dateposted-public\/\" data-flickr-embed=\"true\"><img loading=\"lazy\" decoding=\"async\" style=\"margin: 4px; float: right;\" src=\"https:\/\/farm2.staticflickr.com\/1674\/26023923971_64884281cf.jpg\" alt=\"proloco nuovo direttivo\" width=\"400\" height=\"300\" \/><\/a> giovani ad avvicinarsi alla Pro Loco con spirito di servizio, l\u2019iscrizione di solo 35 euro annui, consente a tutti di poter far parte di una associazione che nasce per dar linfa vitale al territorio.<\/p>\n<p style=\"margin-bottom: 0.0001pt; text-align: justify; line-height: normal;\">Ricordiamo che <strong>la Pro Loco \u00e8 un\u2019associazione territoriale di volontariato di interesse pubblico<\/strong>, democratica ed apartitica, senza scopo di lucro, volta alla promozione ed alla tutela della citt\u00e0 per conservare e valorizzare le risorse ambientali e culturali preziose per lo sviluppo turistico e sociale.<\/p>\n<p style=\"margin-bottom: 0.0001pt; text-align: justify; line-height: normal;\">La sua seconda \u201cmission\u201d \u00e8 <strong>riunire le associazioni presenti sul territorio<\/strong> attraverso un coordinamento efficace ed<a title=\"proloco nuovo direttivo\" href=\"https:\/\/www.flickr.com\/photos\/91470992@N02\/25485508184\/in\/dateposted-public\/\" data-flickr-embed=\"true\"><img loading=\"lazy\" decoding=\"async\" style=\"margin: 4px; float: left;\" src=\"https:\/\/farm2.staticflickr.com\/1501\/25485508184_fde07d13ed.jpg\" alt=\"proloco nuovo direttivo\" width=\"400\" height=\"300\" \/><\/a> efficiente, al fine di potenziare la crescita culturale della citt\u00e0 ed evitare che si disperdano preziose energie. Non a caso la Pro Loco deve rappresentare un forte momento di sollecitazione, proposizione, sintesi ed unione di tutte le risorse umane esistenti sul territorio, nel rispetto proprie finalit\u00e0 ed autonomia.<\/p>\n<p style=\"margin-bottom: 0.0001pt; text-align: justify; line-height: normal;\">Le sue <strong>finalit\u00e0<\/strong> sono: la <strong>tutela<\/strong> e la <strong>promozione del territorio e delle sue peculiarit\u00e0 turistico-&nbsp;&nbsp; culturali<\/strong>; la promozione e l\u2019assunzione di iniziative, nonch\u00e9 la realizzazione di manifestazioni per la conoscenza e la valorizzazione paesaggistica, urbanistica e ambientale della localit\u00e0; offrire servizi di accoglienza, tutela ed informazione turistica; organizzare attivit\u00e0 di informazione e di sensibilizzazione per lo sviluppo del fenomeno economico-turistico e promuovere e favorire gli scambi culturali e sociali. [foto Redazione GioiaNet]<\/p>\n<p>\n<object data=\"https:\/\/www.flickr.com\/apps\/slideshow\/show.swf?v=261948265\" type=\"application\/x-shockwave-flash\" width=\"660\" height=\"500\"><param name=\"flashvars\" value=\"offsite=true&amp;lang=it-it&amp;page_show_url=%2Fphotos%2F91470992%40N02%2Fsets%2F72157666370743401%2Fshow%2F&amp;page_show_back_url=%2Fphotos%2F91470992%40N02%2Fsets%2F72157666370743401%2F&amp;set_id=72157666370743401&amp;jump_to=\" \/><param name=\"movie\" value=\"https:\/\/www.flickr.com\/apps\/slideshow\/show.swf?v=261948265\" \/><param name=\"allowFullScreen\" value=\"true\" \/><\/object><\/p>\n","protected":false},"excerpt":{"rendered":"","protected":false},"author":1,"featured_media":0,"comment_status":"open","ping_status":"closed","sticky":false,"template":"","format":"standard","meta":{"colormag_page_container_layout":"default_layout","colormag_page_sidebar_layout":"default_layout","footnotes":""},"categories":[7],"tags":[],"class_list":["post-51705","post","type-post","status-publish","format-standard","hentry","category-attualita"],"_links":{"self":[{"href":"https:\/\/archiviogioia.lavocedelpaese.info\/index.php?rest_route=\/wp\/v2\/posts\/51705","targetHints":{"allow":["GET"]}}],"collection":[{"href":"https:\/\/archiviogioia.lavocedelpaese.info\/index.php?rest_route=\/wp\/v2\/posts"}],"about":[{"href":"https:\/\/archiviogioia.lavocedelpaese.info\/index.php?rest_route=\/wp\/v2\/types\/post"}],"author":[{"embeddable":true,"href":"https:\/\/archiviogioia.lavocedelpaese.info\/index.php?rest_route=\/wp\/v2\/users\/1"}],"replies":[{"embeddable":true,"href":"https:\/\/archiviogioia.lavocedelpaese.info\/index.php?rest_route=%2Fwp%2Fv2%2Fcomments&post=51705"}],"version-history":[{"count":0,"href":"https:\/\/archiviogioia.lavocedelpaese.info\/index.php?rest_route=\/wp\/v2\/posts\/51705\/revisions"}],"wp:attachment":[{"href":"https:\/\/archiviogioia.lavocedelpaese.info\/index.php?rest_route=%2Fwp%2Fv2%2Fmedia&parent=51705"}],"wp:term":[{"taxonomy":"category","embeddable":true,"href":"https:\/\/archiviogioia.lavocedelpaese.info\/index.php?rest_route=%2Fwp%2Fv2%2Fcategories&post=51705"},{"taxonomy":"post_tag","embeddable":true,"href":"https:\/\/archiviogioia.lavocedelpaese.info\/index.php?rest_route=%2Fwp%2Fv2%2Ftags&post=51705"}],"curies":[{"name":"wp","href":"https:\/\/api.w.org\/{rel}","templated":true}]}}