{"id":51768,"date":"2016-04-04T04:41:31","date_gmt":"2016-04-04T04:41:31","guid":{"rendered":"https:\/\/archiviogioia.lavocedelpaese.info\/?p=51768"},"modified":"2016-04-04T04:41:31","modified_gmt":"2016-04-04T04:41:31","slug":"intervista-donato-paradiso-chiudere-i-conti-con-il-passato-2","status":"publish","type":"post","link":"https:\/\/archiviogioia.lavocedelpaese.info\/?p=51768","title":{"rendered":"INTERVISTA. DONATO PARADISO: \u201cCHIUDERE I CONTI CON PASSATO\u201d"},"content":{"rendered":"<p><a title=\"donato paradiso\" href=\"https:\/\/www.flickr.com\/photos\/91470992@N02\/25105506373\" data-flickr-embed=\"true\"><img loading=\"lazy\" decoding=\"async\" style=\"display: block; margin-left: auto; margin-right: auto;\" src=\"https:\/\/farm2.staticflickr.com\/1640\/25105506373_393a119ccb_z.jpg\" alt=\"donato paradiso\" width=\"320\" height=\"240\" \/><\/a><\/p>\n<p><!--more--><\/p>\n<p style=\"text-align: justify;\"><a title=\"giunta-povia\" href=\"https:\/\/www.flickr.com\/photos\/91470992@N02\/10053076535\" data-flickr-embed=\"true\"><img loading=\"lazy\" decoding=\"async\" style=\"margin: 4px; float: left;\" src=\"https:\/\/farm3.staticflickr.com\/2877\/10053076535_50ec0c59a4_o.jpg\" alt=\"giunta-povia\" width=\"400\" height=\"300\" \/><\/a><strong>Donato, perch\u00e9 questa tua decisione di candidarti a sindaco di Gioia del Colle?<\/strong><\/p>\n<p style=\"text-align: justify;\">\u201cLa decisione \u00e8 maturata a seguito delle pressioni ricevute da diversi componenti della Bottega e da tanti amici con cui ho un rapporto di stima e di reciproca fiducia. Dopo diversi anni in cui mi sono dedicato completamente all\u2019attivit\u00e0 lavorativa ho deciso di ritornare a dare un mio piccolo contributo alla rinascita di questa citt\u00e0\u201d.<strong> <br \/><\/strong><\/p>\n<p style=\"text-align: justify;\"><strong>La tua candidatura \u00e8 stata \u201csponsorizzata\u201d da diversi iscritti all\u2019associazione \u201cLa Bottega Democratica\u201d ma senza alcun partito o lista al seguito. Come mai?<\/strong><\/p>\n<p style=\"text-align: justify;\">\u201cLa scelta di avviare questa esperienza nasce dalla spinta che proviene dalla societ\u00e0 civile in contrapposizione alla gestione clientelare e arrogante di alcuni partiti che hanno determinato l\u2019attuale stallo economico, sociale ed etico nella nostra citt\u00e0\u201d.<strong> <br \/><\/strong><\/p>\n<p style=\"text-align: justify;\"><strong>Il vostro progetto iniziale di coalizzare tutte le forze politiche di sinistra, Pd compreso, \u00e8 fallito. Cosa non ha funzionato?<\/strong><\/p>\n<p style=\"text-align: justify;\">\u201cIl nostro progetto iniziale di unire le forze della sinistra si \u00e8 interrotto quando ci siamo resi conto che da parte del PD, in particolare, non vi era una chiara e definitiva volont\u00e0 di chiudere i conti con il passato e di avviare una fase completamente nuova per la nostra citt\u00e0\u201d.<strong> <br \/><\/strong><\/p>\n<p style=\"text-align: justify;\"><strong>Di contro, a destra, pur di vincere al primo turno, si continua a \u201clavorare\u201d per unire tutti i vecchi \u201cpacchetti\u201d di voti ancora in attivit\u00e0 sul \u201cmercato\u201d politico. Tutto ci\u00f2 quanto ti preoccupa?<\/strong><\/p>\n<p style=\"text-align: justify;\">\u201cNon mi preoccupa in quanto ritengo che i cittadini gioiesi sapranno operare una scelta consapevole tra i mercanti della politica e chi invece ama in maniera disinteressata questa citt\u00e0\u201d.<strong> <br \/><\/strong><\/p>\n<p style=\"text-align: justify;\"><strong>Considerando la tua pregressa esperienza amministrativa, come vedi il futuro politico della nostra citt\u00e0? E quello economico-sociale?<\/strong><\/p>\n<p style=\"text-align: justify;\">\u201cNon nascondo la mia preoccupazione rispetto al futuro di Gioia, una citt\u00e0 che nel corso degli anni da essere punto di riferimento sociale e culturale rispetto alla realt\u00e0 provinciale e, in alcuni casi, regionale \u00e8 divenuta \u2018periferia\u2019 in tutti i contesti territoriali. Dal punto di vista economico \u00e8 evidente che la crisi generale ha investito tragicamente anche la nostra realt\u00e0 cittadina, sia nell\u2019ambito delle medie aziende quali la Termosud e il Caseificio Capurso e sia, soprattutto, nell\u2019ambito delle piccole imprese che rappresentano l\u2019ossatura della nostra economia. Particolarmente difficile si sta rivelando la situazione nel settore agricolo e nella zootecnia, con l\u2019abbandono delle campagne da parte dei giovani e con i pi\u00f9 anziani che resistono \u2018eroicamente\u2019. Dal punto di vista sociale \u00e8 una citt\u00e0 smarrita, senza coesione e poco amata soprattutto dai giovani che, non appena ne hanno l\u2019occasione, scappano via alla ricerca di nuove motivazioni. Occorre quindi una nuova politica, basata sulla coerenza delle scelte e sulla partecipazione ampia dei cittadini che devono sentirsi parte integrante e significativa della nostra comunit\u00e0\u201d.<strong> <br \/><\/strong><\/p>\n<p style=\"text-align: justify;\"><strong>Secondo te, quali sono i problemi pi\u00f9 urgenti che i gioiesi vorrebbero siano risolti?<\/strong><\/p>\n<p style=\"text-align: justify;\">\u201cIl problema pi\u00f9 urgente, a mio parere, \u00e8 quello di migliorare la vivibilit\u00e0 per i nostri concittadini. Questo significa risolvere problemi pi\u00f9 immediati quali possono essere le buche delle strade, i marciapiedi malridotti, l\u2019assenza di strisce pedonali, ecc., problemi legati alla sicurezza e alla igiene della citt\u00e0 per arrivare ai problemi pi\u00f9 complessi quali la revisione delle scelte urbanistiche, interventi incisivi nel centro storico, la risoluzione del problema degli allagamenti, nuove politiche sociali e culturali\u201d.<strong> <br \/><\/strong><\/p>\n<p style=\"text-align: justify;\"><strong>Dopo quanto accaduto a febbraio 2015, \u00e8 ancora possibile riconquistare la fiducia dei cittadini verso la buona politica e nei loro rappresentanti? In che modo?<\/strong><\/p>\n<p style=\"text-align: justify;\">\u201cSi pu\u00f2 recuperare la fiducia della gente solo rendendo Palazzo San Domenico una \u2018casa di vetro\u2019 in cui ogni cittadino si deve sentire protagonista delle scelte piccole e grandi, nella certezza che i propri amministratori governano la citt\u00e0 in piena trasparenza e con grande senso etico\u201d.<strong> <br \/><\/strong><\/p>\n<p style=\"text-align: justify;\"><strong>Hai gi\u00e0 pensato alla tua squadra di governo?<\/strong><\/p>\n<p style=\"text-align: justify;\">\u201cNon ancora. Ma sono convinto che le tante intelligenze presenti sia nelle liste che mi sostengono e sia nella citt\u00e0 renderanno la scelta della squadra di governo abbastanza agevole\u201d.<strong> <br \/><\/strong><\/p>\n<p style=\"text-align: justify;\"><strong>In caso di ballottaggio con chi ti apparenteresti?<\/strong><\/p>\n<p style=\"text-align: justify;\">\u201cIn caso di ballottaggio le eventuali alleanze saranno basate su vincoli precisi e scelte condivise con quei partiti e movimenti che hanno tra i loro obiettivi quello di amministrare nella legalit\u00e0 e nella trasparenza\u201d.<strong> <br \/><\/strong><\/p>\n<p style=\"text-align: justify;\"><strong>Politicamente parlando, qual \u00e8 il tuo sogno nel cassetto?<\/strong><\/p>\n<p>\u201cIl mio sogno \u00e8 quello di restituire dignit\u00e0 a questa bella citt\u00e0 e di dare qualche opportunit\u00e0 in pi\u00f9 ai tanti giovani che, non avendo prospettive future, partono, privando la nostra terra di intelligenze e di entusiasmi giovanili\u201d.<\/p>\n","protected":false},"excerpt":{"rendered":"","protected":false},"author":1,"featured_media":0,"comment_status":"open","ping_status":"closed","sticky":false,"template":"","format":"standard","meta":{"colormag_page_container_layout":"default_layout","colormag_page_sidebar_layout":"default_layout","footnotes":""},"categories":[4],"tags":[],"class_list":["post-51768","post","type-post","status-publish","format-standard","hentry","category-politica"],"_links":{"self":[{"href":"https:\/\/archiviogioia.lavocedelpaese.info\/index.php?rest_route=\/wp\/v2\/posts\/51768","targetHints":{"allow":["GET"]}}],"collection":[{"href":"https:\/\/archiviogioia.lavocedelpaese.info\/index.php?rest_route=\/wp\/v2\/posts"}],"about":[{"href":"https:\/\/archiviogioia.lavocedelpaese.info\/index.php?rest_route=\/wp\/v2\/types\/post"}],"author":[{"embeddable":true,"href":"https:\/\/archiviogioia.lavocedelpaese.info\/index.php?rest_route=\/wp\/v2\/users\/1"}],"replies":[{"embeddable":true,"href":"https:\/\/archiviogioia.lavocedelpaese.info\/index.php?rest_route=%2Fwp%2Fv2%2Fcomments&post=51768"}],"version-history":[{"count":0,"href":"https:\/\/archiviogioia.lavocedelpaese.info\/index.php?rest_route=\/wp\/v2\/posts\/51768\/revisions"}],"wp:attachment":[{"href":"https:\/\/archiviogioia.lavocedelpaese.info\/index.php?rest_route=%2Fwp%2Fv2%2Fmedia&parent=51768"}],"wp:term":[{"taxonomy":"category","embeddable":true,"href":"https:\/\/archiviogioia.lavocedelpaese.info\/index.php?rest_route=%2Fwp%2Fv2%2Fcategories&post=51768"},{"taxonomy":"post_tag","embeddable":true,"href":"https:\/\/archiviogioia.lavocedelpaese.info\/index.php?rest_route=%2Fwp%2Fv2%2Ftags&post=51768"}],"curies":[{"name":"wp","href":"https:\/\/api.w.org\/{rel}","templated":true}]}}