{"id":51779,"date":"2016-04-05T08:09:38","date_gmt":"2016-04-05T08:09:38","guid":{"rendered":"https:\/\/archiviogioia.lavocedelpaese.info\/?p=51779"},"modified":"2016-04-05T08:09:38","modified_gmt":"2016-04-05T08:09:38","slug":"ma-perche-non-sono-un-delinquente-a-spazio-unotre-2","status":"publish","type":"post","link":"https:\/\/archiviogioia.lavocedelpaese.info\/?p=51779","title":{"rendered":"\u201cMA\u2026 PERCH\u00c9 NON SONO UN DELINQUENTE?\u201d A SPAZIO UNOTRE"},"content":{"rendered":"<p><a title=\"nicola schingaro\" href=\"https:\/\/www.flickr.com\/photos\/91470992@N02\/26250338005\/in\/dateposted-public\/\" data-flickr-embed=\"true\"><img loading=\"lazy\" decoding=\"async\" style=\"display: block; margin-left: auto; margin-right: auto;\" src=\"https:\/\/farm2.staticflickr.com\/1701\/26250338005_d947e8c967_z.jpg\" alt=\"nicola schingaro\" width=\"320\" height=\"240\" \/><\/a><\/p>\n<p><!--more--><\/p>\n<p style=\"text-align: justify;\"><a title=\"loc 7 aprile spazio 13\" href=\"https:\/\/www.flickr.com\/photos\/91470992@N02\/25645588674\/in\/dateposted-public\/\" data-flickr-embed=\"true\"><img loading=\"lazy\" decoding=\"async\" style=\"margin: 4px; float: left;\" src=\"https:\/\/farm2.staticflickr.com\/1492\/25645588674_685f6b467a_o.jpg\" alt=\"loc 7 aprile spazio 13\" width=\"400\" height=\"545\" \/><\/a><strong>Meters-studi<\/strong> e ricerche per il sociale e <strong>SpazioUnoTr<\/strong>e organizzano per gioved\u00ec 7 aprile alle ore 19.30 la presentazione del libro &#8220;<strong>Ma..perch\u00e9 non sono un delinquente?<\/strong>&#8221; [Ed. Aracne,2015&nbsp;], con l&#8217;autore <strong>Nicola Schingaro<\/strong> e il giornalista <strong>Valentino Sgaramella<\/strong> della Gazzetta del Mezzogiorno.&nbsp;<\/p>\n<p style=\"text-align: justify;\">Introduce e modera l&#8217;incontro <strong>Giovanna Magistro<\/strong>, ricercatrice sociale.<\/p>\n<p style=\"text-align: justify;\"><strong>Nicola Schingaro \u00e8 un sociologo, urban planner e docente di Sociologia della cultura<\/strong> presso il Dipartimento di Scienze politiche dell\u2019Universit\u00e0 degli Studi di Bari \u201cAldo Moro\u201d, nato e cresciuto in un C.E.P. del quartiere \u201cSan Paolo\u201d, a Nord-Ovest di Bari.<\/p>\n<p style=\"text-align: justify;\">Nell\u2019immaginario comune il quartiere San Paolo riusciva ad evocare nel resto della citt\u00e0 un\u2019immagine negativamente stereotipata di un luogo come un covo per lo pi\u00f9 ricolmo di individui poveri e criminali.<\/p>\n<p style=\"text-align: justify;\">Nicola Schingaro decide di scrivere una bellissima autoetnografia (come metodo della ricerca sociale) e ci racconta la sua vita di individuo stigmatizzato.<\/p>\n<p style=\"text-align: justify;\">&#8220;La periferia mi appartiene. Sono nato e cresciuto in un quartiere povero. Nell\u2019immaginario comune, esso ha evocato da sempre l\u2019immagine negativamente stereotipata di un luogo come coacervo di miseria e di criminalit\u00e0. A causa del mio quartiere, ho sofferto varie forme di tensione. In particolar modo, un lungo processo di etichettamento ha tormentato il mio S\u00e9, la mia identit\u00e0, la mia vita; mentre, per molte teorie della devianza e della criminalit\u00e0, io sarei &#8211; o potrei ancora diventare &#8211; un criminale. Ma se avevo tutte le carte in regola, allora, perch\u00e9 non sono un delinquente? E se sono stato sottoposto a varie forme di tensione, in che modo queste teorie hanno funzionato con me? E come hanno influenzato il mio comportamento? Come, e in che misura, l\u2019etichettamento sub\u00ecto lungo l\u2019arco della mia vita ha influenzato il mio S\u00e9 e la mia identit\u00e0? E in che modo la profezia che si auto-avvera ha funzionato in relazione al mio destino e alla mia vita? E infine, quali utili suggerimenti la mia esperienza di vita pu\u00f2 offrire in termini di politiche urbane e sociali? Ecco. N\u00e9 pi\u00f9 n\u00e9 meno, ora, sto cercando di rispondere a queste domande attraverso quest\u2019autoetnografia.&#8221;<\/p>\n<p>&nbsp;<\/p>\n","protected":false},"excerpt":{"rendered":"","protected":false},"author":1,"featured_media":0,"comment_status":"open","ping_status":"closed","sticky":false,"template":"","format":"standard","meta":{"colormag_page_container_layout":"default_layout","colormag_page_sidebar_layout":"default_layout","footnotes":""},"categories":[7],"tags":[],"class_list":["post-51779","post","type-post","status-publish","format-standard","hentry","category-attualita"],"_links":{"self":[{"href":"https:\/\/archiviogioia.lavocedelpaese.info\/index.php?rest_route=\/wp\/v2\/posts\/51779","targetHints":{"allow":["GET"]}}],"collection":[{"href":"https:\/\/archiviogioia.lavocedelpaese.info\/index.php?rest_route=\/wp\/v2\/posts"}],"about":[{"href":"https:\/\/archiviogioia.lavocedelpaese.info\/index.php?rest_route=\/wp\/v2\/types\/post"}],"author":[{"embeddable":true,"href":"https:\/\/archiviogioia.lavocedelpaese.info\/index.php?rest_route=\/wp\/v2\/users\/1"}],"replies":[{"embeddable":true,"href":"https:\/\/archiviogioia.lavocedelpaese.info\/index.php?rest_route=%2Fwp%2Fv2%2Fcomments&post=51779"}],"version-history":[{"count":0,"href":"https:\/\/archiviogioia.lavocedelpaese.info\/index.php?rest_route=\/wp\/v2\/posts\/51779\/revisions"}],"wp:attachment":[{"href":"https:\/\/archiviogioia.lavocedelpaese.info\/index.php?rest_route=%2Fwp%2Fv2%2Fmedia&parent=51779"}],"wp:term":[{"taxonomy":"category","embeddable":true,"href":"https:\/\/archiviogioia.lavocedelpaese.info\/index.php?rest_route=%2Fwp%2Fv2%2Fcategories&post=51779"},{"taxonomy":"post_tag","embeddable":true,"href":"https:\/\/archiviogioia.lavocedelpaese.info\/index.php?rest_route=%2Fwp%2Fv2%2Ftags&post=51779"}],"curies":[{"name":"wp","href":"https:\/\/api.w.org\/{rel}","templated":true}]}}