{"id":51798,"date":"2016-04-07T12:15:41","date_gmt":"2016-04-07T12:15:41","guid":{"rendered":"https:\/\/archiviogioia.lavocedelpaese.info\/?p=51798"},"modified":"2016-04-07T12:15:41","modified_gmt":"2016-04-07T12:15:41","slug":"arriva-il-ciclone-isabel-freddo-neve-temporali-video-2","status":"publish","type":"post","link":"https:\/\/archiviogioia.lavocedelpaese.info\/?p=51798","title":{"rendered":"ARRIVA IL CICLONE ISABEL, FREDDO, NEVE, TEMPORALI-video"},"content":{"rendered":"<p><a title=\"METEO-WEEKEND-90416---\" href=\"https:\/\/www.flickr.com\/photos\/91470992@N02\/26336685605\" data-flickr-embed=\"true\"><img loading=\"lazy\" decoding=\"async\" style=\"display: block; margin-left: auto; margin-right: auto;\" src=\"https:\/\/farm2.staticflickr.com\/1586\/26336685605_e7becf43d2_z.jpg\" alt=\"METEO-WEEKEND-90416---\" width=\"320\" height=\"240\" \/><\/a><\/p>\n<p><!--more--><\/p>\n<p style=\"text-align: justify;\"><a title=\"italybig\" href=\"https:\/\/www.flickr.com\/photos\/91470992@N02\/25733880513\/in\/photostream\/\" data-flickr-embed=\"true\"><img loading=\"lazy\" decoding=\"async\" style=\"margin: 4px; float: left;\" src=\"https:\/\/farm2.staticflickr.com\/1695\/25733880513_b5878169a1.jpg\" alt=\"italybig\" width=\"400\" height=\"433\" \/><\/a>\u201cDall&#8217;Africa e dall&#8217;Atlantico con furore! Sar\u00e0 infatti dal cuore del continente nero che una bassa pressione si incamminer\u00e0 per raggiungere il Mediterraneo. Una volta raggiunto il nostro mare, si unir\u00e0 ad una bassa pressione Nordatlantica in arrivo dalla Valle del Rodano. Il suo arrivo in Italia \u00e8 previsto attorno al 7\/8 Aprile, ma vediamo cosa potrebbe succedere e quali saranno gli effetti sulle nostre regioni.<\/p>\n<p style=\"text-align: justify;\"><strong>SITUAZIONE<\/strong> &#8211; L&#8217;Italia inizia ad essere interessata da un promontorio di alta pressione. Dal 5 Aprile una depressione africana, dall&#8217;Algeria inizier\u00e0 ad incamminarsi verso il Mediterraneo, puntando l&#8217;Italia. Una volta raggiunto il mar Tirreno, la bassa pressione verr\u00e0 alimentata e rinvigorita da aria pi\u00f9 fresca nordatlantica in arrivo dalla valle del Rodano (Francia sudorientale,ndr). Tutto ci\u00f2 porter\u00e0 ad un esteso peggioramento sulla nostra Penisola, con pioggia anche di moderata intensit\u00e0 e temporali.<\/p>\n<p style=\"text-align: justify;\"><strong>CONSEGUENZE<\/strong> &#8211; Dal 7 Aprile il tempo peggiorer\u00e0 al Nordovest e sulla Sicilia con prime piogge e temporali, specie sull&#8217;isola. Le precipitazioni nei giorni successivi si dovrebbero estendere verso il resto del Sud, il Centro e il Nord. Piogge abbondanti e con rischio di nubifragi sulle coste tirreniche,<strong> piogge forti al Nord <\/strong>e moderate su gran parte delle regioni. Neve che torna sulle Alpi a quote superiori ai 1300\/1400 metri.<\/p>\n<p style=\"text-align: justify;\"><strong>TEMPERATURE <\/strong>&#8211; Clima un po&#8217; pi\u00f9 fresco per via delle precipitazioni e dell&#8217;aria nordatlantica, ma fino all&#8217;evento molto mite con punte di 27\u00b0 sulle vallate alpine. Un piccolo stop alla Primavera nascitura&#8230;\u201d.<\/p>\n<p style=\"text-align: right;\" align=\"right\">(Ilmeteo)<\/p>\n<p><iframe loading=\"lazy\" src=\"http:\/\/www.ilmeteo.it\/videom\/embed_oggi_autoplay\" width=\"640\" height=\"400\" allowfullscreen=\"allowfullscreen\" mozallowfullscreen=\"true\" webkitallowfullscreen=\"true\"><\/iframe><\/p>\n","protected":false},"excerpt":{"rendered":"","protected":false},"author":1,"featured_media":0,"comment_status":"open","ping_status":"closed","sticky":false,"template":"","format":"standard","meta":{"colormag_page_container_layout":"default_layout","colormag_page_sidebar_layout":"default_layout","footnotes":""},"categories":[8],"tags":[],"class_list":["post-51798","post","type-post","status-publish","format-standard","hentry","category-cronaca"],"_links":{"self":[{"href":"https:\/\/archiviogioia.lavocedelpaese.info\/index.php?rest_route=\/wp\/v2\/posts\/51798","targetHints":{"allow":["GET"]}}],"collection":[{"href":"https:\/\/archiviogioia.lavocedelpaese.info\/index.php?rest_route=\/wp\/v2\/posts"}],"about":[{"href":"https:\/\/archiviogioia.lavocedelpaese.info\/index.php?rest_route=\/wp\/v2\/types\/post"}],"author":[{"embeddable":true,"href":"https:\/\/archiviogioia.lavocedelpaese.info\/index.php?rest_route=\/wp\/v2\/users\/1"}],"replies":[{"embeddable":true,"href":"https:\/\/archiviogioia.lavocedelpaese.info\/index.php?rest_route=%2Fwp%2Fv2%2Fcomments&post=51798"}],"version-history":[{"count":0,"href":"https:\/\/archiviogioia.lavocedelpaese.info\/index.php?rest_route=\/wp\/v2\/posts\/51798\/revisions"}],"wp:attachment":[{"href":"https:\/\/archiviogioia.lavocedelpaese.info\/index.php?rest_route=%2Fwp%2Fv2%2Fmedia&parent=51798"}],"wp:term":[{"taxonomy":"category","embeddable":true,"href":"https:\/\/archiviogioia.lavocedelpaese.info\/index.php?rest_route=%2Fwp%2Fv2%2Fcategories&post=51798"},{"taxonomy":"post_tag","embeddable":true,"href":"https:\/\/archiviogioia.lavocedelpaese.info\/index.php?rest_route=%2Fwp%2Fv2%2Ftags&post=51798"}],"curies":[{"name":"wp","href":"https:\/\/api.w.org\/{rel}","templated":true}]}}