{"id":51900,"date":"2016-04-19T12:28:04","date_gmt":"2016-04-19T12:28:04","guid":{"rendered":"https:\/\/archiviogioia.lavocedelpaese.info\/?p=51900"},"modified":"2016-04-19T12:28:04","modified_gmt":"2016-04-19T12:28:04","slug":"sanita-gioiese-pronti-25-milioni-di-euro-per-il-paradiso","status":"publish","type":"post","link":"https:\/\/archiviogioia.lavocedelpaese.info\/?p=51900","title":{"rendered":"SANIT\u00c0 GIOIESE. PRONTI 2,5 MILIONI DI EURO PER IL PARADISO"},"content":{"rendered":"<p><a title=\"ospedale Paradiso\" href=\"https:\/\/www.flickr.com\/photos\/91470992@N02\/26496018326\/in\/photostream\/\" data-flickr-embed=\"true\"><img loading=\"lazy\" decoding=\"async\" style=\"display: block; margin-left: auto; margin-right: auto;\" src=\"https:\/\/farm2.staticflickr.com\/1541\/26496018326_66ea8706a8_z.jpg\" alt=\"ospedale Paradiso\" width=\"320\" height=\"240\" \/><\/a><\/p>\n<p><!--more--><\/p>\n<p style=\"text-align: justify;\"><a title=\"Tommaso Bradascio\" href=\"https:\/\/www.flickr.com\/photos\/91470992@N02\/25917035534\" data-flickr-embed=\"true\"><img loading=\"lazy\" decoding=\"async\" style=\"margin: 4px; float: left;\" src=\"https:\/\/farm2.staticflickr.com\/1581\/25917035534_fcf4123425.jpg\" alt=\"Tommaso Bradascio\" width=\"350\" height=\"308\" \/><\/a> <strong>Gioved\u00ec 14 aprile 2016<\/strong>, <strong>su richiesta<\/strong> del segretario gioiese del PD sig. <strong>Bradascio Tommaso<\/strong> fiancheggiato da <strong>Franco Giannini<\/strong>, Presidente dell\u2019Osservatorio Permanente Ospedale Paradiso di Gioia del Colle, <strong>si \u00e8 tenuta una ricognizione nella struttura ex Ospedale Paradiso<\/strong> per pianificare gli interventi volti a migliorare e potenziare i servizi sanitari a favore dell\u2019intero Distretto Socio-sanitario 13 di Gioia del Colle.<\/p>\n<p style=\"text-align: justify;\">All\u2019 incontro fortemente voluto dal sig. Tommaso Bradascio e prontamente recepito dal Direttore Generale della ASL\/BA dott. <strong>Vito Montanaro<\/strong> hanno presenziato anche il Direttore Sanitario della stessa ASL dott.ssa <strong>Silvana Fornelli<\/strong>, la Direttrice del Distretto di Gioia dott.ssa <strong>Lucia Laddaga<\/strong>, gli ingegneri dell\u2019Area Tecnica dell\u2019ASL\/BA, la Presidente del Tribunale del malato di Gioia, sig.ra <strong>Angela De Corato<\/strong>.<\/p>\n<p style=\"text-align: justify;\">Sono stati <strong>sottolineati i punti di forza della struttura<\/strong>, <strong>le eccellenze e le disponibilit\u00e0 ad implementare le attivit\u00e0<\/strong> da parte dei responsabili dell\u2019Endoscopia digestiva, dell\u2019Oculistica e dell\u2019Ortopedia, la positiva produttivit\u00e0 del Laboratorio di analisi cliniche e del servizio <a title=\"Francesco Giannini\" href=\"https:\/\/www.flickr.com\/photos\/91470992@N02\/26521991065\" data-flickr-embed=\"true\"><img loading=\"lazy\" decoding=\"async\" style=\"margin: 4px; float: right;\" src=\"https:\/\/farm2.staticflickr.com\/1527\/26521991065_5eca1d6e71.jpg\" alt=\"Francesco Giannini\" width=\"350\" height=\"255\" \/><\/a>TAO, nonch\u00e9 i punti deboli delle varie strutture ambulatoriali, consistenti nella scarsit\u00e0 di attrezzature e di personale medico e paramedico, che pur raggiungono eccellenti risultati di produttivit\u00e0.<\/p>\n<p style=\"text-align: justify;\"><strong>Il Direttore Generale<\/strong>, dopo aver visitato i 4 piani della struttura ex ospedaliera e aver avuto uno scambio di idee con medici e paramedici delle diverse branche in essa operanti, in un briefing finale <strong>ha messo in rilievo che criticit\u00e0 presenti<\/strong> (CUP, farmacia, PPI, penuria di personale medico e paramedico, penuria di attrezzature, vecchi locali da ristrutturare \u2026) e, dietro indicazione della Direttrice del Distretto, che ha manifestato la volont\u00e0 di trasferire tutti gli uffici e le strutture di via Ariosto e quelle sparse sul territorio, nella ex struttura ospedaliera, con un risparmio di circa \u20ac 50 mila sulle casse della Regione per <a title=\"ospedale-visita-reparti\" href=\"https:\/\/www.flickr.com\/photos\/91470992@N02\/26496017456\/in\/photostream\/\" data-flickr-embed=\"true\"><img loading=\"lazy\" decoding=\"async\" style=\"margin: 4px; float: left;\" src=\"https:\/\/farm2.staticflickr.com\/1578\/26496017456_30c553d52b.jpg\" alt=\"ospedale-visita-reparti\" width=\"400\" height=\"301\" \/><\/a>fitti passivi, ha condiviso tale scelta e <strong>ha manifestato la volont\u00e0 d<\/strong><strong>i intervenire in tempi brevissimi<\/strong> per ristrutturare e razionalizzare l\u2019esistente e dare al territorio ulteriori servizi e attrezzature.<\/p>\n<p style=\"text-align: justify;\">Ha manifestato il suo intendimento di procedere a <strong>svuotare il piano interrato degli uffici presenti<\/strong>, utilizzandoli come depositi o altri servizi e <strong>per spostare al primo piano anche uffici e servizi presenti in via Ariosto<\/strong>. Una nuova allocazione va data al CUP e migliorato il servizio del PPI e della Guardia Medica.&nbsp;&nbsp;&nbsp;<\/p>\n<p style=\"text-align: justify;\"><strong>Comunica che per Gioia sono disponibili da subito \u20ac due milioni e mezzo<\/strong> e ha chiesto all\u2019Area tecnica di predisporre in tempi brevi un quadro economico generale per lavori da effettuare nella struttura ex Ospedale oltre ad attrezzature e mobili da acquistare, in modo da metterlo nelle condizioni di adottare una deliberazione <strong>entro il 30 aprile 2016<\/strong>. A seguire <strong>entro il 30 maggio auspica ch<\/strong><a title=\"ospedale-visita-reparti\" href=\"https:\/\/www.flickr.com\/photos\/91470992@N02\/26496016706\/in\/photostream\/\" data-flickr-embed=\"true\"><img loading=\"lazy\" decoding=\"async\" style=\"margin: 4px; float: right;\" src=\"https:\/\/farm2.staticflickr.com\/1583\/26496016706_0f682b089a.jpg\" alt=\"ospedale-visita-reparti\" width=\"400\" height=\"301\" \/><\/a><strong>e venga approvato il capitolato <\/strong>inerente agli oneri per appaltare la gara per i lavori edili, per arredi, mobili e per le attrezzature. <strong>A seguire auspica<\/strong> ancora una ulteriore delibera per <strong>l\u2019acquisto di mobili e attrezzature<\/strong>.<\/p>\n<p style=\"text-align: justify;\">Nel caso in cui per le spese accennate non fossero sufficienti i due milioni e mezzo di euro ha detto che <strong>si potrebbe pensare a richiedere Fondi FESR oppure attingere tra i 97 milioni di euro del fondo regionale<\/strong> una quota da utilizzare per la bassa priorit\u00e0.<\/p>\n<p style=\"text-align: justify;\"><strong>Ha suggerito di praticare un eventuale accordo con il Comune di Gioia<\/strong> per la cessione in comodato gratuito di alcuni locali dell\u2019ex Ospedale Paradiso, Ricovero di Mendicit\u00e0, di propriet\u00e0 comunale, per allocare altri servizi distrettuali e ha accennato anche alla possibilit\u00e0 di <strong>alienare la struttura di via Arios<\/strong><strong>to<\/strong>.<\/p>\n<p style=\"text-align: justify;\">Da un primo riscontro effettuato consultando le planimetrie della struttura ex Ospedale, da verificare meglio ne<a title=\"ospedale-visita-reparti\" href=\"https:\/\/www.flickr.com\/photos\/91470992@N02\/26429633912\/in\/photostream\/\" data-flickr-embed=\"true\"><img loading=\"lazy\" decoding=\"async\" style=\"margin: 4px; float: left;\" src=\"https:\/\/farm2.staticflickr.com\/1619\/26429633912_c28ca8f299.jpg\" alt=\"ospedale-visita-reparti\" width=\"400\" height=\"301\" \/><\/a>i prossimi giorni, ha avanzato alcune ipotesi di ristrutturazione e di razionalizzazione e la possibilit\u00e0 di prevedere 7 o 8 locali da far utilizzare a medici di medicina generale, seconde le indicazioni previste dalla recente normativa in campo assistenziale.<\/p>\n<p style=\"text-align: justify;\"><strong>Non ha escluso la possibilit\u00e0 di dotare la struttura di una TAC o Risonanza magnetica<\/strong>, potenziando i servizi a livello distrettuale.<\/p>\n<p style=\"text-align: justify;\">Per quanto riguarda il settore <strong>dialisi si \u00e8 impegnato a far entrare in regime i 12 posti letto<\/strong> (attualmente in funzione 12), utilizzando due dei posti presenti nell\u2019Ospedale Di Venere.<\/p>\n<p style=\"text-align: justify;\"><strong>E\u2019 stato fatto presente al Direttore Generale che<\/strong> <strong>Gioia subisce pesanti servit\u00f9 militari per la presenza del 36\u00b0 Stormo<\/strong>, il cui personale usufruisce di controlli nel campo della medicina del lavoro, con l\u2019Ospedale Miulli, struttura convenzionata con la Regione, mentre tali controlli potrebbero essere effettuati a Gioia, struttura pubblica, con un potenziamento d<a title=\"reparti ospedale Gioia del Colle\" href=\"https:\/\/www.flickr.com\/photos\/91470992@N02\/26521949815\/in\/photostream\/\" data-flickr-embed=\"true\"><img loading=\"lazy\" decoding=\"async\" style=\"margin: 4px; float: right;\" src=\"https:\/\/farm2.staticflickr.com\/1581\/26521949815_89c984417b.jpg\" alt=\"reparti ospedale Gioia del Colle\" width=\"400\" height=\"302\" \/><\/a>el nosocomio cittadino e con risparmi per le casse della ASL\/BA. Uno studio epidemiologico sul proliferare di malattie tumorali nel territorio gioiese \u00e8 indispensabile, anche per comprendere le eventuali correlazioni con la presenza del 36\u00b0 Stormo e del Centro di prova combustione presso l\u2019Ansaldo di Gioia.<\/p>\n<p style=\"text-align: justify;\">Inoltre \u00e8 stato sottolineato <strong>che a Gio<\/strong><strong>ia \u00e8 operativo l\u201984\u00b0 C\/SAR<\/strong>, gruppo di volo che utilizza elicotteri per Ricerca e Soccorso, quest\u2019ultima attivit\u00e0 tipica del settore sanitario.<\/p>\n<p style=\"text-align: justify;\"><strong>Una maggiore attenzione all\u2019emergenza<\/strong>, oltre a queste presenze, \u00e8 dovuta al nostro territorio per la diffusa presenza di popolazione nell\u2019agro gioiese (solo nella contrada di Montursi, distante ben 15 Km. dal centro cittadino, ci sono numerose aziende agricole con circa un migliaio di abitanti).<\/p>\n<p style=\"text-align: justify;\"><strong>Nelle prossime settimane aspettiamo la concretizzazione di quanto espresso durante l\u2019incontro<\/strong>.<\/p>\n<p style=\"text-align: justify;\"><span><a href=\"politica\/5246-disastro-ospedale-niente-piu-ricoveri-foto.html\"><span style=\"text-decoration: none;\">\u201cDISASTRO\u201d OSPEDALE: NIENTE PI\u00da RICOVERI-foto<\/span><\/a><\/span>\/video<\/p>\n<p>&nbsp;<\/p>\n","protected":false},"excerpt":{"rendered":"","protected":false},"author":1,"featured_media":0,"comment_status":"open","ping_status":"closed","sticky":false,"template":"","format":"standard","meta":{"colormag_page_container_layout":"default_layout","colormag_page_sidebar_layout":"default_layout","footnotes":""},"categories":[4],"tags":[],"class_list":["post-51900","post","type-post","status-publish","format-standard","hentry","category-politica"],"_links":{"self":[{"href":"https:\/\/archiviogioia.lavocedelpaese.info\/index.php?rest_route=\/wp\/v2\/posts\/51900","targetHints":{"allow":["GET"]}}],"collection":[{"href":"https:\/\/archiviogioia.lavocedelpaese.info\/index.php?rest_route=\/wp\/v2\/posts"}],"about":[{"href":"https:\/\/archiviogioia.lavocedelpaese.info\/index.php?rest_route=\/wp\/v2\/types\/post"}],"author":[{"embeddable":true,"href":"https:\/\/archiviogioia.lavocedelpaese.info\/index.php?rest_route=\/wp\/v2\/users\/1"}],"replies":[{"embeddable":true,"href":"https:\/\/archiviogioia.lavocedelpaese.info\/index.php?rest_route=%2Fwp%2Fv2%2Fcomments&post=51900"}],"version-history":[{"count":0,"href":"https:\/\/archiviogioia.lavocedelpaese.info\/index.php?rest_route=\/wp\/v2\/posts\/51900\/revisions"}],"wp:attachment":[{"href":"https:\/\/archiviogioia.lavocedelpaese.info\/index.php?rest_route=%2Fwp%2Fv2%2Fmedia&parent=51900"}],"wp:term":[{"taxonomy":"category","embeddable":true,"href":"https:\/\/archiviogioia.lavocedelpaese.info\/index.php?rest_route=%2Fwp%2Fv2%2Fcategories&post=51900"},{"taxonomy":"post_tag","embeddable":true,"href":"https:\/\/archiviogioia.lavocedelpaese.info\/index.php?rest_route=%2Fwp%2Fv2%2Ftags&post=51900"}],"curies":[{"name":"wp","href":"https:\/\/api.w.org\/{rel}","templated":true}]}}