{"id":51964,"date":"2016-04-25T09:07:36","date_gmt":"2016-04-25T09:07:36","guid":{"rendered":"https:\/\/archiviogioia.lavocedelpaese.info\/?p=51964"},"modified":"2016-04-25T09:07:36","modified_gmt":"2016-04-25T09:07:36","slug":"manifesto-selvaggio-a-gioia-m5s-dalle-parole-ai-fatti-2","status":"publish","type":"post","link":"https:\/\/archiviogioia.lavocedelpaese.info\/?p=51964","title":{"rendered":"\u201cMANIFESTO SELVAGGIO\u201d A GIOIA. M5S DALLE PAROLE AI FATTI-video"},"content":{"rendered":"<p><a title=\"elezioni manifesto selvaggio\" href=\"https:\/\/www.flickr.com\/photos\/91470992@N02\/26531666622\" data-flickr-embed=\"true\"><img loading=\"lazy\" decoding=\"async\" style=\"display: block; margin-left: auto; margin-right: auto;\" src=\"https:\/\/farm2.staticflickr.com\/1499\/26531666622_f1206c837f_o.jpg\" alt=\"elezioni manifesto selvaggio\" width=\"320\" height=\"240\" \/><\/a><\/p>\n<p><!--more--><\/p>\n<p style=\"text-align: justify; line-height: 12pt;\"><a title=\"Vito Lovero\" href=\"https:\/\/www.flickr.com\/photos\/91470992@N02\/26332333162\/in\/photolist-G7U6fb-7jHwPz\" data-flickr-embed=\"true\"><img loading=\"lazy\" decoding=\"async\" style=\"margin: 5px; float: left;\" src=\"https:\/\/farm2.staticflickr.com\/1483\/26332333162_d4f71d47d3_o.jpg\" alt=\"Vito Lovero\" width=\"400\" height=\"401\" \/><\/a> <strong><span>Circolava nell\u2019aria <\/span><\/strong><strong><span>la possibilit\u00e0 che qualche forza politica <\/span><\/strong><strong><span>locale avesse preso il coraggio a due mani e denunciato<\/span><\/strong><strong><span style=\"font-weight: normal;\"> la comparsa, anche quest\u2019anno, del tanto odiato manifesto selvaggio elettorale. Domenica mattina in diversi in piazza ne parlavano, ma nulla \u00e8 trapelato a parte le solite supposizioni e illazioni. <\/span><\/strong><strong><span>Una notizia ripresa, analizzata e discussa anche sul social facebook<\/span><\/strong><strong><span style=\"font-weight: normal;\"> che immancabilmente ha diviso gli interlocutori in due ben distinte fazioni: quella dei difensori e quella degli accusatori di questa \u201cpratica\u201d. Sta di fatto che <\/span><\/strong><strong><span>alle parole sono poi seguiti i fatti<\/span><\/strong><strong><span style=\"font-weight: normal;\">. <\/span><\/strong><\/p>\n<p style=\"text-align: justify; line-height: 12pt;\"><strong><span style=\"font-weight: normal;\">In serata \u00e8 giunta notizia in redazione che<\/span><\/strong><strong><span> i responsabili del locale Movimento 5 Stelle hanno depositato<\/span><\/strong><strong><span style=\"font-weight: normal;\">, presso la locale Compagnia dei Carabinieri, una \u201c<i>denuncia\/segnalazione di presunta violazione della normativa posta in materia di campagna elettorale \u2013 affissioni elettorali abusive (ex 663c.p.)<\/i>\u201d. <\/span><\/strong><\/p>\n<p style=\"margin-bottom: 12pt; text-align: justify; line-height: 12pt;\"><strong><span>Una denuncia ben documentata e articolata<\/span><\/strong><strong><span style=\"font-weight: normal;\">, <\/span><\/strong><strong><span>inviata<\/span><\/strong><strong><span style=\"font-weight: normal;\"> anche <\/span><\/strong><strong><span>alla Procura<\/span><\/strong><strong><span style=\"font-weight: normal;\"> della Repubblica di Bari, <\/span><\/strong><strong><span>al Commissario Prefettizio Rossana Riflesso<\/span><\/strong><strong><span style=\"font-weight: normal;\"> e <\/span><\/strong><strong><span>al Comandante della Polizia Municipale<\/span><\/strong><strong><span style=\"font-weight: normal;\">, <\/span><\/strong><strong><span>in cui<\/span><\/strong><strong><span style=\"font-weight: normal;\"> nel <\/span><\/strong>considerare\u201c proibita ogni forma di propaganda figurativa o luminosa, a carattere fisso, come ad esempio quella a mezzo di cartelli, targhe, stendardi, tende, ombrelloni, globi, monumenti allegorici, palloni<span> o aerostati ancorati al suolo nel periodo pre-elettorale, anche su totem di privati, poich\u00e9 cio\u00e8 concretizzer<\/span><span>ebbe una evidente violazione della par condicio con evidente vanta<\/span><span>ggio dei candidati che possono godere di cospicui finanziamenti p<\/span><span>er pre<\/span><a title=\"elezioni manifesto selvaggio\" href=\"https:\/\/www.flickr.com\/photos\/91470992@N02\/26559282461\/in\/photostream\/\" data-flickr-embed=\"true\"><img loading=\"lazy\" decoding=\"async\" style=\"margin: 5px; float: right;\" src=\"https:\/\/farm2.staticflickr.com\/1471\/26559282461_40eee95727.jpg\" alt=\"elezioni manifesto selvaggio\" width=\"400\" height=\"298\" \/><\/a><span>ndere in affitto gli spazi pubblicitari\u201d e \u201cin ossequio al bene giuridico che la normativa intende tutelare (par condicio eligendi), altres\u00ec alla luce di una interpretazione sistematica delle norme sopra richiamate (che non contraddice n\u00e9 il dato letterale n\u00e9 alcun criterio logico) oltre che di <\/span>una interpretazione teleologica, cui la giurisprudenza fa spesso riferimento, le condotte segnalate<strong><span style=\"color: #333333; font-weight: normal;\"> potrebbero, pacificamente, integrare oltre alla condotta sanzionata dalla L. n.212\/56 e s.m.i. anche quella di cui all\u2019art.663 c.p., <\/span><\/strong><strong><span style=\"color: #333333;\">chiede <\/span><\/strong><strong><span>che venga svolta ogni opportuna indagine al fine di verificare la configurabilit\u00e0 della illiceit\u00e0<\/span><\/strong><strong><span style=\"font-weight: normal;\"> in concreto delle condotte sopraccitat<span style=\"color: black;\">e con tutte le conseguenze previste per legge, riservandosi di costituirsi parte civile\u201d.<\/span><\/span><\/strong><\/p>\n<p style=\"margin-bottom: 12pt; text-align: justify; line-height: 12pt;\"><strong><span style=\"font-weight: normal;\">Una vicenda <\/span><\/strong><span style=\"color: #333333;\">che presuppone nuovi e interessanti sviluppi. Primo fra tutti quello di verificare <strong>quando e come intenderanno procedere e intervenire gli organi competenti<\/strong> locali in materia, al fine di eliminare questo annoso quanto deprecabile fenomeno. E se <strong>applicheranno alla lettera le norme<\/strong> individuate ed elencate nella denuncia\/segnalazione.<\/span><\/p>\n<p><span style=\"color: #333333;\"><a href=\"https:\/\/www.facebook.com\/vito.lovero\/videos\/1009320925822477\/\">https:\/\/www.facebook.com\/vito.lovero\/videos\/1009320925822477\/<\/a><\/span><\/p>\n<p><span style=\"color: #333333;\"><a href=\"politica\/4640-nuovi-manifesti-iniziato-lo-sfregio-finale-foto.html\">NUOVI MANIFESTI, INIZIATO LO SFREGIO FINALE-foto<\/a><\/span><\/p>\n","protected":false},"excerpt":{"rendered":"","protected":false},"author":1,"featured_media":0,"comment_status":"open","ping_status":"closed","sticky":false,"template":"","format":"standard","meta":{"colormag_page_container_layout":"default_layout","colormag_page_sidebar_layout":"default_layout","footnotes":""},"categories":[4],"tags":[],"class_list":["post-51964","post","type-post","status-publish","format-standard","hentry","category-politica"],"_links":{"self":[{"href":"https:\/\/archiviogioia.lavocedelpaese.info\/index.php?rest_route=\/wp\/v2\/posts\/51964","targetHints":{"allow":["GET"]}}],"collection":[{"href":"https:\/\/archiviogioia.lavocedelpaese.info\/index.php?rest_route=\/wp\/v2\/posts"}],"about":[{"href":"https:\/\/archiviogioia.lavocedelpaese.info\/index.php?rest_route=\/wp\/v2\/types\/post"}],"author":[{"embeddable":true,"href":"https:\/\/archiviogioia.lavocedelpaese.info\/index.php?rest_route=\/wp\/v2\/users\/1"}],"replies":[{"embeddable":true,"href":"https:\/\/archiviogioia.lavocedelpaese.info\/index.php?rest_route=%2Fwp%2Fv2%2Fcomments&post=51964"}],"version-history":[{"count":0,"href":"https:\/\/archiviogioia.lavocedelpaese.info\/index.php?rest_route=\/wp\/v2\/posts\/51964\/revisions"}],"wp:attachment":[{"href":"https:\/\/archiviogioia.lavocedelpaese.info\/index.php?rest_route=%2Fwp%2Fv2%2Fmedia&parent=51964"}],"wp:term":[{"taxonomy":"category","embeddable":true,"href":"https:\/\/archiviogioia.lavocedelpaese.info\/index.php?rest_route=%2Fwp%2Fv2%2Fcategories&post=51964"},{"taxonomy":"post_tag","embeddable":true,"href":"https:\/\/archiviogioia.lavocedelpaese.info\/index.php?rest_route=%2Fwp%2Fv2%2Ftags&post=51964"}],"curies":[{"name":"wp","href":"https:\/\/api.w.org\/{rel}","templated":true}]}}