{"id":51970,"date":"2016-04-25T08:22:28","date_gmt":"2016-04-25T08:22:28","guid":{"rendered":"https:\/\/archiviogioia.lavocedelpaese.info\/?p=51970"},"modified":"2016-04-25T08:22:28","modified_gmt":"2016-04-25T08:22:28","slug":"zona-167-eterna-incompiuta-commissario-prende-tempo-2","status":"publish","type":"post","link":"https:\/\/archiviogioia.lavocedelpaese.info\/?p=51970","title":{"rendered":"ZONA 167. ETERNA INCOMPIUTA. COMMISSARIO PRENDE TEMPO"},"content":{"rendered":"<p><a title=\"quartiere 167\" href=\"https:\/\/www.flickr.com\/photos\/91470992@N02\/26545921882\/in\/dateposted-public\/\" data-flickr-embed=\"true\"><img loading=\"lazy\" decoding=\"async\" style=\"display: block; margin-left: auto; margin-right: auto;\" src=\"https:\/\/farm2.staticflickr.com\/1593\/26545921882_33a9248e2c_z.jpg\" alt=\"quartiere 167\" width=\"320\" height=\"240\" \/><\/a><\/p>\n<p><!--more--><\/p>\n<p style=\"text-align: justify;\"><a title=\"commissario Rossana Riflesso\" href=\"https:\/\/www.flickr.com\/photos\/91470992@N02\/21441298310\/in\/photolist-5KGtbt-5tEkBY-6HMcr5-CPTGGV-rf2Eki-5Az8gs-73BUpF-69pXvU-6aHKBX-5Ft5Dj-yEGfZ5-Eed82u-rs86D3\" data-flickr-embed=\"true\"><img loading=\"lazy\" decoding=\"async\" style=\"margin: 5px; float: left;\" src=\"https:\/\/farm1.staticflickr.com\/690\/21441298310_390174c75c_o.jpg\" alt=\"commissario Rossana Riflesso\" width=\"400\" height=\"300\" \/><\/a>\u201cSi \u00e8 svolto mercoled\u00ec 21 aprile 2016 l\u2019incontro tra il Comitato di Quartiere 167 ed il sub commissario prefettizio del Comune di Gioia del Colle Rachele Grandolfo. Scopo dell\u2019incontro era la verifica dei punti presentati alla stessa in data 24 febbraio scorso.<\/p>\n<p style=\"text-align: justify;\"><strong>Allargamento di via Einaudi e completamento P.R.U.<\/strong><\/p>\n<p style=\"text-align: justify;\">La dott.ssa Grandolfo ha convocato il Geom. Gemmato per l\u2019Uff. Tecnico Comunale ed il dr. Ferrante per il Comando Polizia Municipale. Il comitato ha lamentato il grosso ritardo nel completamento dei lavori; il responsabile dell\u2019Uff. tecnico ha comunicato che i ritardi sono dovuti al mancato completamento dell\u2019iter per la specifica della necessaria segnaletica orizzontale e verticale che dovr\u00e0 essere sistemata su via Einaudi e sulla strada di raccordo tra via Pertini e via Padre Semeria in coordinamento tra i due uffici comunali. I presenti hanno rassicurato sulla definizione in tempi brevissimi della indicazione della segnaletica necessaria, la stessa sar\u00e0 acquisita dalla Ditta e successivamente installata; si rassicura inoltre sul completamento della pist<a title=\"zona-167-assemblea-comitato\" href=\"https:\/\/www.flickr.com\/photos\/91470992@N02\/16026073236\/in\/photolist-qqaPew-q8nCDz-hFvYSv\" data-flickr-embed=\"true\"><img loading=\"lazy\" decoding=\"async\" style=\"margin: 5px; float: right;\" src=\"https:\/\/farm8.staticflickr.com\/7579\/16026073236_ae5a990b0f_o.jpg\" alt=\"zona-167-assemblea-comitato\" width=\"400\" height=\"300\" \/><\/a>a ciclabile e sul raccordo della stessa con le strade trasversali e gli ingressi ai garage degli edifici adiacenti. Inoltre l\u2019iter per l\u2019acquisizione di ulteriori finanziamenti regionali per la definizione delle opere del P.R.U. non completate, sta per giungere al termine. Con questi ultimi saranno completati i marciapiedi di via Chiusa e via Aldo Moro, saranno installati gli attraversamenti pedonali in rilevato e definite altre urbanizzazione per un importo complessivo prossimo ai 500 mila euro.<\/p>\n<p style=\"text-align: justify;\"><strong>Miglioramento della viabilit\u00e0 <\/strong><\/p>\n<p style=\"text-align: justify;\">Si \u00e8 parlato della nostra proposta di inversione di marcia su via Capozzi e via Che Guevara; l\u2019ipotesi \u00e8 tutta da studiare ed il Comandante della Polizia Municipale ha espresso a tal proposito forti perplessit\u00e0.<\/p>\n<p style=\"text-align: justify;\"><strong>Igiene e cura delle aree residue<\/strong><\/p>\n<p style=\"text-align: justify;\">Il Comitato ha ribadito la indispensabilit\u00e0 di curare le aree residue del quartiere trovando ogni risorsa e di <a title=\"Struttura Via Einaudi (15)\" href=\"https:\/\/www.flickr.com\/photos\/91470992@N02\/26612532586\/in\/dateposted-public\/\" data-flickr-embed=\"true\"><img loading=\"lazy\" decoding=\"async\" style=\"margin: 5px; float: left;\" src=\"https:\/\/farm2.staticflickr.com\/1666\/26612532586_8d012ddd66.jpg\" alt=\"Struttura Via Einaudi (15)\" width=\"400\" height=\"300\" \/><\/a>invitare, tramite ordinanza, i proprietari di suoli in stato di abbandono a tenere curate dette aree. La dott.ssa Grandolfo purtroppo non ha assunto impegni in questo senso.<\/p>\n<p style=\"text-align: justify;\"><strong>Sicurezza nel <\/strong><strong>quartiere<\/strong><\/p>\n<p style=\"text-align: justify;\">Abbiamo sollecitato ancora l\u2019Amministrazione Commissariale ad intervenire per frenare gli episodi di devianza e malaffare nel quartiere, anche, come deterrente, con l\u2019installazione di impianti illuminanti (fari) in zone scarsamente illuminate. Ancora una volta la Commissaria ha rassicurato i presenti sulla prossima definizione di una gara che sposter\u00e0 alcuni impegni di spesa dal bilancio comunale verso il miglioramento dell\u2019illuminazione pubblica ed altri piccoli lavori.<\/p>\n<p style=\"text-align: justify;\"><strong>Centro polifunzionale <br \/><\/strong><\/p>\n<p style=\"text-align: justify;\">Si \u00e8 preso atto che il Centro polifunzionale sito su via Moro non \u00e8 stato ancora consegnato al Comune e quindi non \u00e8 possibile ancora avviare le atti<a title=\"comitato 167\" href=\"https:\/\/www.flickr.com\/photos\/91470992@N02\/26573754721\/in\/dateposted-public\/\" data-flickr-embed=\"true\"><img loading=\"lazy\" decoding=\"async\" style=\"margin: 5px; float: right;\" src=\"https:\/\/farm2.staticflickr.com\/1609\/26573754721_58c2312b78.jpg\" alt=\"comitato 167\" width=\"400\" height=\"300\" \/><\/a>vit\u00e0 di sostegno ai minori ed agli anziani per cui \u00e8 sorto. Riguardo invece alla gestione dei campi da gioco adiacenti abbiamo ricevuto comunicazione della prossima definizione della questione.<\/p>\n<p style=\"text-align: justify;\">Un incontro quindi conclusosi con un nulla di fatto e con mere rassicurazioni date dal sub Commissario Grandolfo poco convincenti a due mesi dal precedente.<\/p>\n<p style=\"text-align: justify;\">Abbiamo avuto l\u2019impressione che i commissari non vedano l\u2019ora di lasciare la citt\u00e0 e che la macchina amministrativa sia completamente in mano agli uffici che, senza una guida, procedono ognuno per la propria strada.<\/p>\n<p style=\"text-align: justify;\">Un tempo buio per la citt\u00e0, il lungo periodo commissariale fortemente voluto dalla vecchia amministrazione comunale rimasta in carica inutilmente dopo quel famoso cinque febbraio 2015, si sta chiudendo. Auspichiamo che la prossima amministrazione della citt\u00e0 possa ridare legalit\u00e0, trasparenza e vita alla citt\u00e0\u201d.<\/p>\n<p style=\"text-align: right;\" align=\"right\"><strong>Comitato Quartiere 167<\/strong><\/p>\n<p>&nbsp;<\/p>\n","protected":false},"excerpt":{"rendered":"","protected":false},"author":1,"featured_media":0,"comment_status":"open","ping_status":"closed","sticky":false,"template":"","format":"standard","meta":{"colormag_page_container_layout":"default_layout","colormag_page_sidebar_layout":"default_layout","footnotes":""},"categories":[7],"tags":[],"class_list":["post-51970","post","type-post","status-publish","format-standard","hentry","category-attualita"],"_links":{"self":[{"href":"https:\/\/archiviogioia.lavocedelpaese.info\/index.php?rest_route=\/wp\/v2\/posts\/51970","targetHints":{"allow":["GET"]}}],"collection":[{"href":"https:\/\/archiviogioia.lavocedelpaese.info\/index.php?rest_route=\/wp\/v2\/posts"}],"about":[{"href":"https:\/\/archiviogioia.lavocedelpaese.info\/index.php?rest_route=\/wp\/v2\/types\/post"}],"author":[{"embeddable":true,"href":"https:\/\/archiviogioia.lavocedelpaese.info\/index.php?rest_route=\/wp\/v2\/users\/1"}],"replies":[{"embeddable":true,"href":"https:\/\/archiviogioia.lavocedelpaese.info\/index.php?rest_route=%2Fwp%2Fv2%2Fcomments&post=51970"}],"version-history":[{"count":0,"href":"https:\/\/archiviogioia.lavocedelpaese.info\/index.php?rest_route=\/wp\/v2\/posts\/51970\/revisions"}],"wp:attachment":[{"href":"https:\/\/archiviogioia.lavocedelpaese.info\/index.php?rest_route=%2Fwp%2Fv2%2Fmedia&parent=51970"}],"wp:term":[{"taxonomy":"category","embeddable":true,"href":"https:\/\/archiviogioia.lavocedelpaese.info\/index.php?rest_route=%2Fwp%2Fv2%2Fcategories&post=51970"},{"taxonomy":"post_tag","embeddable":true,"href":"https:\/\/archiviogioia.lavocedelpaese.info\/index.php?rest_route=%2Fwp%2Fv2%2Ftags&post=51970"}],"curies":[{"name":"wp","href":"https:\/\/api.w.org\/{rel}","templated":true}]}}