{"id":52016,"date":"2016-04-30T05:10:53","date_gmt":"2016-04-30T05:10:53","guid":{"rendered":"https:\/\/archiviogioia.lavocedelpaese.info\/?p=52016"},"modified":"2016-04-30T05:10:53","modified_gmt":"2016-04-30T05:10:53","slug":"etica-politica-amministrativa-e-personale-chi-era-costei","status":"publish","type":"post","link":"https:\/\/archiviogioia.lavocedelpaese.info\/?p=52016","title":{"rendered":"ETICA POLITICA, AMMINISTRATIVA E PERSONALE. CHI ERA COSTEI?"},"content":{"rendered":"<p><a title=\"municipio di Gioia del Colle\" href=\"https:\/\/www.flickr.com\/photos\/91470992@N02\/21190341632\/in\/photolist-Fcc8Zk-CBJtur-wXJBQq-tzoP8W-uTukoJ-uTuZ9G-vb5nJM-saFEu4-yhw3iN-rM9ZWz-rZ4GCg-rLLziJ-rJgSwS-ro1jet-r6yfCc-r6r6gE-rnTdpx-r4FTin-qkH6kA-ptcTn5\" data-flickr-embed=\"true\"><img loading=\"lazy\" decoding=\"async\" style=\"display: block; margin-left: auto; margin-right: auto;\" src=\"https:\/\/farm6.staticflickr.com\/5739\/21190341632_307b40904b_o.jpg\" alt=\"municipio di Gioia del Colle\" width=\"320\" height=\"240\" \/><\/a><\/p>\n<p><!--more--><\/p>\n<p style=\"margin-bottom: 0.0001pt; text-align: justify; line-height: normal;\"><a title=\"vito lovero\" href=\"https:\/\/www.flickr.com\/photos\/91470992@N02\/26126571463\/in\/dateposted-public\/\" data-flickr-embed=\"true\"><img loading=\"lazy\" decoding=\"async\" style=\"margin: 5px; float: left;\" src=\"https:\/\/farm2.staticflickr.com\/1688\/26126571463_fe80a7e9c6_o.jpg\" alt=\"vito lovero\" width=\"400\" height=\"300\" \/><\/a> \u201cScrivo queste due righe, come spesso le apostrofano i miei amici pentastellati, per esprimere il mio <strong>assoluto sgomento di fronte ad una serie di barbarie comportamentali<\/strong> che, in questa misera campagna pre-elettorale, stanno tinteggiando con funeree sfumature, il confronto politico o quanto ne resta di esso.<\/p>\n<p style=\"margin-bottom: 0.0001pt; text-align: justify; line-height: normal;\">Rendersi conto di quanto a Gioia del Colle il paradosso sia oggi una realt\u00e0 tangibile, di come l\u2019etica sia divenuta bisbetica e l\u2019equit\u00e0 si stia sfaldando sotto il peso della pecunia oleosa, \u00e8 affare gravoso per gente, come il sottoscritto, che per anni ha creduto nella possibile lealt\u00e0 tra le genti.<\/p>\n<p style=\"margin-bottom: 0.0001pt; text-align: justify; line-height: normal;\">Oggi, ahim\u00e8, mi rendo conto di quanto la legalit\u00e0, l\u2019etica, le morale non siano principi universali ma si adattano alle esigenze dei singoli, dei ricchi, dei soliti.<\/p>\n<p style=\"margin-bottom: 0.0001pt; text-align: justify; line-height: normal;\">Eppure io <strong>ci credo ancora negli insegnamenti di un maestro dell\u2019umanit\u00e0<\/strong>, e non smetter\u00f2 mai di crederci, perch\u00e9 \u201cdue cose hanno soddisfatto la mia mente con nuova e crescente ammirazione e soggezione e hanno occupato persistentemente il mio pensiero: il cielo stellato sopra di me e la<a title=\"coda per firmare la lista\" href=\"https:\/\/www.flickr.com\/photos\/91470992@N02\/26704434856\/in\/dateposted-public\/\" data-flickr-embed=\"true\"><img loading=\"lazy\" decoding=\"async\" style=\"margin: 4px; float: right;\" src=\"https:\/\/farm2.staticflickr.com\/1610\/26704434856_fb71ea2de3_o.jpg\" alt=\"coda per firmare la lista\" width=\"350\" height=\"584\" \/><\/a> legge morale dentro di me. Queste due cose io non ho bisogno di cercarle e semplicemente supporle come se fossero avvolte nell\u2019oscurit\u00e0, o se fossero nel trascendente, fuori dal mio orizzonte: io le vedo davanti a me e le connetto immediatamente con la coscienza della mia esistenza\u201d (Immanuel Kant, Critica della Ragion Pura).<\/p>\n<p style=\"margin-bottom: 0.0001pt; text-align: justify; line-height: normal;\"><strong>Affiggerete pure manifesti e cartelloni ovunque<\/strong>, sulle strade pubbliche cos\u00ec come in locali privati, vi fregerete di innumerevoli sedi elettorali, <strong>il cuore della \u201cbrava\u201d gente non ne verr\u00e0 toccato<\/strong>, ed \u00e8 a loro che la mia voce rivolge il fiato.<\/p>\n<p style=\"margin-bottom: 0.0001pt; text-align: justify; line-height: normal;\">Se soltanto ammetteste che, in una sana competizione elettorale le armi dovrebbero essere alla pari, che a tutti i concorrenti dovrebbero essere concesse le medesime possibilit\u00e0 di mostrare le proprie argomentazioni, senza cene, feste, buoni, e quant\u2019altro l\u2019ingegno pu\u00f2 suggerire, allora s\u00ec che il mio spirito si ricrederebbe.<\/p>\n<p style=\"margin-bottom: 0.0001pt; text-align: justify; line-height: normal;\">Purtroppo non \u00e8 cos\u00ec e, con voi, non lo sar\u00e0 mai!<\/p>\n<p style=\"margin-bottom: 0.0001pt; text-align: justify; line-height: normal;\"><strong>Troppo forte l\u2019interesse di vincere, troppo importante il premio<\/strong>.<\/p>\n<p style=\"margin-bottom: 0.0001pt; text-align: justify; line-height: normal;\">Allora tutto pu\u00f2 essere concesso, raccolta di firme in luoghi che sarebbe meglio non dire, promesse facili da dimenticare, liste elettorali di cui \u00e8 meglio abbondare.<\/p>\n<p style=\"margin-bottom: 0.0001pt; text-align: justify; line-height: normal;\">\u00c8 la politica mi vien detto, \u00e8 il fine che giustifica i mezzi: dobbiamo vincere, costi quel che costi!!!!<\/p>\n<p style=\"margin-bottom: 0.0001pt; text-align: justify; line-height: normal;\"><strong>Noi non siamo cos\u00ec, noi non scenderemo mai a compromessi<\/strong>!<\/p>\n<p style=\"margin-bottom: 0.0001pt; text-align: justify; line-height: normal;\">Come Rousseau \u201cpossiamo ammirare quanto vogliamo la societ\u00e0; rimane il fatto che porta necessariamente gli uomini ad odiarsi reciprocamente in proporzione ai loro interessi crescenti, a rendersi mutualmente solo dei servizi apparenti e a farsi invece tutto il male possibile\u201d.<\/p>\n<p style=\"margin-bottom: 0.0001pt; line-height: normal;\"><strong>C\u2019\u00e8 una categoria di leggi \u201cche non si incidono nel marmo ma nel cuore dei cittadini\u201d<\/strong> (il contratto sociale)\u201d.<\/p>\n<p style=\"margin-bottom: 0.0001pt; text-align: right; line-height: normal;\" align=\"right\"><strong>Vito Lovero<\/strong><\/p>\n<p>&nbsp;<\/p>\n","protected":false},"excerpt":{"rendered":"","protected":false},"author":1,"featured_media":0,"comment_status":"open","ping_status":"closed","sticky":false,"template":"","format":"standard","meta":{"colormag_page_container_layout":"default_layout","colormag_page_sidebar_layout":"default_layout","footnotes":""},"categories":[4],"tags":[],"class_list":["post-52016","post","type-post","status-publish","format-standard","hentry","category-politica"],"_links":{"self":[{"href":"https:\/\/archiviogioia.lavocedelpaese.info\/index.php?rest_route=\/wp\/v2\/posts\/52016","targetHints":{"allow":["GET"]}}],"collection":[{"href":"https:\/\/archiviogioia.lavocedelpaese.info\/index.php?rest_route=\/wp\/v2\/posts"}],"about":[{"href":"https:\/\/archiviogioia.lavocedelpaese.info\/index.php?rest_route=\/wp\/v2\/types\/post"}],"author":[{"embeddable":true,"href":"https:\/\/archiviogioia.lavocedelpaese.info\/index.php?rest_route=\/wp\/v2\/users\/1"}],"replies":[{"embeddable":true,"href":"https:\/\/archiviogioia.lavocedelpaese.info\/index.php?rest_route=%2Fwp%2Fv2%2Fcomments&post=52016"}],"version-history":[{"count":0,"href":"https:\/\/archiviogioia.lavocedelpaese.info\/index.php?rest_route=\/wp\/v2\/posts\/52016\/revisions"}],"wp:attachment":[{"href":"https:\/\/archiviogioia.lavocedelpaese.info\/index.php?rest_route=%2Fwp%2Fv2%2Fmedia&parent=52016"}],"wp:term":[{"taxonomy":"category","embeddable":true,"href":"https:\/\/archiviogioia.lavocedelpaese.info\/index.php?rest_route=%2Fwp%2Fv2%2Fcategories&post=52016"},{"taxonomy":"post_tag","embeddable":true,"href":"https:\/\/archiviogioia.lavocedelpaese.info\/index.php?rest_route=%2Fwp%2Fv2%2Ftags&post=52016"}],"curies":[{"name":"wp","href":"https:\/\/api.w.org\/{rel}","templated":true}]}}