{"id":5204,"date":"2010-10-17T05:14:13","date_gmt":"2010-10-17T05:14:13","guid":{"rendered":"https:\/\/archiviogioia.lavocedelpaese.info\/?p=5204"},"modified":"2010-10-17T05:14:13","modified_gmt":"2010-10-17T05:14:13","slug":"invito-a-longo-a-non-deliberare-atti-illegittimi-e-illegali","status":"publish","type":"post","link":"https:\/\/archiviogioia.lavocedelpaese.info\/?p=5204","title":{"rendered":"&#8220;LONGO, NON DELIBERARE ATTI ILLEGITTIMI E ILLEGALI&#8221;"},"content":{"rendered":"<p><img loading=\"lazy\" decoding=\"async\" class=\" size-full wp-image-5201\" alt=\"manifestazione-sel\" src=\"https:\/\/archiviogioia.lavocedelpaese.info\/wp-content\/uploads\/2010\/10\/manifestazione-sel.jpg\" width=\"320\" height=\"150\" srcset=\"https:\/\/archiviogioia.lavocedelpaese.info\/wp-content\/uploads\/2010\/10\/manifestazione-sel.jpg 640w, https:\/\/archiviogioia.lavocedelpaese.info\/wp-content\/uploads\/2010\/10\/manifestazione-sel-300x141.jpg 300w\" sizes=\"auto, (max-width: 320px) 100vw, 320px\" \/> <\/p>\n<p><!--more--><\/p>\n<p><\/p>\n<p style=\"text-align: justify;\"><strong><img loading=\"lazy\" decoding=\"async\" class=\" alignleft size-full wp-image-5202\" style=\"margin: 4px; float: left;\" alt=\"sel_logo\" src=\"https:\/\/archiviogioia.lavocedelpaese.info\/wp-content\/uploads\/2010\/10\/sel_logo.png\" width=\"320\" height=\"51\" srcset=\"https:\/\/archiviogioia.lavocedelpaese.info\/wp-content\/uploads\/2010\/10\/sel_logo.png 519w, https:\/\/archiviogioia.lavocedelpaese.info\/wp-content\/uploads\/2010\/10\/sel_logo-300x48.png 300w\" sizes=\"auto, (max-width: 320px) 100vw, 320px\" \/>Sinistra Ecologia e Libert\u00e0 ringrazia tutti i cittadini<\/strong> che hanno partecipato in grande numero alla festa del nostro circolo, contribuendo cos\u00ec al successo dell\u2019iniziativa. <strong>Volutamente non abbiamo parlato di temi locali<\/strong>, perch\u00e9 <strong>la demagogia e i misfatti li lasciamo al centro-destra<\/strong>. Infatti <strong>nella loro festa<\/strong>, non sapendo cosa dire dell\u2019operato di questi due anni, <strong>hanno fatto bella mostra di opere pubbliche programmate, ca<\/strong><strong><img loading=\"lazy\" decoding=\"async\" class=\" alignright size-full wp-image-2735\" style=\"margin: 4px; float: right;\" alt=\"piero_longo\" src=\"https:\/\/archiviogioia.lavocedelpaese.info\/wp-content\/uploads\/2010\/06\/piero_longo.jpg\" width=\"120\" height=\"144\" \/><\/strong><strong>ntierizzate e finanziate dalle amministrazioni di centro-sinistra<\/strong>. Non hanno avuto il coraggio invece di parlare delle cose inutili che in questi due anni sono state fatte, e che vogliono continuare a fare.<\/p>\n<div style=\"text-align: justify;\"><\/div>\n<p style=\"text-align: justify;\"><strong>Sindaco Longo, la invitiamo ancora una volta a non deliberare atti amministrativi<\/strong> che per quanto ci riguarda sono <strong>illegittimi e illegali, partendo da<\/strong>:<\/p>\n<div style=\"text-align: justify;\"><\/div>\n<p style=\"text-align: justify;\"><strong>1) AREA MERCATALE.<\/strong> Su questo argomento <strong>avete superato voi stessi con procedure illegittime e illegali<\/strong>: avete deciso di mettere in vendita il mercato coperto per realizzare appartamenti a vendere, avete individuato l\u2019area per spostare l\u2019attuale mercato tra via D\u2019Annunzio e via Della Pace, av<img loading=\"lazy\" decoding=\"async\" class=\" alignleft size-full wp-image-5203\" style=\"margin: 4px; float: left;\" alt=\"gioia_prg-low_1\" src=\"https:\/\/archiviogioia.lavocedelpaese.info\/wp-content\/uploads\/2010\/10\/gioia_prg-low_1.jpg\" width=\"300\" height=\"210\" srcset=\"https:\/\/archiviogioia.lavocedelpaese.info\/wp-content\/uploads\/2010\/10\/gioia_prg-low_1.jpg 448w, https:\/\/archiviogioia.lavocedelpaese.info\/wp-content\/uploads\/2010\/10\/gioia_prg-low_1-300x210.jpg 300w\" sizes=\"auto, (max-width: 300px) 100vw, 300px\" \/>ete incaricato un professionista per uno studio di fattibilit\u00e0 per la realizzazione dell\u2019opera. Avete infine scelto, non si sa con quale criterio, una societ\u00e0 di Bari, la PROMEM SUD-EST, in materia di finanza di progetto. Il progettista incaricato ad agosto 2009 trasmette la relazione tecnica; nella relazione si evidenzia che <strong>l\u2019area \u00e8 tipizzata F1-F2, e pertanto in tali zone non sono consentite abitazioni di alcun genere<\/strong>. L\u2019unica volta in cui viene convocato il Consiglio Comunale per l\u2019adozione in variante al PRG \u00e8 in data 9 novembre 2009 e guarda caso quella seduta va deserta per mancanza del numero legale da parte della maggioranza, Il resto viene adottato o di giunta o con determine del dirigente dell\u2019UTC.<\/p>\n<div style=\"text-align: justify;\"><\/div>\n<p style=\"text-align: justify;\">Cittadini, nello studio di fattibilit\u00e0 <strong>erano previsti due piani da adibire a residenze abitative<\/strong>, non si capisce come <strong>la successiva determina del dirigente dell\u2019UTC preveda l\u2019aumento di un piano<\/strong>. Stendiamo un velo pietoso sul bando di gara approvato non dalla Giunta Comunale ma dall\u2019ingegnere con criteri del tutto arbitrari. Per ora ci fermiamo qui. In altre sedi continueremo a denunciare questo argomento in quanto <strong>siamo di fronte ad<\/strong><strong><img loading=\"lazy\" decoding=\"async\" class=\" alignright size-full wp-image-3032\" style=\"margin: 4px; float: right;\" alt=\"rigenerazione\" src=\"https:\/\/archiviogioia.lavocedelpaese.info\/wp-content\/uploads\/2010\/07\/rigenerazione.jpg\" width=\"300\" height=\"208\" srcset=\"https:\/\/archiviogioia.lavocedelpaese.info\/wp-content\/uploads\/2010\/07\/rigenerazione.jpg 448w, https:\/\/archiviogioia.lavocedelpaese.info\/wp-content\/uploads\/2010\/07\/rigenerazione-300x208.jpg 300w\" sizes=\"auto, (max-width: 300px) 100vw, 300px\" \/><\/strong><strong> una delle pi\u00f9 grandi speculazioni edilizie e finanziarie avvenute nella nostra citt\u00e0<\/strong>. Vergognatevi!<\/p>\n<div style=\"text-align: justify;\"><\/div>\n<p style=\"text-align: justify;\"><strong>2) CONCESSIONI EDILIZIE E LAVORI PUBBLICI.<\/strong> <strong>Non si rilascino<\/strong> per l\u2019ennesima volta <strong>concessioni edilizie ricadenti in zone F perch\u00e9 illegittime<\/strong>, <strong>usando il pretesto della legge sul Piano Casa che prevede l\u2019aumento del 35% di volumetria sull\u2019esistente<\/strong>, per far sorgere palazzi o uffici su una zona decaduta con una volumetria di gran lunga superiore a quanto previsto dalla legge (<strong>EX ARENA CASTELLANO<\/strong>).<\/p>\n<div style=\"text-align: justify;\"><\/div>\n<p style=\"text-align: justify;\">Non ci avete ancora risposto <strong>come mai il PRU non \u00e8 stato realizzato come previsto, come mai la casa di riposo per anziani sia sparita dalle priorit\u00e0 del nostro Sindaco<\/strong>, perch\u00e9 il piano finanziario aggiornato dai suoi uffici taglia numerose opere pubbliche<strong><img loading=\"lazy\" decoding=\"async\" class=\" alignleft size-full wp-image-4406\" style=\"margin: 4px; float: left;\" alt=\"spes-1\" src=\"https:\/\/archiviogioia.lavocedelpaese.info\/wp-content\/uploads\/2010\/09\/spes-1.jpg\" width=\"300\" height=\"225\" srcset=\"https:\/\/archiviogioia.lavocedelpaese.info\/wp-content\/uploads\/2010\/09\/spes-1.jpg 453w, https:\/\/archiviogioia.lavocedelpaese.info\/wp-content\/uploads\/2010\/09\/spes-1-300x225.jpg 300w\" sizes=\"auto, (max-width: 300px) 100vw, 300px\" \/><\/strong> e molte sistemazioni di importanti strade cittadine. E infine come mai il progetto del Laboratorio Urbano di Bollenti Spiriti procede da mesi a fasi alterne con i lavori che si interrompono senza sapere perch\u00e9 e senza poter determinare una data per la consegna dell\u2019opera.<\/p>\n<div style=\"text-align: justify;\"><\/div>\n<p style=\"text-align: justify;\"><strong>3) SPES.<\/strong> <strong>Il comune a tutt\u2019oggi non ha mantenuto la promessa di rilevare la  quota Acam. Il bilancio 2009 della Spes \u00e8 stato chiuso con un passivo di quasi 60 mila euro<\/strong>. Ci risulta che ci sono <strong>da parte del Comune un milione e duecentomila euro di debiti nei confronti della Spes<\/strong>. Non vorremmo che il Comune nei prossimi mesi vada in dissesto finanziario. Le dobbiamo ricordare che <strong>il Comune \u00e8 un Ente Pubblico e pertanto il controllo della contabilit\u00e0 deve essere in cima alle priorit\u00e0<\/strong>.<\/p>\n<div style=\"text-align: justify;\"><\/div>\n<p style=\"text-align: justify;\"><strong>Sinistra ecologia e libert\u00e0 invita i partiti di opposizione a farsi carico di tutti questi problemi<\/strong>, con lo strumento dell\u2019autoconvocazione unico modo per costruire l\u2019alternativa di governo a questa sciagurata compagine amministrativa.<\/p>\n<p style=\"text-align: right;\">(<strong>Sinistra Ecologia e Libert\u00e0<\/strong>)<\/p>\n","protected":false},"excerpt":{"rendered":"","protected":false},"author":1,"featured_media":5201,"comment_status":"open","ping_status":"closed","sticky":false,"template":"","format":"standard","meta":{"colormag_page_container_layout":"default_layout","colormag_page_sidebar_layout":"default_layout","footnotes":""},"categories":[4],"tags":[],"class_list":["post-5204","post","type-post","status-publish","format-standard","has-post-thumbnail","hentry","category-politica"],"_links":{"self":[{"href":"https:\/\/archiviogioia.lavocedelpaese.info\/index.php?rest_route=\/wp\/v2\/posts\/5204","targetHints":{"allow":["GET"]}}],"collection":[{"href":"https:\/\/archiviogioia.lavocedelpaese.info\/index.php?rest_route=\/wp\/v2\/posts"}],"about":[{"href":"https:\/\/archiviogioia.lavocedelpaese.info\/index.php?rest_route=\/wp\/v2\/types\/post"}],"author":[{"embeddable":true,"href":"https:\/\/archiviogioia.lavocedelpaese.info\/index.php?rest_route=\/wp\/v2\/users\/1"}],"replies":[{"embeddable":true,"href":"https:\/\/archiviogioia.lavocedelpaese.info\/index.php?rest_route=%2Fwp%2Fv2%2Fcomments&post=5204"}],"version-history":[{"count":0,"href":"https:\/\/archiviogioia.lavocedelpaese.info\/index.php?rest_route=\/wp\/v2\/posts\/5204\/revisions"}],"wp:featuredmedia":[{"embeddable":true,"href":"https:\/\/archiviogioia.lavocedelpaese.info\/index.php?rest_route=\/wp\/v2\/media\/5201"}],"wp:attachment":[{"href":"https:\/\/archiviogioia.lavocedelpaese.info\/index.php?rest_route=%2Fwp%2Fv2%2Fmedia&parent=5204"}],"wp:term":[{"taxonomy":"category","embeddable":true,"href":"https:\/\/archiviogioia.lavocedelpaese.info\/index.php?rest_route=%2Fwp%2Fv2%2Fcategories&post=5204"},{"taxonomy":"post_tag","embeddable":true,"href":"https:\/\/archiviogioia.lavocedelpaese.info\/index.php?rest_route=%2Fwp%2Fv2%2Ftags&post=5204"}],"curies":[{"name":"wp","href":"https:\/\/api.w.org\/{rel}","templated":true}]}}