{"id":52068,"date":"2016-05-05T07:17:14","date_gmt":"2016-05-05T07:17:14","guid":{"rendered":"https:\/\/archiviogioia.lavocedelpaese.info\/?p=52068"},"modified":"2016-05-05T07:17:14","modified_gmt":"2016-05-05T07:17:14","slug":"anapeson-di-f-dongiovanni-e-m-cardetta-a-palm-spring","status":"publish","type":"post","link":"https:\/\/archiviogioia.lavocedelpaese.info\/?p=52068","title":{"rendered":"\u201cANAPESON\u201d DI F. DONGIOVANNI E M. CARDETTA A PALM SPRINGS"},"content":{"rendered":"<p><a title=\"giano ciak\" href=\"https:\/\/www.flickr.com\/photos\/91470992@N02\/23896537265\" data-flickr-embed=\"true\"><img loading=\"lazy\" decoding=\"async\" style=\"display: block; margin-left: auto; margin-right: auto;\" src=\"https:\/\/farm6.staticflickr.com\/5750\/23896537265_1a346b6f05_z.jpg\" alt=\"giano ciak\" width=\"320\" height=\"240\" \/><\/a><\/p>\n<p><!--more--><\/p>\n<p style=\"text-align: justify;\"><a title=\"anapeson\" href=\"https:\/\/www.flickr.com\/photos\/91470992@N02\/26734916702\/in\/dateposted-public\/\" data-flickr-embed=\"true\"><img loading=\"lazy\" decoding=\"async\" style=\"margin: 4px; float: left;\" src=\"https:\/\/farm8.staticflickr.com\/7563\/26734916702_8f32ae35c1.jpg\" alt=\"anapeson\" width=\"400\" height=\"225\" \/><\/a> <span>Nella natura anche il silenzio vibra e le sue voci sono arpeggi che viaggiano nello spazio e nel tempo senza mutare\u2026 Presente e passato si declinano sul pentagramma sotteso a questo asse spazio-temporale, creando un \u201cnon tempo\u201d in cui la frenesia \u00e8 un ricordo e lo sguardo lento, indugia&#8230; Questa la \u201cmalia\u201d di \u201c<strong>Anapeson<\/strong>\u201d, distribuito da \u201cThe Open Reel\u201d e <strong>proiettato in prima assoluta al Torino Film Festival 2015 ed in aprile <\/strong><strong>all&#8217;American Documentary Film Festival and Film Fund di Palm Springs, negli Stati Uniti<\/strong>. <\/span><\/p>\n<p style=\"text-align: justify;\"><span>Una \u201ccreatura\u201d filmica scritta a quattro mani da <strong>Francesco Dongiovanni e Marco Cardetta<\/strong>, musicata da <strong>Roberto Salah Addin Re David<\/strong> e tecnicamente \u201cconfezionata\u201d da <strong>Vincenzo Pastore<\/strong> che insieme a <strong>Rosario Milano<\/strong> hanno dato vita alla Murex <\/span><a title=\"anapeson di f.sco dongiovanni e marco cardetta\" href=\"https:\/\/www.flickr.com\/photos\/91470992@N02\/26761158561\/in\/dateposted-public\/\" data-flickr-embed=\"true\"><img loading=\"lazy\" decoding=\"async\" style=\"margin: 4px; float: right;\" src=\"https:\/\/farm8.staticflickr.com\/7149\/26761158561_7408af8aea.jpg\" alt=\"anapeson di f.sco dongiovanni e marco cardetta\" width=\"400\" height=\"222\" \/><\/a><span>Production.<\/span><\/p>\n<p style=\"text-align: justify;\"><span>\u201cAnapeson\u201d in viaggio per i festival del mondo \u00e8 prodotto dalla Apulia F<\/span><span>ilm Commission nell&#8217;ambito del &#8220;Progetto Memoria&#8221;, iniziativa che affida a giovani registi pugliesi la realizzazione di documentari e cortom<\/span><span>etraggi che contribuiscono alla diffusione dell\u2019identit\u00e0 e della storia della Puglia.<\/span><\/p>\n<p style=\"text-align: justify;\"><span>I luoghi &#8211; una costruzione fortificata diroccata e consumata dall\u2019inedia e da un indifferente oblio in quel di San Basilio, vicino Mottola e le fertili terre su cui si adagia &#8211; evocano antichi fasti e vestigia, quella dei duchi De Sangro e Caracciolo. Un pretesto per ritrovarsi e riscoprirsi, utilizzando il racconto racchiuso in una bolla spazio-temporale in cui ogni coordinata sembra smarrirsi e perdere senso\u2026 Ed \u00e8 attraverso le memorie del conte e naturalista De Salis Marschlins che quest<\/span><a title=\"anapeson di f.sco dongiovanni e marco cardetta\" href=\"https:\/\/www.flickr.com\/photos\/91470992@N02\/26761157821\/in\/dateposted-public\/\" data-flickr-embed=\"true\"><img loading=\"lazy\" decoding=\"async\" style=\"margin: 4px; float: left;\" src=\"https:\/\/farm8.staticflickr.com\/7054\/26761157821_a2e6dd3b28.jpg\" alt=\"anapeson di f.sco dongiovanni e marco cardetta\" width=\"400\" height=\"267\" \/><\/a><span>o scorcio di Puglia smette le gramaglie dell\u2019abbandono e torna a <\/span><span>vivere attraverso parole che ne evocano la bellezza, la luce, i colori e quella brezza che profuma di Mediterraneo e salsedine mista ad origano, basilico, mirto, menta\u2026<\/span><\/p>\n<p style=\"text-align: justify;\"><span><strong>IN VIAGGIO NELLA STORIA<\/strong><\/span><\/p>\n<p style=\"margin: 0cm 0cm 0.0001pt; text-align: justify;\"><span>La voce narrante si immerge nei suoni, non le servono sottotitoli, la sua musicalit\u00e0 \u00e8 universale cos\u00ec come le immagini create da virtuali suggestioni che danza<\/span><span>no nella poesia di un paesaggio fecondato dalla pigra carezza di un raggio di sole.<\/span><\/p>\n<p style=\"margin: 0cm 0cm 0.0001pt; text-align: justify;\"><span>Nel silenzio &#8211; non pi\u00f9 icona di abbandono ma incubatrice di eternit\u00e0 &#8211; il passato torna ad acquisire una metafisica fisicit\u00e0.<\/span><\/p>\n<p style=\"margin-bottom: 0.0001pt; text-align: justify; line-height: normal;\">\u201cIl ricordo \u00e8 la proiezione di un\u2019immagine che pu\u00f2 anche generare nostalgia &#8211; confessa il regista Francesco Dongiovanni, alle prese con due importanti progetti che vedranno la Murex Production impegnata a Matera ed a Torino -, ed \u00e8 nell\u2019impossibilit\u00e0 di rivivere quel mome<a title=\"anapeson\" href=\"https:\/\/www.flickr.com\/photos\/91470992@N02\/26734916262\/in\/dateposted-public\/\" data-flickr-embed=\"true\"><img loading=\"lazy\" decoding=\"async\" style=\"margin: 4px; float: right;\" src=\"https:\/\/farm8.staticflickr.com\/7083\/26734916262_85a13480e9.jpg\" alt=\"anapeson\" width=\"400\" height=\"225\" \/><\/a>nto, quel luogo, quegli affetti che le immagini acquistano forza e riscrivono la storia. Con Marco Cardetta abbiamo pensato ad un viaggio e ad una doppia partitura visiva: le immagini del presente, nella sua arida e desolata realt\u00e0 di abbandono, ed una voce che torna dal passato per attraversarle e creare altre immagini ed intercettare nel silenzio, echi del passato.\u201d<\/p>\n<p style=\"text-align: justify;\">Le coordinate geografiche, storiche ed antropologiche si liquefano in rivoli di universalit\u00e0, la stessa racchiusa nel dettaglio di un luogo non luogo, di un tempo non tempo, di un\u2019Arte ossimoro di acutezza e follia.&nbsp;<\/p>\n<p style=\"margin-bottom: 0.0001pt; text-align: justify; line-height: normal;\">Il \u201cseme\u201d di un\u2019analisi etno-sociologica germinato nell\u2019humus antropologico della Puglia &#8211; segmento estetico, linguistico e stilistico di primigenia creativit\u00e0 &#8211; cresce ed acquista una sua semantica, affascinant<a title=\"anapeson\" href=\"https:\/\/www.flickr.com\/photos\/91470992@N02\/26734916512\/in\/dateposted-public\/\" data-flickr-embed=\"true\"><img loading=\"lazy\" decoding=\"async\" style=\"margin: 4px; float: left;\" src=\"https:\/\/farm8.staticflickr.com\/7234\/26734916512_0e28c14a40.jpg\" alt=\"anapeson\" width=\"400\" height=\"226\" \/><\/a>e indipendenza.<\/p>\n<p><strong>MATERA E TORINO NEL FUTURO DELLA MUREX<\/strong><\/p>\n<p style=\"margin-bottom: 0.0001pt; text-align: justify; line-height: normal;\">Al riguardo dei progetti in itinere, Dongiovanni accenna alla trilogia \u201cElegie dall\u2019inizio del mondo\u201d. \u201cSto scavando nell\u2019archivio di pellicole realizzate tra gli anni \u201960 e \u201970 in Lucania dallo scrittore, fotografo e storico materano Domenico Notarangelo.\u201d<\/p>\n<p style=\"margin-bottom: 0.0001pt; text-align: justify; line-height: normal;\">Attraverso il found footage, le immagini del mondo contadino torneranno a testimoniare il passato in un \u201cverismo\u201d poeticamente rivisitato e reinterpretato, senza ricorrere a spregiudicate traslazioni ma in perfetta osmosi con il pensiero di Notarangelo.<\/p>\n<p style=\"margin-bottom: 0.0001pt; text-align: justify; line-height: normal;\">Francesco Dongiovanni dal 2011 al 2014 ha umanizzato luoghi in \u201cDensamente spopolata \u00e8 la felicit\u00e0\u201d, ricomposto fratture tra presente e passato in \u201cElegie dall\u2019inizio del mondo &#8211; Uomini e alberi\u201d e poetizzato il \u201clinguaggio\/sguardo\u201d in \u201cGiano &#8211; <strong><span style=\"font-weight: normal;\">premio speciale della Giuria a Teheran nel <\/span><\/strong>Cinema V\u00e9rit\u00e9; Iran International Docume<a title=\"anapeson di f.sco dongiovanni e marco cardetta\" href=\"https:\/\/www.flickr.com\/photos\/91470992@N02\/26555934040\/in\/dateposted-public\/\" data-flickr-embed=\"true\"><img loading=\"lazy\" decoding=\"async\" style=\"margin: 4px; float: right;\" src=\"https:\/\/farm8.staticflickr.com\/7611\/26555934040_b7eaf5e9f6.jpg\" alt=\"anapeson di f.sco dongiovanni e marco cardetta\" width=\"400\" height=\"266\" \/><\/a>ntary Film Festival\u201d<strong> -, <\/strong>nel tentativo di restituire equilibrio alle conflittualit\u00e0 che vedono l\u2019uomo contrapporsi alla natura non pi\u00f9 e non solo per dominarla, ma per arginarne l\u2019imprevedibilit\u00e0 ed imporle i propri ritmi.<\/p>\n<p style=\"margin-bottom: 0.0001pt; text-align: justify; line-height: normal;\">\u201cLe immagini presenti nei film &#8211; conclude il regista &#8211; si sedimentano nella mia mente e solo dopo aver assunto forma e concretezza diventano oggettive e quindi posso proiettarle al di fuori di me. Ovviamente sono luoghi che vivo, che mi abitano e che si vestono di carattere indeterminato, di stratificazioni che si sovrappongono alla mia storia&#8230;\u201d<\/p>\n<p style=\"margin-bottom: 0.0001pt; text-align: justify; line-height: normal;\">I temi trattati nei film sono colti nel momento in cui si disfa la trama che li lega al presente, ma non vi \u00e8 per questo rimpianto o pregiudizio, tanto meno tale incuria \u00e8 oggetto di accusa o assoluzione. Dongiovanni tenta quindi di comprendere e trasmettere questa consapevolezza senza ricorrere ad ibridazioni del linguaggio, attraverso immagini pure, integre, non \u201caddomesticate\u201d o asservite ad una narrazione sensazionalistica. Ed \u00e8 nella complessa semplicit\u00e0 di questi equilibri interiori, sedimentati e proiettati nelle immagini, nella visione al contempo intimistica ed universale, il segreto del successo.<\/p>\n<p>&nbsp;<\/p>\n","protected":false},"excerpt":{"rendered":"","protected":false},"author":1,"featured_media":0,"comment_status":"open","ping_status":"closed","sticky":false,"template":"","format":"standard","meta":{"colormag_page_container_layout":"default_layout","colormag_page_sidebar_layout":"default_layout","footnotes":""},"categories":[7],"tags":[],"class_list":["post-52068","post","type-post","status-publish","format-standard","hentry","category-attualita"],"_links":{"self":[{"href":"https:\/\/archiviogioia.lavocedelpaese.info\/index.php?rest_route=\/wp\/v2\/posts\/52068","targetHints":{"allow":["GET"]}}],"collection":[{"href":"https:\/\/archiviogioia.lavocedelpaese.info\/index.php?rest_route=\/wp\/v2\/posts"}],"about":[{"href":"https:\/\/archiviogioia.lavocedelpaese.info\/index.php?rest_route=\/wp\/v2\/types\/post"}],"author":[{"embeddable":true,"href":"https:\/\/archiviogioia.lavocedelpaese.info\/index.php?rest_route=\/wp\/v2\/users\/1"}],"replies":[{"embeddable":true,"href":"https:\/\/archiviogioia.lavocedelpaese.info\/index.php?rest_route=%2Fwp%2Fv2%2Fcomments&post=52068"}],"version-history":[{"count":0,"href":"https:\/\/archiviogioia.lavocedelpaese.info\/index.php?rest_route=\/wp\/v2\/posts\/52068\/revisions"}],"wp:attachment":[{"href":"https:\/\/archiviogioia.lavocedelpaese.info\/index.php?rest_route=%2Fwp%2Fv2%2Fmedia&parent=52068"}],"wp:term":[{"taxonomy":"category","embeddable":true,"href":"https:\/\/archiviogioia.lavocedelpaese.info\/index.php?rest_route=%2Fwp%2Fv2%2Fcategories&post=52068"},{"taxonomy":"post_tag","embeddable":true,"href":"https:\/\/archiviogioia.lavocedelpaese.info\/index.php?rest_route=%2Fwp%2Fv2%2Ftags&post=52068"}],"curies":[{"name":"wp","href":"https:\/\/api.w.org\/{rel}","templated":true}]}}