{"id":52150,"date":"2016-05-11T07:22:26","date_gmt":"2016-05-11T07:22:26","guid":{"rendered":"https:\/\/archiviogioia.lavocedelpaese.info\/?p=52150"},"modified":"2016-05-11T07:22:26","modified_gmt":"2016-05-11T07:22:26","slug":"i-problemi-di-gioia-del-colle-le-possibili-soluzioni-del-m5s-2","status":"publish","type":"post","link":"https:\/\/archiviogioia.lavocedelpaese.info\/?p=52150","title":{"rendered":"I PROBLEMI DI GIOIA DEL COLLE: LE POSSIBILI SOLUZIONI DEL M5S"},"content":{"rendered":"<p><a title=\"panorama-gioia-del-colle\" href=\"https:\/\/www.flickr.com\/photos\/91470992@N02\/10136676943\/in\/photolist-rZBGKM-rZxJnU-rHdZH4-r3Q5Kg-rHdinp-rZEPQg-r3CWE1-rZDGbk-r3RWTv-r3Qcut-rHbeu8-rZwe6Q-rHbntp-rH3tus-rHcA4T-rH3YBA-r3Ec3Y-rXkFHL-r3RH5Z-rH4jfy-r3R5SD-rZx4pJ-r3QAgF-rH4YnY-rXmek3-rZDC4x-rHb8g6-rH5ZXQ-rFkDhR-rZzNer-rH526J-rHbgYg-rZwpUy-rH54Yh-rH5cYy-rH6eKj-rZzho4-rXkJ9N-rFiLWH-rFjZcH-rHcPBe-r3DXgQ-rFkwND-rH3Dww-qkWtMR-grK7U8-gtvoVW-grJKGb-vQ2cMX-vQ2xVH\" data-flickr-embed=\"true\"><img loading=\"lazy\" decoding=\"async\" style=\"display: block; margin-left: auto; margin-right: auto;\" src=\"https:\/\/farm8.staticflickr.com\/7334\/10136676943_43d651934b_z.jpg\" alt=\"panorama-gioia-del-colle\" width=\"320\" height=\"240\" \/><\/a><\/p>\n<p><!--more--><\/p>\n<p style=\"margin-bottom: 0.0001pt; text-align: justify; line-height: normal;\"><a title=\"MattiaFantinati2\" href=\"https:\/\/www.flickr.com\/photos\/91470992@N02\/26882598551\/in\/dateposted-public\/\" data-flickr-embed=\"true\"><img loading=\"lazy\" decoding=\"async\" style=\"margin: 4px; float: left;\" src=\"https:\/\/farm8.staticflickr.com\/7515\/26882598551_1f511c92e0.jpg\" alt=\"MattiaFantinati2\" width=\"300\" height=\"281\" \/><\/a> \u201cAncora una volta <strong>il Movimento 5 Stelle di Gioia del Colle ha organizzato<\/strong>, in quella che ormai \u00e8 divenuta la location abituale dei propri incontri, Piazza Plebiscito, un evento\/dibattito pubblico <strong>che avr\u00e0 come ospite d\u2019eccezione <\/strong>il Portavoce del Movimento 5 Stelle alla Camera dei Deputati, Ing. <strong>Mattia Fantinati<\/strong>, componente della X Commissione Industria, Commercio, Energia, Ricerca e Turismo.<\/p>\n<p style=\"margin-bottom: 0.0001pt; text-align: justify; line-height: normal;\"><strong>L\u2019evento, organizzato per venerd\u00ec 13 maggio alle ore 19:30<\/strong>, rientra nel calendario di eventi organizzati dal Movimento, il cui scopo \u00e8 quello di dibattere ed affrontare con la comunit\u00e0 gioiese le problematiche del territorio, coinvolgendo direttamente i cittadini, rendendoli protagonisti, ci\u00f2 al fine di scardinare quel meccanismo che li rende parte passiva della vita pubblica.<\/p>\n<p style=\"margin-bottom: 0.0001pt; text-align: justify; line-height: normal;\">Tanto premesso, il candidato del Movimento 5 Stelle alla carica di Sindaco, <strong>Vito Lovero<\/strong>, unitamente a tutti i cittadini della sua lista elettorale, <strong>invita l\u2019intera la cittadinanza gioiese a partecipare<\/strong> al suddetto incontro, poich\u00e9 saranno affrontate questioni delicate che toccano da vicino i cittadini e le imprese\u201d.<\/p>\n<p style=\"margin-bottom: 0.0001pt; text-align: right; line-height: normal;\" align=\"right\">Gioia in Movimento 5 Stelle<\/p>\n<p>&nbsp;<\/p>\n","protected":false},"excerpt":{"rendered":"","protected":false},"author":1,"featured_media":0,"comment_status":"open","ping_status":"closed","sticky":false,"template":"","format":"standard","meta":{"colormag_page_container_layout":"default_layout","colormag_page_sidebar_layout":"default_layout","footnotes":""},"categories":[4],"tags":[],"class_list":["post-52150","post","type-post","status-publish","format-standard","hentry","category-politica"],"_links":{"self":[{"href":"https:\/\/archiviogioia.lavocedelpaese.info\/index.php?rest_route=\/wp\/v2\/posts\/52150","targetHints":{"allow":["GET"]}}],"collection":[{"href":"https:\/\/archiviogioia.lavocedelpaese.info\/index.php?rest_route=\/wp\/v2\/posts"}],"about":[{"href":"https:\/\/archiviogioia.lavocedelpaese.info\/index.php?rest_route=\/wp\/v2\/types\/post"}],"author":[{"embeddable":true,"href":"https:\/\/archiviogioia.lavocedelpaese.info\/index.php?rest_route=\/wp\/v2\/users\/1"}],"replies":[{"embeddable":true,"href":"https:\/\/archiviogioia.lavocedelpaese.info\/index.php?rest_route=%2Fwp%2Fv2%2Fcomments&post=52150"}],"version-history":[{"count":0,"href":"https:\/\/archiviogioia.lavocedelpaese.info\/index.php?rest_route=\/wp\/v2\/posts\/52150\/revisions"}],"wp:attachment":[{"href":"https:\/\/archiviogioia.lavocedelpaese.info\/index.php?rest_route=%2Fwp%2Fv2%2Fmedia&parent=52150"}],"wp:term":[{"taxonomy":"category","embeddable":true,"href":"https:\/\/archiviogioia.lavocedelpaese.info\/index.php?rest_route=%2Fwp%2Fv2%2Fcategories&post=52150"},{"taxonomy":"post_tag","embeddable":true,"href":"https:\/\/archiviogioia.lavocedelpaese.info\/index.php?rest_route=%2Fwp%2Fv2%2Ftags&post=52150"}],"curies":[{"name":"wp","href":"https:\/\/api.w.org\/{rel}","templated":true}]}}