{"id":52169,"date":"2016-05-13T06:03:44","date_gmt":"2016-05-13T06:03:44","guid":{"rendered":"https:\/\/archiviogioia.lavocedelpaese.info\/?p=52169"},"modified":"2016-05-13T06:03:44","modified_gmt":"2016-05-13T06:03:44","slug":"saverio-abbruzzese-e-la-sindrome-di-isacco-a-gioia-2","status":"publish","type":"post","link":"https:\/\/archiviogioia.lavocedelpaese.info\/?p=52169","title":{"rendered":"SAVERIO ABBRUZZESE E LA \u201cSINDROME DI ISACCO\u201d A GIOIA"},"content":{"rendered":"<p><a title=\"saverio abbruzzese\" href=\"https:\/\/www.flickr.com\/photos\/91470992@N02\/26703315550\/in\/dateposted-public\/\" data-flickr-embed=\"true\"><img loading=\"lazy\" decoding=\"async\" style=\"display: block; margin-left: auto; margin-right: auto;\" src=\"https:\/\/farm8.staticflickr.com\/7051\/26703315550_c17cb17bc5.jpg\" alt=\"saverio abbruzzese\" width=\"320\" height=\"240\" \/><\/a><\/p>\n<p><!--more--><\/p>\n<p style=\"margin-bottom: 0.0001pt; text-align: justify; line-height: normal;\"><a title=\"la sindrome di isacco\" href=\"https:\/\/www.flickr.com\/photos\/91470992@N02\/26703313770\/in\/dateposted-public\/\" data-flickr-embed=\"true\"><img loading=\"lazy\" decoding=\"async\" style=\"margin: 5px; float: left;\" src=\"https:\/\/farm8.staticflickr.com\/7261\/26703313770_0453a291db.jpg\" alt=\"la sindrome di isacco\" width=\"400\" height=\"244\" \/><\/a> \u201cNell&#8217;ambito del percorso &#8220;L&#8217;accoglienza (non) fa differenza&#8221;, il giorno 19 maggio 2016 alle ore 18 presso la <strong>Sala De Deo<\/strong> di Gioia del Colle, verr\u00e0 presentato il libro: &#8220;<strong>La Sindrome di Isacco. I genitori e le &#8220;colpe&#8221; dei figli<\/strong>&#8220;, per riflettere insieme sul tema dell&#8217;accoglienza dal punto di vista dei bambini.<\/p>\n<p style=\"margin-bottom: 0.0001pt; text-align: justify; line-height: normal;\">Sar\u00e0 possibile dialogare con l&#8217;autore del libro, <strong>Saverio Abbruzzese<\/strong> (psicologo, psicoterapeuta e criminologo clinico. Giudice onorario del Tribunale per i Minorenni di Bari e docente di psicologia dell&#8217;adolescenza e psicopedagogia delle differenze individuali all&#8217;Universit\u00e0 di Bari. Inoltre \u00e8 stato consulente tecnico in vari uffici giudiziari ed esperto dei processi di accoglienza dei minori fuori della famiglia. Ha lavorato come psicologo scolastico nei centri d&#8217;ascolto<a title=\"la sindrome di isacco\" href=\"https:\/\/www.flickr.com\/photos\/91470992@N02\/26943175026\/in\/dateposted-public\/\" data-flickr-embed=\"true\"><img loading=\"lazy\" decoding=\"async\" style=\"margin: 5px; float: right;\" src=\"https:\/\/farm8.staticflickr.com\/7493\/26943175026_19ae77c824_z.jpg\" alt=\"la sindrome di isacco\" width=\"350\" height=\"599\" \/><\/a> nei diversi ordini di scuola e attualmente insegna psicologia negli istituti secondari superiori).<\/p>\n<p style=\"text-align: justify;\">Moderer\u00e0 l&#8217;incontro la dottoressa <strong>Rosanna Santoro<\/strong> (counselor e coordinatrice di progetti rivolti a famiglie e minori, socia della Cooperativa Sociale Itaca, esperta in consulenze rivolte a genitori, adulti e coppie in difficolt\u00e0).<\/p>\n<p style=\"margin-bottom: 0.0001pt; text-align: justify; line-height: normal;\"><strong>La cittadinanza \u00e8 invitata a partecipare<\/strong>!<\/p>\n<p style=\"margin-bottom: 0.0001pt; text-align: justify; line-height: normal;\">Nonostante nella vita sociale siano sempre pi\u00f9 ricorrenti le situazioni di incertezza e fragilit\u00e0, la societ\u00e0 spinge a scelte individualistiche che mal si conciliano con l\u2019aprirsi ad esperienze di vicinanza attiva e di accoglienza. Nel volontariato si sperimenta un\u2019inversione di tendenza rispetto al disinteresse per le sorti degli altri individui. In qualsiasi ambito di azione, il volontariato rappresenta un\u2019esperienza piena di gratificazioni che richiede di aggiornare continuamente obiettivi, stili e modi del fare volontariato. Nel panorama cittadino di Gioia del Colle c\u2019\u00e8 una pluralit\u00e0 di esperienze e attivit\u00e0 volte al sociale che \u00e8 possibile valorizzare e condividere attraverso il confronto sul tema cardine dell\u2019Accoglienza in molte delle sue possibili accezioni (alterit\u00e0, solidariet\u00e0, gratuit\u00e0, cittadinanza attiva, intercultura). Le associazioni gioiesi, <span>Asotudis Onlus, Cooperativa Sociale Itaca, Eco Onlus, Filo di Arianna, La casa del Sorriso <\/span>e la Cooperativa Sociale Itaca, mosse dalla voglia di collaborare e condividere un&#8217;esperienza di formazione, hanno progettato una serie di iniziative inerenti il tema dell&#8217;accoglienza, attraverso l&#8217;organizzazione di seminari e incontri pubblici aperti alla cittadinanza. Ospiteremo alcuni esperti e autori di libri che ci presenteranno punti di vista ed esperienze vissute. Il percorso mira a :<\/p>\n<p style=\"margin-bottom: 0.0001pt; text-align: justify; line-height: normal;\">\u2022 sviluppare forme condivise di conoscenza e partecipazione tra le realt\u00e0 associative del territorio che si occupano di accoglienza e ascolto dei diversi portatori di bisogni e di fragilit\u00e0;<\/p>\n<p style=\"margin-bottom: 0.0001pt; text-align: justify; line-height: normal;\">\u2022 promuovere la partecipazione attiva dei cittadini alle esperienze di volontariato nell\u2019ottica della piena valorizzazione del contributo fattivo delle persone;<\/p>\n<p style=\"margin-bottom: 0.0001pt; text-align: justify; line-height: normal;\">\u2022 sviluppare forme di collaborazione e mutuo aiuto tra associazioni, cittadini e istituzioni;<\/p>\n<p style=\"margin-bottom: 0.0001pt; text-align: justify; line-height: normal;\">\u2022 sostenere nuove forme aggregative, per una partecipazione consapevole alla vita comunitaria\u201d.<\/p>\n<div style=\"text-align: right;\"><strong>Coordinamento accoglienza responsabile<\/strong><\/div>\n<div style=\"text-align: right;\">Asotudis Onlus<\/div>\n<div style=\"text-align: right;\">Cooperativa Sociale Itaca<\/div>\n<div style=\"text-align: right;\">Eco Onlus<\/div>\n<div style=\"margin-bottom: 0.0001pt; text-align: right; line-height: normal;\" align=\"right\">Filo di Arianna<\/div>\n<div style=\"margin-bottom: 0.0001pt; text-align: right; line-height: normal;\" align=\"right\">La casa del Sorriso<strong><br \/><\/strong><\/div>\n<p><a title=\"l'accoglienza non fa la differenza\" href=\"https:\/\/www.flickr.com\/photos\/91470992@N02\/26942127641\/in\/dateposted-public\/\" data-flickr-embed=\"true\"><img loading=\"lazy\" decoding=\"async\" src=\"https:\/\/farm8.staticflickr.com\/7310\/26942127641_ee4a142b33_o.jpg\" alt=\"l'accoglienza non fa la differenza\" width=\"660\" height=\"926\" \/><\/a><\/p>\n","protected":false},"excerpt":{"rendered":"","protected":false},"author":1,"featured_media":0,"comment_status":"open","ping_status":"closed","sticky":false,"template":"","format":"standard","meta":{"colormag_page_container_layout":"default_layout","colormag_page_sidebar_layout":"default_layout","footnotes":""},"categories":[7],"tags":[],"class_list":["post-52169","post","type-post","status-publish","format-standard","hentry","category-attualita"],"_links":{"self":[{"href":"https:\/\/archiviogioia.lavocedelpaese.info\/index.php?rest_route=\/wp\/v2\/posts\/52169","targetHints":{"allow":["GET"]}}],"collection":[{"href":"https:\/\/archiviogioia.lavocedelpaese.info\/index.php?rest_route=\/wp\/v2\/posts"}],"about":[{"href":"https:\/\/archiviogioia.lavocedelpaese.info\/index.php?rest_route=\/wp\/v2\/types\/post"}],"author":[{"embeddable":true,"href":"https:\/\/archiviogioia.lavocedelpaese.info\/index.php?rest_route=\/wp\/v2\/users\/1"}],"replies":[{"embeddable":true,"href":"https:\/\/archiviogioia.lavocedelpaese.info\/index.php?rest_route=%2Fwp%2Fv2%2Fcomments&post=52169"}],"version-history":[{"count":0,"href":"https:\/\/archiviogioia.lavocedelpaese.info\/index.php?rest_route=\/wp\/v2\/posts\/52169\/revisions"}],"wp:attachment":[{"href":"https:\/\/archiviogioia.lavocedelpaese.info\/index.php?rest_route=%2Fwp%2Fv2%2Fmedia&parent=52169"}],"wp:term":[{"taxonomy":"category","embeddable":true,"href":"https:\/\/archiviogioia.lavocedelpaese.info\/index.php?rest_route=%2Fwp%2Fv2%2Fcategories&post=52169"},{"taxonomy":"post_tag","embeddable":true,"href":"https:\/\/archiviogioia.lavocedelpaese.info\/index.php?rest_route=%2Fwp%2Fv2%2Ftags&post=52169"}],"curies":[{"name":"wp","href":"https:\/\/api.w.org\/{rel}","templated":true}]}}