{"id":52225,"date":"2016-05-20T15:12:46","date_gmt":"2016-05-20T15:12:46","guid":{"rendered":"https:\/\/archiviogioia.lavocedelpaese.info\/?p=52225"},"modified":"2016-05-20T15:12:46","modified_gmt":"2016-05-20T15:12:46","slug":"gioia-del-colle-ancora-miracolata-dal-santo-patrono-foto","status":"publish","type":"post","link":"https:\/\/archiviogioia.lavocedelpaese.info\/?p=52225","title":{"rendered":"GIOIA DEL COLLE MIRACOLATA DAL SANTO PATRONO-foto"},"content":{"rendered":"<p><a title=\"Violente grandina a Putignanoi - Foto di Dino Angelini\" href=\"https:\/\/www.flickr.com\/photos\/91470992@N02\/27062487321\" data-flickr-embed=\"true\"><img loading=\"lazy\" decoding=\"async\" style=\"display: block; margin-left: auto; margin-right: auto;\" src=\"https:\/\/farm8.staticflickr.com\/7163\/27062487321_9d4ee66e44_z.jpg\" alt=\"Violente grandina a Putignanoi - Foto di Dino Angelini\" width=\"320\" height=\"240\" \/><\/a><\/p>\n<p><!--more--><\/p>\n<p style=\"text-align: justify;\"><a title=\"Violente grandinata a Putignano - Foto di Lino Chiarella\" href=\"https:\/\/www.flickr.com\/photos\/91470992@N02\/27036311902\" data-flickr-embed=\"true\"><img loading=\"lazy\" decoding=\"async\" style=\"margin: 5px; float: left;\" src=\"https:\/\/farm8.staticflickr.com\/7633\/27036311902_b9332edd04_o.jpg\" alt=\"Violente grandinata a Putignano - Foto di Lino Chiarella\" width=\"400\" height=\"300\" \/><\/a> <a title=\"Violente grandinata a Putignano - Foto di Giulio Manghisi\" href=\"https:\/\/www.flickr.com\/photos\/91470992@N02\/26524653574\/in\/photostream\/\" data-flickr-embed=\"true\"><img loading=\"lazy\" decoding=\"async\" style=\"margin: 5px; float: right;\" src=\"https:\/\/farm8.staticflickr.com\/7337\/26524653574_55c90b829a.jpg\" alt=\"Violente grandinata a Putignano - Foto di Giulio Manghisi\" width=\"400\" height=\"266\" \/><\/a><span><strong>Come due anni fa, era il 25 maggio 2014<\/strong>, possiamo affermare che <strong>la nostra citt\u00e0 \u00e8 stata ancora una volta miracolata<\/strong> dal suo Santo Patrono (<a href=\"cronaca\/9347-gioia-san-filippo-ha-fatto-il-miracolo-foto.html\"><span style=\"text-decoration: none;\">GIOIA. SAN FILIPPO HA FATTO IL MIRACOLO-foto<\/span><\/a>) rispetto a quanto accaduto nei paesi limitrofi situati a pochi chilometri di distanza in linea d\u2019aria. Certo, nel corso del lungo nubifragio che si \u00e8 abbattuto sul paese ci sono stati notevoli disagi, ma <strong>nulla in confronto a quanto successo nella vicina Putignano<\/strong>, dove si \u00e8 abbattuta una <strong>violentissima grandinata<\/strong>,come le foto allegate dimostrano senza ombra di dubbio. Ma non solo Putignano, tutta l<\/span>a provincia di Bari \u00e8 stata interessata da questa violenta ondata di maltempo. I <strong>maggiori danni<\/strong>&nbsp;si registrano in campagna, soprattutto per le<strong> ciliegie<\/strong>, ma anche per i <strong>vigneti scoperti<\/strong> e per gli <strong>ortaggi<\/strong>.<\/p>\n<p style=\"text-align: justify;\"><strong>\u201cNon c\u2019\u00e8 tregua quest\u2019anno per le ciliegie \u2013 dice il&nbsp;Presidente di Coldiretti Puglia, Gianni Cantele<\/strong>&nbsp;\u2013 a causa del clima impazzito che ha rovinato prima le variet\u00e0 precoci e ora sta \u2018spaccando\u2019 la ciliegia Ferrovia. Si tratta di eventi calamitosi di eccezionale gravit\u00e0 che necessitano di risposte concrete quanto tempestive. E proprio in questi momenti di emergenza \u00e8 fondamentale riconoscere agli imprenditori agricoli un ruolo incisivo nella gestione del territorio, dell\u2019ambiente e delle aree rurali, perch\u00e9 grazie alla cura che hanno del territorio i fenomeni metereologici di tale gravit\u00e0 non hanno effetti ancor pi\u00f9 drammatici a carico della collettivit\u00e0\u201d.<\/p>\n<p style=\"text-align: justify;\"><strong>Preoccupazione anche per i danni sugli ortaggi.<\/strong> \u201cI continui sbalzi termici \u2013 denuncia il&nbsp;<strong>direttore della &nbsp;Coldiretti Puglia, Angelo Corsetti<\/strong>&nbsp;&#8211; non giovano certamente al settore agricolo. Gli imprenditori si trovano ad affrontare fenomeni controversi, dove in poche ore si alternano eccezionali ondate di maltempo a caldo fuori stagione. Ormai \u00e8 statisticamente provata una anticipazione della maturazione di circa 20 giorni, azzerata in un momento a causa di una improvvisa grandinata o di un calo repentino delle temperature\u201d. <span>[Immagini sono state tratte da facebook] <\/span><\/p>\n<p style=\"text-align: justify;\"><span>Video 1: <a href=\"http:\/\/www.inmeteo.net\/blog\/2016\/05\/20\/mostruosa-grandinata-nel-sud-est-barese-video-girato-unautomobile\/\">http:\/\/www.inmeteo.net\/blog\/2016\/05\/20\/mostruosa-grandinata-nel-sud-est-barese-video-girato-unautomobile\/<\/a><\/span><\/p>\n<p style=\"text-align: justify;\"><span><a href=\"https:\/\/www.facebook.com\/288794501158577\/videos\/vb.288794501158577\/1071514696219883\/?type=2&amp;theater\">Video 2: https:\/\/www.facebook.com\/288794501158577\/videos\/vb.288794501158577\/1071514696219883\/?type=2&amp;theater<\/a><\/span><\/p>\n<p>\n<object data=\"https:\/\/www.flickr.com\/apps\/slideshow\/show.swf?v=261948265\" type=\"application\/x-shockwave-flash\" width=\"660\" height=\"495\"><param name=\"flashvars\" value=\"offsite=true&amp;lang=it-it&amp;page_show_url=%2Fphotos%2F91470992%40N02%2Fsets%2F72157666148037694%2Fshow%2F&amp;page_show_back_url=%2Fphotos%2F91470992%40N02%2Fsets%2F72157666148037694%2F&amp;set_id=72157666148037694&amp;jump_to=\" \/><param name=\"movie\" value=\"https:\/\/www.flickr.com\/apps\/slideshow\/show.swf?v=261948265\" \/><param name=\"allowFullScreen\" value=\"true\" \/><\/object><\/p>\n","protected":false},"excerpt":{"rendered":"","protected":false},"author":1,"featured_media":0,"comment_status":"open","ping_status":"closed","sticky":false,"template":"","format":"standard","meta":{"colormag_page_container_layout":"default_layout","colormag_page_sidebar_layout":"default_layout","footnotes":""},"categories":[8],"tags":[],"class_list":["post-52225","post","type-post","status-publish","format-standard","hentry","category-cronaca"],"_links":{"self":[{"href":"https:\/\/archiviogioia.lavocedelpaese.info\/index.php?rest_route=\/wp\/v2\/posts\/52225","targetHints":{"allow":["GET"]}}],"collection":[{"href":"https:\/\/archiviogioia.lavocedelpaese.info\/index.php?rest_route=\/wp\/v2\/posts"}],"about":[{"href":"https:\/\/archiviogioia.lavocedelpaese.info\/index.php?rest_route=\/wp\/v2\/types\/post"}],"author":[{"embeddable":true,"href":"https:\/\/archiviogioia.lavocedelpaese.info\/index.php?rest_route=\/wp\/v2\/users\/1"}],"replies":[{"embeddable":true,"href":"https:\/\/archiviogioia.lavocedelpaese.info\/index.php?rest_route=%2Fwp%2Fv2%2Fcomments&post=52225"}],"version-history":[{"count":0,"href":"https:\/\/archiviogioia.lavocedelpaese.info\/index.php?rest_route=\/wp\/v2\/posts\/52225\/revisions"}],"wp:attachment":[{"href":"https:\/\/archiviogioia.lavocedelpaese.info\/index.php?rest_route=%2Fwp%2Fv2%2Fmedia&parent=52225"}],"wp:term":[{"taxonomy":"category","embeddable":true,"href":"https:\/\/archiviogioia.lavocedelpaese.info\/index.php?rest_route=%2Fwp%2Fv2%2Fcategories&post=52225"},{"taxonomy":"post_tag","embeddable":true,"href":"https:\/\/archiviogioia.lavocedelpaese.info\/index.php?rest_route=%2Fwp%2Fv2%2Ftags&post=52225"}],"curies":[{"name":"wp","href":"https:\/\/api.w.org\/{rel}","templated":true}]}}