{"id":52280,"date":"2016-05-25T05:54:36","date_gmt":"2016-05-25T05:54:36","guid":{"rendered":"https:\/\/archiviogioia.lavocedelpaese.info\/?p=52280"},"modified":"2016-05-25T05:54:36","modified_gmt":"2016-05-25T05:54:36","slug":"pellegrinaggio-a-pompei-pensando-alla-festa-di-ottobre-2","status":"publish","type":"post","link":"https:\/\/archiviogioia.lavocedelpaese.info\/?p=52280","title":{"rendered":"PELLEGRINAGGIO A POMPEI PENSANDO ALLA FESTA DI OTTOBRE"},"content":{"rendered":"<p><a title=\"pellegrinaggio madonna di pompei\" href=\"https:\/\/www.flickr.com\/photos\/91470992@N02\/18036457474\/in\/photolist-HwaipD-u9jntc-uqYh18-uqmBbf-ttVD9Z-u9jwFR-uqYsf6-uqLV7a-uqLXdp-ttPyqJ-uqmRFY-nY4zTV-nDM3JA-nWgw7X-nDM4qL-nDLSzZ-nDMUMR-nDMYit-nUe67o-nWgA56\/\" data-flickr-embed=\"true\"><img loading=\"lazy\" decoding=\"async\" style=\"display: block; margin-left: auto; margin-right: auto;\" src=\"https:\/\/c3.staticflickr.com\/1\/475\/18036457474_8726297735_z.jpg\" alt=\"pellegrinaggio madonna di pompei\" width=\"320\" height=\"240\" \/><\/a><\/p>\n<p><!--more--><\/p>\n<p style=\"text-align: justify;\"><a title=\"gioia pellegrinaggio pompei\" href=\"https:\/\/www.flickr.com\/photos\/91470992@N02\/14211160107\/in\/photolist-HwaipD-u9jntc-uqYh18-uqmBbf-ttVD9Z-u9jwFR-uqYsf6-uqLV7a-uqLXdp-ttPyqJ-uqmRFY-nY4zTV-nDM3JA-nWgw7X-nDM4qL-nDLSzZ-nDMUMR-nDMYit-nUe67o-nWgA56\/\" data-flickr-embed=\"true\"><img loading=\"lazy\" decoding=\"async\" style=\"margin: 4px; float: left;\" src=\"https:\/\/c4.staticflickr.com\/4\/3842\/14211160107_da31a6e942.jpg\" alt=\"gioia pellegrinaggio pompei\" width=\"400\" height=\"266\" \/><\/a>\u201c<strong>Fervono i preparativi<\/strong> all\u2019interno della Confraternita del SS. Rosario, <strong>in vista del pellegrinaggio annuale a Pompei<\/strong>, a conclusione di un mese mariano che come ogni anno ha visto protagonista la congrega guidata da <strong>Andrea Luigi Mongelli<\/strong>. Pellegrinaggio che rilancia l\u2019attivit\u00e0 dei confrati della Chiesa di San Domenico, prima della pausa estiva, che per il consiglio direttivo di questa associazione religiosa \u00e8 di lavoro. Si perch\u00e9 si inizia a programmare quello che \u00e8 il momento clou per questa rettoria. Parliamo dei solenni festeggiamenti della B.V. Maria del SS. Rosario, quest\u2019anno previsti nei giorni 1 e 2 ottobre prossimi.<\/p>\n<p style=\"text-align: justify;\">Intanto, il prossimo impegno, come gi\u00e0 detto, \u00e8 il pellegrinaggio a Pompei previsto <strong>per l\u201911 giugno<\/strong> p.v., che la Confraternita del SS. Rosario ha organizzato in collaborazione con l\u2019agenzia viaggi Volver El Mundo di Giovinazzo, binomio che nel corso di questi ultimi anni si \u00e8 rafforzato sempre pi\u00f9.<\/p>\n<p style=\"text-align: justify;\">Al momento che scriviamo, <strong>vi sono ancora dei posti disponibili<\/strong> sul pullman che l\u201911 giugno accompagner\u00e0 i pellegrini a Pompei, ma non \u00e8 escluso, se si presenter\u00e0 l\u2019occasione, di organizzare un ulteriore pullman. La quota di partecipazione per quello che riteniamo sar\u00e0 un pellegrinaggio di alta spiritualit\u00e0 \u00e8 di 52,00 Euro. La quota comprende il viaggio in pullman GT, offerta al santuario e pranzo in ristorante bevande incluse.<\/p>\n<p style=\"text-align: justify;\">Pellegrinaggio che <strong>nel pomeriggio lascer\u00e0 il posto ad una bellissima passeggiata<\/strong> per il caratteristico centro di Sorrento, viuzze e negozietti, e l\u2019incantevole vista panoramica sulla meravigliosa costiera sorrentina, da tutti etichettata la terra dell\u2019amore.<\/p>\n<p style=\"text-align: justify;\">Tornando a noi, quindi ai preparativi in vista della festa 2016, possiamo gi\u00e0 anticipare qualche nostra scelta. Infatti, per il prossimo 2 ottobre, giorno della festa della nostra Titolare, abbiamo gi\u00e0 messo sotto contratto il <strong>Premiato Concerto Musicale Gioia del Colle \u201cPaolo Falcicchio\u201d<\/strong>, diretto dal maestro concertatore <strong>Rocco Eletto<\/strong>, una vecchia conoscenza per noi, considerato che non \u00e8 altro che la continuit\u00e0 di quella che nel recente passato rappresentava un\u2019altra citt\u00e0 di banda a noi vicina, parliamo dell\u2019ex banda di Noicattaro. \u201cQuesto a voler ribadire \u2013 ammette il presidente della confraternita Andrea Luigi Mongelli &#8211; che la nostra scelta non fu foriera di \u201ccapricci\u201d, ma solo di bont\u00e0 e in questi ultimi anni portando a Gioia prima Noicattaro e dopo Conversano (Banda Piantoni), siamo certi di aver portato il meglio dei complessi bandistici in circolazione. E quest\u2019anno, se ci aiutate come avete gi\u00e0 fatto in precedenza, sicuramente allestiremo un programma di alto livello artistico-culturale, ma soprattutto di profonda spiritualit\u00e0\u201d.<\/p>\n<p style=\"text-align: right;\">Ufficio Comunicazione Confraternita SS. Rosario&nbsp;<\/p>\n<p><a title=\"pellegrinaggio a pompei\" href=\"https:\/\/www.flickr.com\/photos\/91470992@N02\/27251936935\/in\/dateposted-public\/\" data-flickr-embed=\"true\"><img loading=\"lazy\" decoding=\"async\" src=\"https:\/\/c8.staticflickr.com\/8\/7412\/27251936935_ef6ff73e90_b.jpg\" alt=\"pellegrinaggio a pompei\" width=\"660\" height=\"990\" \/><\/a> <a title=\"Banda\" href=\"https:\/\/www.flickr.com\/photos\/91470992@N02\/26646551483\/in\/dateposted-public\/\" data-flickr-embed=\"true\"><img loading=\"lazy\" decoding=\"async\" src=\"https:\/\/c4.staticflickr.com\/8\/7586\/26646551483_b4a25c4eb1_b.jpg\" alt=\"Banda\" width=\"660\" height=\"880\" \/><\/a><\/p>\n","protected":false},"excerpt":{"rendered":"","protected":false},"author":1,"featured_media":0,"comment_status":"open","ping_status":"closed","sticky":false,"template":"","format":"standard","meta":{"colormag_page_container_layout":"default_layout","colormag_page_sidebar_layout":"default_layout","footnotes":""},"categories":[7],"tags":[],"class_list":["post-52280","post","type-post","status-publish","format-standard","hentry","category-attualita"],"_links":{"self":[{"href":"https:\/\/archiviogioia.lavocedelpaese.info\/index.php?rest_route=\/wp\/v2\/posts\/52280","targetHints":{"allow":["GET"]}}],"collection":[{"href":"https:\/\/archiviogioia.lavocedelpaese.info\/index.php?rest_route=\/wp\/v2\/posts"}],"about":[{"href":"https:\/\/archiviogioia.lavocedelpaese.info\/index.php?rest_route=\/wp\/v2\/types\/post"}],"author":[{"embeddable":true,"href":"https:\/\/archiviogioia.lavocedelpaese.info\/index.php?rest_route=\/wp\/v2\/users\/1"}],"replies":[{"embeddable":true,"href":"https:\/\/archiviogioia.lavocedelpaese.info\/index.php?rest_route=%2Fwp%2Fv2%2Fcomments&post=52280"}],"version-history":[{"count":0,"href":"https:\/\/archiviogioia.lavocedelpaese.info\/index.php?rest_route=\/wp\/v2\/posts\/52280\/revisions"}],"wp:attachment":[{"href":"https:\/\/archiviogioia.lavocedelpaese.info\/index.php?rest_route=%2Fwp%2Fv2%2Fmedia&parent=52280"}],"wp:term":[{"taxonomy":"category","embeddable":true,"href":"https:\/\/archiviogioia.lavocedelpaese.info\/index.php?rest_route=%2Fwp%2Fv2%2Fcategories&post=52280"},{"taxonomy":"post_tag","embeddable":true,"href":"https:\/\/archiviogioia.lavocedelpaese.info\/index.php?rest_route=%2Fwp%2Fv2%2Ftags&post=52280"}],"curies":[{"name":"wp","href":"https:\/\/api.w.org\/{rel}","templated":true}]}}