{"id":52290,"date":"2016-05-27T07:00:09","date_gmt":"2016-05-27T07:00:09","guid":{"rendered":"https:\/\/archiviogioia.lavocedelpaese.info\/?p=52290"},"modified":"2016-05-27T07:00:09","modified_gmt":"2016-05-27T07:00:09","slug":"piccoli-artisti-mazzini-donano-i-loro-san-filippo-foto-2","status":"publish","type":"post","link":"https:\/\/archiviogioia.lavocedelpaese.info\/?p=52290","title":{"rendered":"PICCOLI ARTISTI MAZZINI DONANO I LORO \u201cSAN FILIPPO\u201d-foto"},"content":{"rendered":"<p><a title=\"mazzini laboratorio artistico con lea gallizzi\" href=\"https:\/\/www.flickr.com\/photos\/91470992@N02\/27186948752\" data-flickr-embed=\"true\"><img loading=\"lazy\" decoding=\"async\" style=\"display: block; margin-left: auto; margin-right: auto;\" src=\"https:\/\/c1.staticflickr.com\/8\/7307\/27186948752_b6af2742ab_z.jpg\" alt=\"mazzini laboratorio artistico con lea gallizzi\" width=\"320\" height=\"240\" \/><\/a><\/p>\n<p><!--more--><\/p>\n<p style=\"margin-bottom: 0.0001pt; text-align: justify; line-height: normal;\"><a title=\"mazzini laboratorio artistico con lea gallizzi\" href=\"https:\/\/www.flickr.com\/photos\/91470992@N02\/27186965332\" data-flickr-embed=\"true\"><img loading=\"lazy\" decoding=\"async\" style=\"margin: 4px; float: left;\" src=\"https:\/\/c5.staticflickr.com\/8\/7327\/27186965332_5787de5ddb.jpg\" alt=\"mazzini laboratorio artistico con lea gallizzi\" width=\"400\" height=\"250\" \/><\/a> Il 22 maggio, <strong>nella giornata dell\u2019Arte dedicata alla solidariet\u00e0<\/strong> &#8211; cos\u00ec come proposto da <strong>Filippo Casamassima<\/strong>, presidente del Comitato Festa patronale, presente insieme a <strong>Franco Fiorente<\/strong>, <strong>Giuseppe Rizzi<\/strong> e <strong>Rosanna D\u2019Aprile<\/strong> &#8211; la pittrice <strong>Lea Gallizzi<\/strong> ha allestito nel chiostro della Scuola Mazzini una mostra di quadri e manufatti realizzati dai bambini che durante l\u2019anno hanno seguito il suo laboratorio di Arte.<\/p>\n<p style=\"margin-bottom: 0.0001pt; text-align: justify; line-height: normal;\">Tra di essi <strong>quattro raffigurazioni di dimensioni importanti<\/strong> &#8211; un metro per 50 centimetri &#8211; <strong>di San Filippo<\/strong>, quadri davvero originali, realizzati in acrilico e pastelli con artistica cura dagli alunni, che la Gallizzi e i suoi bimbi hanno donato al Comitato, affinch\u00e9 potessero racco<a title=\"mazzini laboratorio artistico con lea gallizzi\" href=\"https:\/\/www.flickr.com\/photos\/91470992@N02\/27249396766\/in\/photostream\/\" data-flickr-embed=\"true\"><img loading=\"lazy\" decoding=\"async\" style=\"margin: 4px; float: right;\" src=\"https:\/\/c7.staticflickr.com\/8\/7238\/27249396766_882e3efc2f.jpg\" alt=\"mazzini laboratorio artistico con lea gallizzi\" width=\"350\" height=\"568\" \/><\/a>gliere ulteriori offerte.<\/p>\n<p style=\"margin-bottom: 0.0001pt; text-align: justify; line-height: normal;\"><strong>Sulla \u201dbancarell<\/strong><strong>a\u201d allestita nel chiostro<\/strong>, sassi decorati, cucchiai di legno trasformati in bambole, <strong>oggetti realizzati con i pi\u00f9 disparati materiali<\/strong> <strong>riciclati<\/strong> erano venduti da due abilissime \u201ccommercianti\u201d ai presenti, mentre ad alto volume la colonna sonora di \u201cPreferisco il paradiso\u201d riecheggiava tra e antiche mura.<\/p>\n<p style=\"margin-bottom: 0.0001pt; text-align: justify; line-height: normal;\"><strong>Al centro del cortile alcuni banchi su cui i bambini<\/strong>, armati di pennello, colla e colori, <strong>realizzavano<\/strong> in totale autonomia e con sicurezza <strong>sottobicchieri e cestini<\/strong> con rotolini di carta di giornale.<\/p>\n<p style=\"margin-bottom: 0.0001pt; text-align: justify; line-height: normal;\"><strong>Una abilit\u00e0 acquisita nelle ore laboratoriali<\/strong> che tanta soddisfazione ha \u201ccreato\u201d anche in famiglia, senza tener conto degli effetti benefici in termini di autostima.<\/p>\n<p style=\"margin-bottom: 0.0001pt; text-align: justify; line-height: normal;\">\u201cQuesta mostra sostituisce quella che avremmo allestito a fine anno &#8211; dichiara la Gallizzi &#8211; si sarebbe dovuta svolgere all\u2019aperto, in piazza D\u2019Andrano, poi si \u00e8 deciso di utilizzare questo spazio che \u00e8 davvero confortevole.\u201d<\/p>\n<p style=\"margin-bottom: 0.0001pt; text-align: justify; line-height: normal;\">\u201cRingrazio il dirigente <strong>Antonio Pavone<\/strong>, per la disponibilit\u00e0 mai venuta meno, i genitori dei miei ragazzi per la pazienza dimostrata e le docenti che hanno voluto accompagnarci in questo percorso, sostenendoci anche solo con la loro presenza. L\u2019idea di raccogliere fondi per le finalit\u00e0 del Comitato in occasione della festa patronale \u00e8 un progetto condivisibile, ma la mia speranza \u00e8 che anche le associazioni e lo stesso Comitato in futuro si avvicinino all\u2019arte e sostengano i progetti dei bambini realizzati nelle scuole che hanno sempre meno risorse per sostenerli, penalizzando il talento dei ragazzi e rischiando che si perdano per strada.. <strong>Occorre investire nel loro futuro<\/strong> aiutandoli a sognare <strong>e realizzare un mondo migliore<\/strong>.\u201d [Foto <strong>Mario Di Giuseppe<\/strong>]<\/p>\n<p>\n<object data=\"https:\/\/www.flickr.com\/apps\/slideshow\/show.swf?v=261948265\" type=\"application\/x-shockwave-flash\" width=\"660\" height=\"495\"><param name=\"flashvars\" value=\"offsite=true&amp;lang=it-it&amp;page_show_url=%2Fphotos%2F91470992%40N02%2Fsets%2F72157668164079870%2Fshow%2F&amp;page_show_back_url=%2Fphotos%2F91470992%40N02%2Fsets%2F72157668164079870%2F&amp;set_id=72157668164079870&amp;jump_to=\" \/><param name=\"movie\" value=\"https:\/\/www.flickr.com\/apps\/slideshow\/show.swf?v=261948265\" \/><param name=\"allowFullScreen\" value=\"true\" \/><\/object><\/p>\n","protected":false},"excerpt":{"rendered":"","protected":false},"author":1,"featured_media":0,"comment_status":"open","ping_status":"closed","sticky":false,"template":"","format":"standard","meta":{"colormag_page_container_layout":"default_layout","colormag_page_sidebar_layout":"default_layout","footnotes":""},"categories":[7],"tags":[],"class_list":["post-52290","post","type-post","status-publish","format-standard","hentry","category-attualita"],"_links":{"self":[{"href":"https:\/\/archiviogioia.lavocedelpaese.info\/index.php?rest_route=\/wp\/v2\/posts\/52290","targetHints":{"allow":["GET"]}}],"collection":[{"href":"https:\/\/archiviogioia.lavocedelpaese.info\/index.php?rest_route=\/wp\/v2\/posts"}],"about":[{"href":"https:\/\/archiviogioia.lavocedelpaese.info\/index.php?rest_route=\/wp\/v2\/types\/post"}],"author":[{"embeddable":true,"href":"https:\/\/archiviogioia.lavocedelpaese.info\/index.php?rest_route=\/wp\/v2\/users\/1"}],"replies":[{"embeddable":true,"href":"https:\/\/archiviogioia.lavocedelpaese.info\/index.php?rest_route=%2Fwp%2Fv2%2Fcomments&post=52290"}],"version-history":[{"count":0,"href":"https:\/\/archiviogioia.lavocedelpaese.info\/index.php?rest_route=\/wp\/v2\/posts\/52290\/revisions"}],"wp:attachment":[{"href":"https:\/\/archiviogioia.lavocedelpaese.info\/index.php?rest_route=%2Fwp%2Fv2%2Fmedia&parent=52290"}],"wp:term":[{"taxonomy":"category","embeddable":true,"href":"https:\/\/archiviogioia.lavocedelpaese.info\/index.php?rest_route=%2Fwp%2Fv2%2Fcategories&post=52290"},{"taxonomy":"post_tag","embeddable":true,"href":"https:\/\/archiviogioia.lavocedelpaese.info\/index.php?rest_route=%2Fwp%2Fv2%2Ftags&post=52290"}],"curies":[{"name":"wp","href":"https:\/\/api.w.org\/{rel}","templated":true}]}}