{"id":52308,"date":"2016-05-30T19:03:50","date_gmt":"2016-05-30T19:03:50","guid":{"rendered":"https:\/\/archiviogioia.lavocedelpaese.info\/?p=52308"},"modified":"2016-05-30T19:03:50","modified_gmt":"2016-05-30T19:03:50","slug":"a-cosa-servono-i-giovani-candidati-se-gia-vecchi-dentro","status":"publish","type":"post","link":"https:\/\/archiviogioia.lavocedelpaese.info\/?p=52308","title":{"rendered":"A COSA SERVONO I GIOVANI CANDIDATI SE GI\u00c0 VECCHI DENTRO?"},"content":{"rendered":"<p><a title=\"elezioni e giovani candidati\" href=\"https:\/\/www.flickr.com\/photos\/91470992@N02\/27289489481\" data-flickr-embed=\"true\"><img loading=\"lazy\" decoding=\"async\" style=\"display: block; margin-left: auto; margin-right: auto;\" src=\"https:\/\/c2.staticflickr.com\/8\/7276\/27289489481_44f2b50de4_z.jpg\" alt=\"elezioni e giovani candidati\" width=\"320\" height=\"240\" \/><\/a><\/p>\n<p><!--more--><\/p>\n<p style=\"text-align: justify;\"><a title=\"elezioni e giovani candidati\" href=\"https:\/\/www.flickr.com\/photos\/91470992@N02\/26753444773\/in\/photostream\/\" data-flickr-embed=\"true\"><img loading=\"lazy\" decoding=\"async\" style=\"margin: 5px; float: left;\" src=\"https:\/\/c6.staticflickr.com\/8\/7228\/26753444773_94c0f728aa.jpg\" alt=\"elezioni e giovani candidati\" width=\"400\" height=\"226\" \/><\/a> <strong>Per dar \u201cvoce\u201d ai candidati <\/strong>in corsa per le elezioni e dialogare con loro senza domande \u201cpreparate\u201d, registrando anche le loro emozioni tramite video e condividendole con i&nbsp; lettori, <strong>GioiaNet e \u201cla voce del paese\u201d hanno proposto degli appuntamenti<\/strong> sia agli aspiranti sindaci che ai giovani in corsa nelle varie coalizioni. Il primo incontro (<a href=\"politica\/12591-candidati-curci-lovero-lucilla-paradiso-a-confronto-video.html\" target=\"_blank\" rel=\"noopener\">CURCI, LOVERO, LUCILLA, PARADISO A CONFRONTO-video<\/a>) ha registrato un alto gradimento sia da parte dei lettori che dei protagonisti, a conferma della bont\u00e0 del progetto.<\/p>\n<p style=\"text-align: justify;\"><strong>Il secondo incontro lo avevamo dedicato ai giovani<\/strong>, invitando i referenti delle singole coalizioni a segnalarci chi fosse interessato a partecipare.<\/p>\n<p style=\"text-align: justify;\">E\u2019 con profondo stupore che <strong>abbiamo preso atto che nella coalizione di Gallo<\/strong>, che pur annovera numerosi ragazzi, <strong>nessun giovane fosse disposto a mettersi in gioco<\/strong> <strong>e confrontarsi con i coetanei<\/strong> militanti in&nbsp;\u201cUn impegno in Comune\u201d per Donato Lucilla, &#8220;Nuova Gioia&#8221; per Anna Curci e &#8220;Movimento 5 Stelle&#8221; per Vito Lovero (il cui rappresentante ha dato forfait all\u2019ultimo istante). &#8220;Insieme si pu\u00f2&#8221; per <strong>D<\/strong><a title=\"elezioni e giovani candidati\" href=\"https:\/\/www.flickr.com\/photos\/91470992@N02\/27084551480\/in\/photostream\/\" data-flickr-embed=\"true\"><img loading=\"lazy\" decoding=\"async\" style=\"margin: 5px; float: right;\" src=\"https:\/\/c1.staticflickr.com\/8\/7317\/27084551480_538ee1d262.jpg\" alt=\"elezioni e giovani candidati\" width=\"400\" height=\"226\" \/><\/a><strong>onato Paradiso ha declinato l\u2019invito,<\/strong> non avendo al suo interno giovanissimi alla prima esperienza. Il candidato <strong>Vito<\/strong> <strong>Falcone non ha ritenuto opportuno <\/strong>nemmeno<strong> rispondere<\/strong>, mentre <strong>Federico<\/strong> <strong>Antonicelli ha \u201cdimenticato\u201d di informare il suo candidato<\/strong> (Silvio Ludovico).<\/p>\n<p style=\"text-align: justify;\"><strong>Il caso ha per\u00f2 voluto che si sia \u201cscoperto\u201d <\/strong>che alcuni dei giovani della coalizione di Gallo in realt\u00e0 non siano mai stati contattati dal responsabile della loro comunicazione che ci ha riferito, tramite un sms telefonico quanto sopra, e quindi, per &nbsp;logica deduzione, qualcuno ha deciso al loro posto, senza informarli.<\/p>\n<p style=\"text-align: justify;\">Se poi i giovani candidati, preventivamente selezionati e interpellati, hanno dato \u201cbuca\u201d e \u201cdeclinato loro malgrado l\u2019invito per impegni elettorali\u201d o personali, che dire\u2026 hanno <strong>perso una bella occasione per dimostrare chi sono, cosa vogliono e cosa possono offrire alla citt\u00e0<\/strong> ponendosi al suo servizio, smentendo cos\u00ec chi pensa che siano \u201cburattini telecomandati&#8221;. In ogni caso, non \u00e8 che l\u2019intera coalizione o chi la gestisce, ne esca fuori bene!<\/p>\n<p style=\"text-align: justify;\"><strong>Che si sia prevenuti nei nostri confronti<\/strong>, tanto da rinunciare a far (forse) bella figura in una vetrina indubbiamente molto frequentata, <strong>\u00e8 scontato<\/strong>, cos\u00ec come la \u201cgratuit\u00e0\u201d di un servizio informativo di qualit\u00e0, in una competizione elettorale, oggi come in passato, pu\u00f2 indisporre chi pone la propri<a title=\"elezioni e giovani candidati\" href=\"https:\/\/www.flickr.com\/photos\/91470992@N02\/27262250812\/in\/dateposted-public\/\" data-flickr-embed=\"true\"><img loading=\"lazy\" decoding=\"async\" style=\"margin: 5px; float: left;\" src=\"https:\/\/c5.staticflickr.com\/8\/7313\/27262250812_35bd547b3b.jpg\" alt=\"elezioni e giovani candidati\" width=\"400\" height=\"226\" \/><\/a>a professionalit\u00e0 al servizio e \u201cal soldo\u201d dei vari candidati.<\/p>\n<p style=\"text-align: justify;\"><strong>La pubblicit\u00e0 elettorale ha le su<\/strong><strong>e regole<\/strong>, anche nel nostro network c\u2019\u00e8 chi &#8211; ovviamente &#8211; se ne occupa, ma queste \u201ctrasmissioni\u201d &#8211; esattamente come quelle registrate nel 2012 &#8211; sono tutt\u2019altro.<\/p>\n<p style=\"text-align: justify;\">Sono <strong>un servizio e un impegno totalmente gratuito<\/strong>, nascono dal senso civico del sottoscritto e di altri idealisti che \u201cci credono\u201d e sacrificano parte del loro tempo per la comunit\u00e0. Infatti con <strong>altrettanta gratuit\u00e0 veniamo ospitati da Mario Pugliese a Spazio UnoTre e supportati tecnicamente da Mario Di Giuseppe e Max Tenerelli<\/strong>, cui va il nostro pi\u00f9 sincero grazie.<\/p>\n<p style=\"text-align: justify;\">Un\u2019ultima precisazione. Sotto questo articolo &#8211; anche se \u201cpostati\u201d &#8211; <strong>non verranno pubblicati commenti<\/strong> <strong>positivi o negativi n\u00e9 firmati, n\u00e9 anonimi<\/strong>. Nessuna strumentalizzazione sar\u00e0 permessa, dato il momento delicato. Il diritto di replica \u00e8 legittimo, e c<strong>hi vorr\u00e0 rispondere, chiarire o denunciare, potr\u00e0 farlo scrivendo a<\/strong> <a href=\"mailto:redazione@gioianet.it\" target=\"_blank\" rel=\"noopener\">redazione@gioianet.it<\/a> &nbsp;e come sem<a title=\"elezioni e giovani candidati\" href=\"https:\/\/www.flickr.com\/photos\/91470992@N02\/27084538970\/in\/photostream\/\" data-flickr-embed=\"true\"><img loading=\"lazy\" decoding=\"async\" style=\"margin: 5px; float: right;\" src=\"https:\/\/c3.staticflickr.com\/8\/7505\/27084538970_dd1dfee43b.jpg\" alt=\"elezioni e giovani candidati\" width=\"400\" height=\"226\" \/><\/a>pre pubblicheremo.<\/p>\n<p style=\"text-align: justify;\"><strong>Un grazie a Paolo Cantore<\/strong> che pur potendo \u201cgodere\u201d di spazio &nbsp;in esclusiva, traendone gli ovvi vantaggi, ha con correttezza e seriet\u00e0 declinato la proposta di registrare la trasmissione, accettando di rispondere comunque alle domande preparate, che pubblicheremo a parte. Ringraziamo anche <strong>Anna Curci<\/strong>, per essersi comunque impegnata in prima persona nel portare il suo \u201cgiovane rappresentante\u201d, purtroppo fuori tempo massimo per colpa di un disguido logistico.<\/p>\n<p style=\"text-align: justify;\"><strong>Conforta, infine, che ci siano &#8220;giovani&#8221; che credono ancora nei valori del confronto <\/strong>e non si nascondono dietro il silenzio, <strong>dimostrando maturit\u00e0 e indipendenza<\/strong>. <strong>E forse \u00e8 di questo<\/strong>, e non di slogan scontati e vanagloria, di ricerca ossessiva e a tutti i costi di \u201cun posto\u201d al sole &#8211; strategie da &#8220;vecchi&#8221; politicanti, <strong>che ha bisogno la citt\u00e0<\/strong>.<\/p>\n<p>&nbsp;<\/p>\n","protected":false},"excerpt":{"rendered":"","protected":false},"author":1,"featured_media":0,"comment_status":"open","ping_status":"closed","sticky":false,"template":"","format":"standard","meta":{"colormag_page_container_layout":"default_layout","colormag_page_sidebar_layout":"default_layout","footnotes":""},"categories":[4],"tags":[],"class_list":["post-52308","post","type-post","status-publish","format-standard","hentry","category-politica"],"_links":{"self":[{"href":"https:\/\/archiviogioia.lavocedelpaese.info\/index.php?rest_route=\/wp\/v2\/posts\/52308","targetHints":{"allow":["GET"]}}],"collection":[{"href":"https:\/\/archiviogioia.lavocedelpaese.info\/index.php?rest_route=\/wp\/v2\/posts"}],"about":[{"href":"https:\/\/archiviogioia.lavocedelpaese.info\/index.php?rest_route=\/wp\/v2\/types\/post"}],"author":[{"embeddable":true,"href":"https:\/\/archiviogioia.lavocedelpaese.info\/index.php?rest_route=\/wp\/v2\/users\/1"}],"replies":[{"embeddable":true,"href":"https:\/\/archiviogioia.lavocedelpaese.info\/index.php?rest_route=%2Fwp%2Fv2%2Fcomments&post=52308"}],"version-history":[{"count":0,"href":"https:\/\/archiviogioia.lavocedelpaese.info\/index.php?rest_route=\/wp\/v2\/posts\/52308\/revisions"}],"wp:attachment":[{"href":"https:\/\/archiviogioia.lavocedelpaese.info\/index.php?rest_route=%2Fwp%2Fv2%2Fmedia&parent=52308"}],"wp:term":[{"taxonomy":"category","embeddable":true,"href":"https:\/\/archiviogioia.lavocedelpaese.info\/index.php?rest_route=%2Fwp%2Fv2%2Fcategories&post=52308"},{"taxonomy":"post_tag","embeddable":true,"href":"https:\/\/archiviogioia.lavocedelpaese.info\/index.php?rest_route=%2Fwp%2Fv2%2Ftags&post=52308"}],"curies":[{"name":"wp","href":"https:\/\/api.w.org\/{rel}","templated":true}]}}