{"id":52337,"date":"2016-06-03T09:40:09","date_gmt":"2016-06-03T09:40:09","guid":{"rendered":"https:\/\/archiviogioia.lavocedelpaese.info\/?p=52337"},"modified":"2016-06-03T09:40:09","modified_gmt":"2016-06-03T09:40:09","slug":"voci-spontanee-dei-candidati-sindaco-tratte-dai-blog","status":"publish","type":"post","link":"https:\/\/archiviogioia.lavocedelpaese.info\/?p=52337","title":{"rendered":"\u201cVOCI\u201d SPONTANEE DEI CANDIDATI SINDACO TRATTE DAI BLOG"},"content":{"rendered":"<p><a title=\"incontro candidati sindaco\" href=\"https:\/\/www.flickr.com\/photos\/91470992@N02\/27436109725\" data-flickr-embed=\"true\"><img loading=\"lazy\" decoding=\"async\" style=\"display: block; margin-left: auto; margin-right: auto;\" src=\"https:\/\/c6.staticflickr.com\/8\/7058\/27436109725_b95565b112_z.jpg\" alt=\"incontro candidati sindaco\" width=\"320\" height=\"240\" \/><\/a><\/p>\n<p><!--more--><\/p>\n<p style=\"margin-bottom: 0.0001pt; text-align: justify; line-height: normal;\"><strong>Premessa d\u2019obbligo<\/strong>: abbiamo intercettato queste riflessioni su blog e profili facebook letto e deciso di \u201cdar voce\u201d a quanto scritto dai vari candidati sindaco, esattamente come abbiamo fatto per coloro che ci hanno inviato delle loro riflessioni, sia su richiesta che liberamente o di cui abbiamo \u201ccolto\u201d al volo pensieri. Informarsi \u00e8 il primo passo per una scelta consapevole. <strong>Votare chi ci rappresenta o con cui ci sentiamo in sintonia, non \u00e8 solo un diritto, ma anche un dovere<\/strong>. Lo dobbiamo a noi stessi, ai nostri figli, alla nostra citt\u00e0, Buona lettura!<\/p>\n<p style=\"margin-bottom: 0.0001pt; text-align: center; line-height: normal;\" align=\"center\">__________________<\/p>\n<p style=\"margin-bottom: 0.0001pt; text-align: justify; line-height: normal;\"><strong>FEDERICO ANTONICELLI SI PRESENTA<\/strong><\/p>\n<p style=\"margin-bottom: 0.0001pt; text-align: justify; line-height: normal;\"><a title=\"Federico Antonicelli\" href=\"https:\/\/www.flickr.com\/photos\/91470992@N02\/27401942016\/in\/photostream\/\" data-flickr-embed=\"true\"><img loading=\"lazy\" decoding=\"async\" style=\"margin: 5px; float: left;\" src=\"https:\/\/c1.staticflickr.com\/8\/7688\/27401942016_568fae2cf3.jpg\" alt=\"Federico Antonicelli\" width=\"400\" height=\"300\" \/><\/a>Ci sono state difficolt\u00e0 oggettive nel trovare nei vari blog \u201cpensieri e parole\u201d di Federico Antonicelli, il quale ha racchiuso tutto nella sua presentazione, di cui riportiamo la parte in cui esprime il suo progetto.<\/p>\n<p style=\"margin-bottom: 0.0001pt; text-align: center; line-height: normal;\" align=\"center\">\u25ba\u25bc\u25c4<\/p>\n<p style=\"margin-bottom: 0.0001pt; text-align: justify; line-height: normal;\">Per governare una comunit\u00e0 non \u00e8 sufficiente una maggioranza che ti sostiene, ma volont\u00e0, capacit\u00e0, esperienza, disponibilit\u00e0, relazioni istituzionali, spirito di abnegazione e lungimiranza per programmare il futuro.<\/p>\n<p style=\"margin-bottom: 0.0001pt; text-align: justify; line-height: normal;\">Il valore, l\u2019onest\u00e0, la trasparenza, l\u2019impegno sono le basi necessarie per garantire una corretta funzionalit\u00e0 della Pubblica Amministrazione. Un territorio \u00e8 ricco se la comunit\u00e0 \u00e8 in grado di gestire ogni risorsa utile che generi produttivit\u00e0, economia, ricchezza e vivibilit\u00e0. Nel 2004, eletto consigliere comunale; da allora faccio della mia esperienza professionale ed umana il mio modo di fare politica. Nel 2005mi impegno insieme ad altri imprenditori locali a riportare il Volley in Serie A2. Da Assessore all\u2019Ambiente nel 2009 faccio s\u00ec che Gioia del Colle, per due anni di seguito, diventi il primo paese per la raccolta differenziata in Puglia (cittadine sopra i 15.000 abitanti) e realizzo il primo negozio Comprorifiuti. Contribuisco alla realizzazione della prima manifestazione a Gioia del Colle di Bimbi in Bici e Gioia in Bici, Festa dell\u2019albero con piantumazione degli alberi presso la Coop e il Palestrone, realizzazione del Quaderno ambientale distribuito presso le scuole elementari, Puliamo il mondo con Lega Ambiente. Promuovo l\u2019attivit\u00e0 socializzante dello sport, organizzando (in collaborazione con il prof. Michele Girardi FIJLKAM) il campionato di judo interregionale 201O, facendo confluire a Gioia del Colle oltre 500 atleti da tutto il Meridione. Sono convinto che lo sport abbia una funzione sociale aggregativa che valorizzi lo spirito di squadra educando alla disciplina. Da Assessore al Turismo dal 2014 sviluppo numerose attivit\u00e0 per valorizzare il territorio e i prodotti tipici locali. Per due mandati risulto il primo degli eletti nella lista con circa 500 preferenze. Da sottolineare, infine, il mio impegno nella Confartigianato UPSA, di cui sono Presidente dal 2008.<\/p>\n<p style=\"margin-bottom: 0.0001pt; text-align: justify; line-height: normal;\">Nei primi anni 90 il consiglio comunale all\u2019unanimit\u00e0 vota la delibera per l\u2019accordo raggiunto tra Comune di Gioia del Colle e le ferrovia dello stato per la chiusura del passaggio a livello in virt\u00f9 del progetto di trasformazione del percorso ferroviario ad alta velocit\u00e0. Nel 2001 l\u2019allora giunta Povia chiude un accordo con FS Spa in data 10\/05\/2001 nella quale viene accettata una proposta minimale e di poco interesse per il<\/p>\n<p style=\"margin-bottom: 0.0001pt; text-align: justify; line-height: normal;\">Comune e per i Cittadini. Nonostante ci\u00f2, la stessa convenzione viene ratificata all\u2019unanimit\u00e0 dal Consiglio Comunale 42 del 26\/2002. A seguito di questo atto tutte le successive azioni promosse da tutte le Amministrazioni Comunali si riveleranno sterili e inutili. La chiusura del passaggio a livello era stata gi\u00e0 decisa. Per quanto sentissi la necessit\u00e0 di fare qualcosa per evitare la chiusura, non conoscendo a fondo quanto gi\u00e0 approvato, le mie personali azioni successive (sostenute insieme ad altri cittadini dal 2005), sono state utili solo a rallentare la definitiva chiusura del PL di Via Dante. La comunit\u00e0 non pu\u00f2 imputarmi responsabilit\u00e0 per atti e misfatti che non mi appartengono e n\u00e9 mi hanno reso partecipe per quanto fosse stato gi\u00e0 concordato, scritto e accertato prima della mia scesa in Politica. Faccio inoltre presente che tutti gli atti relativi a questo caso, sono disponibili presso gli archivi degli atti Amministrativi Comunali.<\/p>\n<p><strong>ANNA CURCI &#8211; RINNOVARE NON \u00c8 RIMESCOLARE I NOMI DI CHI HA CONDANNATO GIOIA AL COMMISSARIAMENTO\u201d <\/strong><\/p>\n<p style=\"margin: 0cm 0cm 0.0001pt; text-align: justify;\"><a title=\"Anna Curci\" href=\"https:\/\/www.flickr.com\/photos\/91470992@N02\/27337033742\/in\/photostream\/\" data-flickr-embed=\"true\"><img loading=\"lazy\" decoding=\"async\" style=\"margin: 5px; float: right;\" src=\"https:\/\/c7.staticflickr.com\/8\/7390\/27337033742_c40200c253.jpg\" alt=\"Anna Curci\" width=\"400\" height=\"300\" \/><\/a>Il migliore appello al voto che si possa fare \u00e8 quello ad un voto consapevole ma per consentire che sia davvero tale servono chiarezza sui programmi e confronti. Taluni candidati, infatti, invocano i confronti a parole ma poi si guardano bene dall&#8217;utilizzare le reali possibilit\u00e0 di incontro a disposizione. D&#8217;altro canto, ci vuole un bel coraggio per ammettere &#8211; come fa qualche mio collega &#8211; di aver fatto parte della scorsa amministrazione ma dando interamente la colpa al Sindaco per qualsiasi questione irrisolta.<\/p>\n<p style=\"margin: 0cm 0cm 0.0001pt; text-align: justify;\">Persino sabato, nel corso di un pubblico evento, c&#8217;era chi leggeva le risposte ai quesiti su sms inviati dal coordinatore della propria campagna. Se dovesse vincere, chi sarebbe, tra i due, a governare? Rinnovamento non \u00e8 cambiare solo il nome del candidato a Sindaco e rimescolare tra le liste gli stessi protagonisti di sempre. Il nostro \u00e8 un programma stringato? \u00c8 un programma realistico, siamo sicuri di poterlo realizzare in tutto e per tutto. Non date retta a chi vi promette di riaprire un ospedale che non potr\u00e0 riaprire, possiamo invece lavorare sull&#8217;assistenza domiciliare e sull&#8217;integrazione socio sanitaria. Avevamo una zona industriale fiore all&#8217;occhiello del circondario ed un&#8217;economia locale fiorente, ora resta la tristezza di vedere le vetrine delle vie principali della citt\u00e0 piene solo di cartelloni elettorali. Non fatevi prendere in giro, per\u00f2, da chi vi dice che non ci sono i soldi per rimettere in moto l&#8217;economia: sono stati sfruttati i fondi europei? Chi e come ha utilizzato i bandi finora? Lo stesso programma del candidato Antonicelli \u00e8 pieno di buoni propositi ma, evidentemente, il collega ha dimenticato quello che \u00e8 avvenuto nel passato recente, anche perch\u00e9 molti rappresentanti della passata legislatura hanno preferito rimandare le proprie dimissioni, al momento opportuno, condannando l&#8217;intera citt\u00e0 ad un anno di commissariamento, sperando che i cittadini dimenticassero.<\/p>\n<p style=\"margin: 0cm 0cm 0.0001pt; text-align: justify;\">\u201cMatera2019 pu\u00f2 essere una straordinaria vetrina per i nostri prodotti tipici ma senza aspettare il 2019; Reddito di dignit\u00e0 e cantieri di cittadinanza non sono forme assistenzialistiche ma strumenti concreti e gi\u00e0 disponibili; rivalutare Via Roma, il Castello e Piazza Plebiscito si pu\u00f2 e si deve fare. Per questo, invito tutti ad un voto consapevole, che restituisca dignit\u00e0 alla citt\u00e0. Come diceva Jim Rohn, ci sono due cose che non tornano mai indietro: una freccia scagliata ed un&#8217;occasione perduta.<\/p>\n<p style=\"margin-bottom: 0.0001pt; text-align: justify; line-height: normal;\"><strong>VITO FALCONE SI DIFENDE E SI FA DIFENDERE<\/strong><\/p>\n<p style=\"margin-bottom: 0.0001pt; text-align: justify; line-height: normal;\"><a title=\"Vito Falcone\" href=\"https:\/\/www.flickr.com\/photos\/91470992@N02\/27159420480\/in\/photostream\/\" data-flickr-embed=\"true\"><img loading=\"lazy\" decoding=\"async\" style=\"margin: 5px; float: left;\" src=\"https:\/\/c1.staticflickr.com\/8\/7356\/27159420480_1c0d2202d7.jpg\" alt=\"Vito Falcone\" width=\"400\" height=\"300\" \/><\/a>Sul profilo del candidato sindaco Vito Falcone, oltre ai numerosi mini-video condivisi in bacheca da Francesco Pistilli, che tra l&#8217;altro lo affianca anche sul palco prendendo la parola nell\u2019ultimo comizio del 2 giugno, riveniamo davvero pochi \u201cscritti\u201d, e per par condicio li riportiamo.<\/p>\n<p style=\"margin-bottom: 0.0001pt; text-align: center; line-height: normal;\" align=\"center\">\u25ba\u25bc\u25c4<\/p>\n<p style=\"margin-bottom: 0.0001pt; text-align: justify; line-height: normal;\">\u201cGiusto per chiarire , io non mi sottraggo mai al confronto e l\u2019ho dimostrato in quasi sette anni da consigliere comunale dove sono intervenuto, sicuramente l\u2019unico, in ogni consiglio. Lo dimostrano le carte. Per un impegno assunto in precedenza ed improrogabile non ho potuto partecipare. Vi sfido, se volete, ad un confronto tra di noi da oggi fino a venerd\u00ec, cos\u00ec le strumentalizzazioni sterili ed infruttuose le lasciate da parte. Attendo vostro riscontro, mi auguro positivo.\u201d<\/p>\n<p style=\"margin-bottom: 0.0001pt; text-align: justify; line-height: normal;\"><strong>Caso CE.R.IN, riscossione tributi<\/strong><\/p>\n<p style=\"margin-bottom: 0.0001pt; text-align: justify; line-height: normal;\">Le mezze verit\u00e0, le verit\u00e0 nascoste, posizioni pilatesche o sciacallaggio politico???I riferimenti alle persone citate \u00e9 correlato solo e soltanto alla cronologia degli atti amministrativi deliberati. I commenti politici non riguardano le persone menzionate, ma sono generici e rivolti a chi con falsi teoremi politicisti hanno dato vita a congetture inesistenti, dicerie, pettegolezzi e maldicenze. A questi ultimi voglio dire che il coraggio \u00e9 patrimonio naturale degli Uomini e si manifesta alla luce del sole. La vigliaccheria, soprattutto quella politica, \u00e9 sempre nell&#8217;ombra, anonima, crudele. \u00c9 la madre della crudelt\u00e0. L&#8217;aspetto pi\u00f9 grottesco \u00e9 che i vili millantano ideali, indignazione, coscienza civile. Ma restano sempre dei vigliacchi. [F. Pistilli]<\/p>\n<p style=\"margin-bottom: 0.0001pt; line-height: normal;\"><strong>GIUSEPPE GALLO\u2026 24 COMUNICATI IN \u201cPILLOLE\u201d, UN VIDEO SPOT<\/strong><\/p>\n<p style=\"margin-bottom: 0.0001pt; line-height: normal; text-align: justify;\"><a title=\"Giuseppe Gallo\" href=\"https:\/\/www.flickr.com\/photos\/91470992@N02\/26826923514\/in\/photostream\/\" data-flickr-embed=\"true\"><img loading=\"lazy\" decoding=\"async\" style=\"margin: 5px; float: right;\" src=\"https:\/\/c3.staticflickr.com\/8\/7157\/26826923514_a6c7b672e8.jpg\" alt=\"Giuseppe Gallo\" width=\"400\" height=\"300\" \/><\/a>Abbiamo \u201cspulciato\u201d tra quanto pubblicato sul blog del candidato sindaco Gallo, trovando davvero \u201cpoco\u201d di suo. Per assurdo, oltre alla presentazione nella quale sintetizza l\u2019azione programmatica, abbiamo riportato la sua \u201cvoce\u201d in virgolettato pi\u00f9 noi nei vari articoli pubblicati sul nostro settimanale che la sua titanica macchina comunicativa.<\/p>\n<p style=\"margin-bottom: 0.0001pt; text-align: justify; line-height: normal;\">Questo \u00e8 quanto Gallo ha detto nei ventiquattro comunicati pubblicati sul suo blog in ordine cronologico.<\/p>\n<p style=\"margin-bottom: 0.0001pt; text-align: center; line-height: normal;\" align=\"center\">\u25ba\u25bc\u25c4<\/p>\n<p style=\"margin-bottom: 0.0001pt; text-align: justify; line-height: normal;\">Sicurezza e personale comunale sono due punti fermi del nostro programma su cui Vincenzo in particolare ha dato battaglia con la vecchia amministrazione. La sicurezza \u00e8 d\u2019obbligo dopo gli ultimi accadimenti che han visto Gioia sulle pagine delle testate giornalistiche. La questione del personale \u00e8 il fulcro della politica, \u00e8 importante avere un personale efficiente, serio e preparato e su questo puntiamo molto, saremo intransigenti.[15 maggio]<\/p>\n<p style=\"margin-bottom: 0.0001pt; text-align: justify; line-height: normal;\">Tutti hanno dato un grande contributo a costituire il Polo Civico, Iniziativa Democratica ha giocato un ruolo importante nella redazione del programma elettorale. I nostri giovani sono un patrimonio e mi auguro che non si disperda dopo le votazioni. Non succeder\u00e0 e noi tutti resteremo uniti, se ne facciano una ragione i nostri concorrenti, questa coalizione completer\u00e0 un percorso di cinque anni.[17 maggio]<\/p>\n<p style=\"margin: 0cm 0cm 0.0001pt; text-align: justify;\">La rinascita di Gioia dev\u2019essere civica ma soprattutto culturale. Al primo punto del nostro programma culturale abbiamo messo l\u2019istituzione di una Consulta comunale della Cultura per coordinare le attivit\u00e0 della associazioni sul territorio, fondamentale perch\u00e9 Gioia riprenda lo splendore del recente passato\u00bb. A seguire Gallo ha sottolineato l\u2019importanza del<strong><span style=\"font-weight: normal;\">Premio Gioia,<\/span><\/strong> \u00abche vogliamo riproporre all\u2019attenzione di tutti. Un riconoscimento che sar\u00e0 conferito ogni anno a una personalit\u00e0 italiana o straniera, a una persona di alto profilo che dia lustro al nostro comune.[20 maggio]<\/p>\n<p style=\"margin-bottom: 0.0001pt; text-align: justify; line-height: normal;\">Per me un politico come si comporta nella vita si deve comportare nella politica. Non so se sono un leader, sicuramente ci metto tanto impegno, ben consapevole che ognuno ce la sta mettendo tutta. Spero che il gruppo vada avanti porti la propria voce in consiglio comunale, e non solo, perch\u00e9 l\u2019impegno per far s\u00ec che questo paese rinasca da tanti punti di vista non finisce il 5 giugno.[24 maggio]<\/p>\n<p style=\"margin-bottom: 0.0001pt; text-align: justify; line-height: normal;\">Ci sono persone che appartengono al mondo civico in ogni lista. La coalizione rimarr\u00e0 civica, e a chi dice che per questo motivo in ambito regionale dovremo metterci in fila rispondo che noi faremo la fila, ma quando quei partiti verranno nel territorio a chiedere i voti scenderemo in piazza a dire la nostra. E a chi parla di assessorati alla trasparenza rispondo che in Comune abbiamo funzionari validi che potrebbero seguire i fondi dall\u2019inizio alla fine. Si fa un torto al personale comunale, che trasmette gli atti alla Corte dei Conti, organo che controlla ogni cosa in maniera periodica e capillare.[ 29 maggio]<\/p>\n<p style=\"margin-bottom: 0.0001pt; text-align: justify; line-height: normal;\">Si \u00e8 molto parlato della mia assenza venerd\u00ec sera a un incontro organizzato dalla cooperativa SoleLuna. Vorrei dire al candidato sindaco last minute che ha sottolineato questa cosa che gli arredi di quella associazione sono stati acquistati dall\u2019associazione di cui mi onoro di fare parte. Al candidato dei Cinque Stelle Loveroche ha affermato che il comune \u00e8 in default chiedo se ha letto la delibera del Commissario del 12 maggio scorso. A lui che fa vanto di competenza e trasparenza dico che come competenza andiamo male, mentre della trasparenza non avremo prova perch\u00e9 lui in consiglio comunale non entrer\u00e0! Ai giovani raccomando di non essere chiusi, la politica \u00e8 apertura nei confronti del prossimo. Non temete che gli adulti non vi ascoltino perch\u00e9 in voi ripongono molta fiducia. Grazie a politiche giovanili che coinvolgano nuovamente le imprese, che restituiscano un ruolo centrale alla scuola, restituiremo un futuro ai nostri figli.[30 maggio]<\/p>\n<p><strong>VITO LOVERO <\/strong><strong>&#8211; LA POLITICA NON E\u2019 UN MESTIERE MA UN SERVIZIO<\/strong><\/p>\n<p style=\"margin: 0cm 0cm 0.0001pt; text-align: justify;\"><a title=\"Vito Lovero\" href=\"https:\/\/www.flickr.com\/photos\/91470992@N02\/26826921484\/in\/photostream\/\" data-flickr-embed=\"true\"><img loading=\"lazy\" decoding=\"async\" style=\"margin: 5px; float: left;\" src=\"https:\/\/c5.staticflickr.com\/8\/7360\/26826921484_94af22948e.jpg\" alt=\"Vito Lovero\" width=\"400\" height=\"300\" \/><\/a>In perfetto stile intimista, dialogo con me stesso, rispondendo a domande su schema tipo altrui, che mi formulo per diletto per giungere, consapevolmente, verso una piacevole ruminazione mentale.<\/p>\n<p style=\"margin: 0cm 0cm 0.0001pt; text-align: justify;\">&#8220;Sono un professionista con la passione per la politica&#8221;<\/p>\n<p style=\"margin: 0cm 0cm 0.0001pt; text-align: justify;\">Benissimo: la Politica non \u00e8 un mestiere, \u00e8 un servizio. Per servizio io intendo proprio l\u2019azione del servire, non di servirsi o attorniarsi di servi. Il grande Pertini sosteneva, con indiscussa autorevolezza, che chi approfitta della politica, per guadagnare poltrone o prebende, non \u00e8 un politico, bens\u00ec un affarista, un disonesto.<\/p>\n<p style=\"margin: 0cm 0cm 0.0001pt; text-align: justify;\">&#8220;Da anni metto al servizio del nostro Comune la mia competenza nel ruolo di revisore dei conti, con un apprezzamento trasversale dal punto di vista politico per la trasparenza del mio operato&#8221;.<\/p>\n<p style=\"margin: 0cm 0cm 0.0001pt; text-align: justify;\">Per fortuna, con il decreto legge 174 del 10 ottobre 2012, viene modificata sostanzialmente la figura dell\u2019organo di revisione di Comuni ampliandone le funzioni e attribuendo nuove responsabilit\u00e0 e nuovi adempimenti.<\/p>\n<p style=\"margin: 0cm 0cm 0.0001pt; text-align: justify;\">Il revisore dell\u2019ente locale: non pi\u00f9 solo controllore dei conti e collaboratore del consiglio ma organo di unione con la Corte dei Conti e la Ragioneria dello Stato, con l\u2019obiettivo di garantire all\u2019interno dell\u2019ente gli obiettivi di finanza pubblica. Il mio comune ha attraversato tempi non esattamente \u201conesti\u201d, e non posso che essere contento che, per il futuro, l\u2019art. 3, co. 1, lett. s), del D.L. 10 ottobre 2012, n. 174, convertito con modificazioni, dalla L. 7 dicembre 2012, n. 213 ha aggiunto all\u2019art.248 del TUEL il comma 5 bis che, in tema di responsabilit\u00e0 dei revisori dei conti, attribuisce specifiche sanzioni all\u2019organo di revisione. Infatti, come per gli amministratori (art. 248 comma 5) anche per i revisori sono previste sanzioni sia di carattere amministrativo che pecuniario. Il revisore potr\u00e0, pertanto, essere chiamato in causa dalla Corte dei Conti qualora, a seguito della dichiarazione di dissesto, vengano accertati gravi responsabilit\u00e0 nello svolgimento dell\u2019attivit\u00e0, oppure viene accertata una ritardata o mancata comunicazione delle informazioni.<\/p>\n<p style=\"margin: 0cm 0cm 0.0001pt; text-align: justify;\">&#8220;Sono pronto e determinato a continuare ad offrire il mio contributo alla comunit\u00e0 con la stessa professionalit\u00e0 e con impegno se possibile ancora maggiore, ma in una nuova veste&#8221;.<\/p>\n<p style=\"margin: 0cm 0cm 0.0001pt; text-align: justify;\">Non credo, ma \u00e8 mia personalissima considerazione, sia un merito aver ricoperto un ruolo cos\u00ec sfacciatamente importante in amministrazioni delle cui gesta la collettivit\u00e0 intera \u00e8 stata resa ampiamente edotta. Mi domando, e domando, dove era la tanto auto decantata professionalit\u00e0 quando si sarebbero dovute relazionare le molteplici \u201cincomprensioni\u201ddi tenuta dei conti?<\/p>\n<p style=\"margin: 0cm 0cm 0.0001pt; text-align: justify;\">&#8220;Quella di candidato sindaco per il polo civico \u2018RiprendiAmo Gioia\u2018.Una coalizione che ha nel suo punto di forza l\u2019unit\u00e0 d\u2019intenti e la convergenza, prima ancora che sulla mia persona, sul potere delle buone idee&#8221;.<\/p>\n<p style=\"margin: 0cm 0cm 0.0001pt; text-align: justify;\">Con mestizia ed umilt\u00e0, quella vera per\u00f2, atteggiamento sconosciuto ai molti listofanti (da non confondere con lestofanti seppur di cacofonica assonanza) mi dissocio assolutamente da coloro che considerano il paese una sorta di aia, piena di inconsapevoli bipedi pennuti, quale terreno di successo e lode dell\u2019unico gallo del pollaio.<\/p>\n<p style=\"margin: 0cm 0cm 0.0001pt; text-align: justify;\">Poich\u00e9 la storia insegna ben altro, auguro alla nostra citt\u00e0 che, la accordata sudditanza, sia almeno di ragionevole durata per non ritrovarsi, a breve, di fronte a situazioni di ingovernabilit\u00e0 o peggio a meschine accoppiate al potere.<\/p>\n<p style=\"margin: 0cm 0cm 0.0001pt; text-align: justify;\">Dentro o fuori, il Movimento sar\u00e0 la spina nel fianco di qualsiasi Amministrazione, e questa \u00e8 una promessa.<\/p>\n<p style=\"margin: 0cm 0cm 0.0001pt; text-align: justify;\">La rinascita di Gioia sar\u00e0 anzitutto culturale. Un rilancio curato da un\u2019apposita Consulta che avr\u00e0 il compito di ridare lustro al Teatro Rossini e al Castello Normanno Svevo tramite una sinergia&#8221;.<\/p>\n<p style=\"margin: 0cm 0cm 0.0001pt; text-align: justify;\">Come si pretende di parlare di rinascita culturale allorquando si perdura nel medesimo truce giogo dell\u2019ogni mezzo \u00e8 lecito pur di vincere? Affissioni di manifesti selvagge, pubblicazioni vietate su periodici locali, santini \u201cgettati\u201d sulle nostre strade alla faccia del decoro urbano. Ecco la loro cultura !!! Ecco chi vorrebbe governarci !!! Aiuto!!!!<\/p>\n<p style=\"margin: 0cm 0cm 0.0001pt; text-align: justify;\">Che bella commedia, tragica, sarebbe quella ambientata in un castello Normanno Svevo, inscenata al Teatro Rossini, con un solo attore protagonista e decine e decine di comparse presenti in ben otto compagnie di recitazione.<\/p>\n<p style=\"margin-bottom: 0.0001pt; line-height: normal;\"><strong>DONATO LUCILLA &#8211; I POLITICI SONO TUTTI UGUALI? <\/strong><\/p>\n<p style=\"margin-bottom: 0.0001pt; text-align: justify; line-height: normal;\"><a title=\"Donato Lucilla\" href=\"https:\/\/www.flickr.com\/photos\/91470992@N02\/27401951516\/in\/photostream\/\" data-flickr-embed=\"true\"><img loading=\"lazy\" decoding=\"async\" style=\"margin: 5px; float: right;\" src=\"https:\/\/c5.staticflickr.com\/8\/7293\/27401951516_b27c0222ab.jpg\" alt=\"Donato Lucilla\" width=\"400\" height=\"300\" \/><\/a>Cos\u00ec come abbiamo sottolineato la mancanza di comunicazione di alcuni candidati, va dato atto che Donato Lucilla ha ben operato anche in questo frangente, pubblicando sul blog di \u201cUn impegno in \u2026comune\u201d riflessioni pertinenti a seconda del tema trattato. Rispettiamo, anche se non condividiamo, la sua scelta di non inviare questi scritti in redazione per permettere ai nostri lettori di ascoltare la sua \u201cvoce\u201d, una visibilit\u00e0 che sarebbe andata a suo vantaggio. Riportiamo, pertanto, il suo ultimo intervento invitando chi volesse leggere gli altri a visitare la pagina face book: <a href=\"https:\/\/www.facebook.com\/unimpegno\/?fref=ts\">https:\/\/www.facebook.com\/unimpegno\/?fref=ts<\/a><\/p>\n<p style=\"margin-bottom: 0.0001pt; text-align: center; line-height: normal;\" align=\"center\">\u25ba\u25bc\u25c4<\/p>\n<p style=\"margin-bottom: 0.0001pt; text-align: justify; line-height: normal;\">Questa campagna elettorale vorrebbe essere utilizzata per dimostrare che i politici sono tutti uguali.<\/p>\n<p style=\"margin-bottom: 0.0001pt; text-align: justify; line-height: normal;\">Pochi mesi dopo la caduta della Giunta Povia, infatti, i partiti ed i movimenti che avevano in animo di presentarsi alle elezioni, hanno pubblicamente annunciato l\u2019avvio del percorso elettorale e fin dalla scorsa estate hanno cominciato a lavorare insieme alla stesura del programma.<\/p>\n<p style=\"margin-bottom: 0.0001pt; text-align: justify; line-height: normal;\">Non abbiamo assistito al moltiplicarsi di liste (alcune defunte prima ancora di cominciare la tornata elettorale costringendo cos\u00ec gli ex consiglieri che si erano creati la lista <i>ad personam<\/i> a rifugiarsi in altre) e non si sono visti accordi dell\u2019ultima ora (alcuni dei quali hanno costretto addirittura a ristampare i propri santini perch\u00e9 riportavano un altro candidato sindaco\u2026). La qualit\u00e0 del dibattito ne ha beneficiato.<\/p>\n<p style=\"margin-bottom: 0.0001pt; text-align: justify; line-height: normal;\">Tutti i candidati, infatti, hanno puntato sulle idee da portare avanti organizzando un incontro tematico alla settimana, da marzo fino all\u2019inizio della campagna elettorale, che si ricollegavano a quelli gi\u00e0 fatti l\u2019anno precedente, in estate ed a dicembre.<\/p>\n<p style=\"margin-bottom: 0.0001pt; text-align: justify; line-height: normal;\">Ogni incontro \u00e8 stato condotto da chi si sarebbe materialmente occupato della realizzazione di quei progetti. In un crescendo di trasparenza, ogni coalizione ha indicato, in anticipo, quale sarebbe stata la squadra che avrebbe governato la citt\u00e0 in caso di vittoria. Ed ancora, durante la campagna elettorale tutti i candidati Sindaci sono sempre stati presenti ad ogni incontro pubblico, cos\u00ec come i giovani, cos\u00ec fortemente coinvolti in questa campagna elettorale, non hanno perso l\u2019occasione di confrontarsi pubblicamente, in particolare sulle politiche giovanili.<\/p>\n<p style=\"margin-bottom: 0.0001pt; text-align: justify; line-height: normal;\">L\u2019analisi del fallimento delle precedenti amministrazioni ha prodotto una selezione delle candidature. Analisi che ha riguardato anche i risvolti giudiziari, senza rimarcarli eccessivamente, visto che c\u2019\u00e8 la magistratura penale che sta accertando i fatti.<\/p>\n<p style=\"margin-bottom: 0.0001pt; text-align: justify; line-height: normal;\">A ben vedere, per\u00f2, queste cose le ha fatte solo la coalizione \u201cUn Impegno\u2026in Comune\u201d, gli altri non sono stati \u201cuguali\u201d. E, allora, si cerca di renderci \u201cuguali\u201d agli altri, per la logica, tutt\u2019altro che chiara, che se una persona vuole impegnarsi per eliminare malaffare e corruzione dalla politica non \u00e8 titolato a farlo perch\u00e9, magari, ha parcheggiato la macchina davanti un passo carrabile.<\/p>\n<p style=\"margin-bottom: 0.0001pt; text-align: justify; line-height: normal;\">Il sillogismo non mi convince, viene spesso usato per deviare l\u2019attenzione e cercare di buttare in rissa il dibattito, dove prevalgono quelli che urlano di pi\u00f9, non chi ha gli argomenti migliori.<\/p>\n<p style=\"margin-bottom: 0.0001pt; text-align: justify; line-height: normal;\">E sono le questioni che stanno paventando contro la nostra coalizione.<\/p>\n<p style=\"margin-bottom: 0.0001pt; text-align: justify; line-height: normal;\"><strong>Tiri\u2026 \u201cmancini\u201d andati a vuoto <\/strong><\/p>\n<p style=\"margin-bottom: 0.0001pt; text-align: justify; line-height: normal;\">Una persona viene delegata per ascoltare cosa viene riferito in Prefettura circa le regole da rispettare durante la campagna elettorale in quanto il delegato di lista titolare non pu\u00f2 essere presente (senza dover partecipare ad alcuna votazione) e diventa argomento di discussione pi\u00f9 interessante dei MILIONI di euro dei debiti fuori bilancio della Spes o degli interventi edilizi in zona F (non mi pare di aver sentito alcun riferimento al riguardo).<\/p>\n<p style=\"margin-bottom: 0.0001pt; text-align: justify; line-height: normal;\">Ancora peggio, con atteggiamento incomprensibilmente minaccioso, si annunciano rivelazioni circa trattative di candidati di Pro.di.gio per diventare assessori con Povia, senza citare fatti circostanziati, ma lasciando solo intendere. Un maldestro tentativo di coprire il fallimento di chi, in quella amministrazione, \u00e8 stato parte attiva.<\/p>\n<p style=\"margin-bottom: 0.0001pt; text-align: justify; line-height: normal;\">Infine, la pubblicazione di un video con accuse (infondate) pesanti rivolte contro un nostro candidato. Anche in questo caso, c\u2019\u00e8 una forzatura inaccettabile nell\u2019attribuire la responsabilit\u00e0 di un atto (ammesso che sia stato commesso) ad un persona che era solo nelle vicinanze del fatto. La documentazione video, fortuna che c\u2019\u00e8, dimostra che non accade nulla\u2026. Purtroppo, chi ha effettuato quelle affermazioni, pur non essendo presente ai fatti e non potendo assicurarne la veridicit\u00e0, se ne dovr\u00e0 assumere le eventuali conseguenze. Tuttavia, fa riflettere il fatto che il video sia pubblicato da una ragazza non presente alla scena che ha ricevuto, presumibilmente, il video da chi l\u2019ha girato, la cui voce (e macchina nuova) \u00e8 inconfondibile: \u00e8 un ex consigliere ed assessore del Pd che appoggia un altro candidato Sindaco. Rifletto sul perch\u00e9 non abbia pubblicato lui stesso il video e sul perch\u00e9 abbia voluto che lo pubblicasse un \u201cavversario\u201d politico atteso che l\u2019obiettivo sarebbe quello di colpire la mia coalizione.<\/p>\n<p style=\"margin-bottom: 0.0001pt; text-align: justify; line-height: normal;\">A questo punto mi domando: \u201c\u2026 Ma vuoi vedere che\u2026?\u201d E dico \u201c&#8230;Ma vuoi vedere che\u2026?\u201d la scellerata scelta di non dimettersi dopo i fatti giudiziari del recente passato, condannando Gioia ad una lunghissima gestione commissariale che sarebbe servita a dimenticare l\u2019accaduto e a rendere possibile un facile ritorno al potere, non sta portando ai risultati sperati per colpa di questi ragazzacci di \u201cUn impegno\u2026in Comune\u201d? e continuo a domandarmi \u201c\u2026;a vuoi vedere che\u2026?\u201d<\/p>\n<p style=\"margin-bottom: 0.0001pt; text-align: justify; line-height: normal;\">Mi auguro che molti elettori pensino \u201c\u2026Ma vuoi vedere che\u2026?\u201d i politici non sono tutti uguali!<\/p>\n<p style=\"margin-bottom: 0.0001pt; text-align: justify; line-height: normal;\"><strong>DONATO PARADISO\u2026 NESSUN SUO INTERVENTO SUL BLOG<\/strong><\/p>\n<p style=\"margin-bottom: 0.0001pt; text-align: justify; line-height: normal;\"><a title=\"Donato Paradiso\" href=\"https:\/\/www.flickr.com\/photos\/91470992@N02\/27337032842\/in\/photostream\/\" data-flickr-embed=\"true\"><img loading=\"lazy\" decoding=\"async\" style=\"margin: 5px; float: left;\" src=\"https:\/\/c3.staticflickr.com\/8\/7415\/27337032842_8c1bd16244.jpg\" alt=\"Donato Paradiso\" width=\"400\" height=\"300\" \/><\/a>Tutti hanno detto e scritto di tutto e di pi\u00f9, ma la \u201cvoce\u201d di Donato Paradiso, a parte l\u2019intervista rilasciata su GioiaNet su \u201cla voce del paese\u201d ed il video-confronto con i suoi contendenti, non riecheggia in nessun blog, n\u00e9 \u00e8 riportata dai suoi sostenitori. Che si tratti di un candidato sindaco atipico, schivo e forse poco avvezzo a queste modalit\u00e0 di comunicazione, \u00e8 pi\u00f9 che evidente, forse anche per questo sarebbe stato opportuno che i giornalisti &#8211; candidati che lo sostengono (ne abbiamo contati ben cinque) si fossero resi suoi \u201cportavoce\u201d.<\/p>\n<p style=\"margin-bottom: 0.0001pt; text-align: center; line-height: normal;\" align=\"center\">\u25ba\u25bc\u25c4<\/p>\n<p style=\"margin-bottom: 0.0001pt; text-align: justify; line-height: normal;\">Per rompere il muro del silenzio, riportiamo un simpatico \u201cspot\u201d di Antonio Murzio, sempre tratto da uno dei blog che sostengono Paradiso, che sintetizza in poche parole perch\u00e9, potendo, lo avrebbe votato.<\/p>\n<p style=\"margin-bottom: 0.0001pt; text-align: justify; line-height: normal;\">\u201cQuesta \u00e8 la prima volta che rimpiango di non essere pi\u00f9 iscritto nelle liste elettorali del mio paese, perch\u00e9 non avrei avuto alcun dubbio sul candidato da votare. Lui \u00e8 Donato Paradiso, lo conosco praticamente da 40 anni e una persona pi\u00f9 onesta, corretta e disponibile non penso di averla mai conosciuta. Aggiungeteci che non mi ha mai cacciato quando mi presentavo a casa sua per la colazione alle sei e mezzo del mattino (ovviamente senza preavviso), che non l&#8217;ha presa male quando, assessore alla Trasparenza, l&#8217;ho preso per i fondelli sul Roma, un giornale di destra, che mi ha fatto da testimone di nozze, che penso sia l&#8217;unico essere umano che passava con cognizione di causa da una riunione di giunta a una di condominio di casa della madre (suppongo lo faccia ancora oggi), che la legge finanziaria lui era uno che se la leggeva tutta&#8230; Insomma, oh, voi che potete, votatelo&#8230; mica vi farete sfuggire questa occasione d&#8217;oro!\u201d<\/p>\n<p>&nbsp;<\/p>\n","protected":false},"excerpt":{"rendered":"","protected":false},"author":1,"featured_media":0,"comment_status":"open","ping_status":"closed","sticky":false,"template":"","format":"standard","meta":{"colormag_page_container_layout":"default_layout","colormag_page_sidebar_layout":"default_layout","footnotes":""},"categories":[4],"tags":[],"class_list":["post-52337","post","type-post","status-publish","format-standard","hentry","category-politica"],"_links":{"self":[{"href":"https:\/\/archiviogioia.lavocedelpaese.info\/index.php?rest_route=\/wp\/v2\/posts\/52337","targetHints":{"allow":["GET"]}}],"collection":[{"href":"https:\/\/archiviogioia.lavocedelpaese.info\/index.php?rest_route=\/wp\/v2\/posts"}],"about":[{"href":"https:\/\/archiviogioia.lavocedelpaese.info\/index.php?rest_route=\/wp\/v2\/types\/post"}],"author":[{"embeddable":true,"href":"https:\/\/archiviogioia.lavocedelpaese.info\/index.php?rest_route=\/wp\/v2\/users\/1"}],"replies":[{"embeddable":true,"href":"https:\/\/archiviogioia.lavocedelpaese.info\/index.php?rest_route=%2Fwp%2Fv2%2Fcomments&post=52337"}],"version-history":[{"count":0,"href":"https:\/\/archiviogioia.lavocedelpaese.info\/index.php?rest_route=\/wp\/v2\/posts\/52337\/revisions"}],"wp:attachment":[{"href":"https:\/\/archiviogioia.lavocedelpaese.info\/index.php?rest_route=%2Fwp%2Fv2%2Fmedia&parent=52337"}],"wp:term":[{"taxonomy":"category","embeddable":true,"href":"https:\/\/archiviogioia.lavocedelpaese.info\/index.php?rest_route=%2Fwp%2Fv2%2Fcategories&post=52337"},{"taxonomy":"post_tag","embeddable":true,"href":"https:\/\/archiviogioia.lavocedelpaese.info\/index.php?rest_route=%2Fwp%2Fv2%2Ftags&post=52337"}],"curies":[{"name":"wp","href":"https:\/\/api.w.org\/{rel}","templated":true}]}}