{"id":52359,"date":"2016-06-04T09:48:20","date_gmt":"2016-06-04T09:48:20","guid":{"rendered":"https:\/\/archiviogioia.lavocedelpaese.info\/?p=52359"},"modified":"2016-06-04T09:48:20","modified_gmt":"2016-06-04T09:48:20","slug":"lalbero-verde-della-vita-porta-san-rocco-su-rete-4","status":"publish","type":"post","link":"https:\/\/archiviogioia.lavocedelpaese.info\/?p=52359","title":{"rendered":"\u201cL\u2019ALBERO VERDE DELLA VITA\u201d PORTA SAN ROCCO SU RETE 4"},"content":{"rendered":"<p><a title=\"rete 4 a gioia\" href=\"https:\/\/www.flickr.com\/photos\/91470992@N02\/27394935051\/in\/dateposted-public\/\" data-flickr-embed=\"true\"><img loading=\"lazy\" decoding=\"async\" style=\"display: block; margin-left: auto; margin-right: auto;\" src=\"https:\/\/c4.staticflickr.com\/8\/7576\/27394935051_40c9dd34d7_z.jpg\" alt=\"rete 4 a gioia\" width=\"320\" height=\"240\" \/><\/a><\/p>\n<p><!--more--><\/p>\n<p style=\"margin-bottom: 0.0001pt; text-align: justify; line-height: normal;\"><a title=\"rete 4 a gioia\" href=\"https:\/\/www.flickr.com\/photos\/91470992@N02\/27432333196\/in\/dateposted-public\/\" data-flickr-embed=\"true\"><img loading=\"lazy\" decoding=\"async\" style=\"margin: 4px; float: left;\" src=\"https:\/\/c5.staticflickr.com\/8\/7439\/27432333196_c99ec1e078_z.jpg\" alt=\"rete 4 a gioia\" width=\"400\" height=\"300\" \/><\/a> In attesa di seguire, domenica 5 giugno alle ore 10 <strong>su Rete 4<\/strong>, <strong>la Santa Messa celebrata<\/strong> nella Chiesa di San Rocco <strong>da don Mario Natalini<\/strong>, celebrazione che vedr\u00e0 l\u2019attenzione dei media grazie all\u2019associazione romana \u201c<strong>L\u2019Albero Verde della Vita<\/strong>\u201d presieduta dalla gioiese <strong>Mariagrazia Mazzaraco<\/strong> che <strong>ha preso contatti con Rete 4 per realizzare la diretta<\/strong>, ricordiamo che il 26 maggio in onore di San Filippo nella suggestiva cornice della Basilica Parrocchiale di San Giovanni Bosco in Roma, si \u00e8 tenuto il concerto per organo organizzato dalla stessa associazione.<\/p>\n<p style=\"margin-bottom: 0.0001pt; text-align: justify; line-height: normal;\">\u201cL\u2019Albero Verde della Vita\u201d &#8211; realt\u00e0 associativa culturale di promozione sociale, presente sul territorio romano da qualche anno &#8211; \u00e8 impegnata nella realizzazione del progetto dall\u2019alto valore sociale e culturale: Cresciamo Insieme.<\/p>\n<p style=\"margin-bottom: 0.0001pt; text-align: justify; line-height: normal;\">Un progetto improntato alla costruzione di una casa di accoglienza per persone anziane autosufficienti; la casa di accoglienza de \u201cL\u2019Albero verde della Vita\u201d, appunto<a title=\"3\" href=\"https:\/\/www.flickr.com\/photos\/91470992@N02\/27432330696\/in\/dateposted-public\/\" data-flickr-embed=\"true\"><img loading=\"lazy\" decoding=\"async\" style=\"margin: 4px; float: right;\" src=\"https:\/\/c1.staticflickr.com\/8\/7182\/27432330696_1bafc3575e_z.jpg\" alt=\"3\" width=\"400\" height=\"266\" \/><\/a>, dove gli anziani potranno trascorrere in serenit\u00e0, sicurezza e divertendosi il proseguo delle loro giornate.<\/p>\n<p style=\"margin-bottom: 0.0001pt; text-align: justify; line-height: normal;\">Il concerto ha visto all\u2019organo il <strong>M\u00b0 Antonio Tummulo<\/strong> che ha eseguito magistralmente musiche dalla Corale di Bach all\u2019Ave Maria di Gounod, dal Preludio dal \u201cTe Deum\u201d di Charpentier alla Gymnopedie n\u00b0. 1 di Satie; un insieme di suoni, di canti di gioia, di flauti che si alternavano al langeleik &#8211; strumento musicale norvegese &#8211; che hanno suscitato emozioni vivide tra i presenti.<\/p>\n<p style=\"margin-bottom: 0.0001pt; text-align: justify; line-height: normal;\">La serata \u00e8 proseguita con il conferimento di Diplomi d\u2019Onore e di Benemerenza alla Senatrice <strong>Fabiola Anito<\/strong><a title=\"Mariagrazia Mazzaraco ed Antonio Tummolo\" href=\"https:\/\/www.flickr.com\/photos\/91470992@N02\/27190065040\/in\/dateposted-public\/\" data-flickr-embed=\"true\"><img loading=\"lazy\" decoding=\"async\" style=\"margin: 4px; float: left;\" src=\"https:\/\/c1.staticflickr.com\/8\/7442\/27190065040_5c3c3bb210_z.jpg\" alt=\"Mariagrazia Mazzaraco ed Antonio Tummolo\" width=\"400\" height=\"266\" \/><\/a><strong>ri<\/strong>, al produttore esecutivo Rai &#8211; <strong>Cristiana Merli<\/strong> -, agli amici <strong>Fiorella Bruno<\/strong>, <strong>Gianluca Grimaldi, Gianluigi Barbieri<\/strong>, per l\u2019impegno profuso a favore delle attivit\u00e0 associative de \u201cL\u2019Albero Verde della Vita\u201d.<\/p>\n<p style=\"margin-bottom: 0.0001pt; text-align: justify; line-height: normal;\">Il Diploma di Benemerenza \u00e8 stato conferito anche al bravissimo Maestro Antonio Tummulo per la disponibilit\u00e0, la dedizione e lo spirito di servizio con cui si \u00e8 reso disponibile. Era presente, altres\u00ec, una delegazione dell\u2019Ambasciata dello Zambia.<\/p>\n<p style=\"margin-bottom: 0.0001pt; text-align: justify; line-height: normal;\">Un ringraziamento di vero cuore l\u2019associazione lo riserva a <strong>don Giancarlo Manieri<\/strong>, parroco della Basilica di San Giovanni Bosco per l\u2019ospitalit\u00e0 concessa.<\/p>\n<p>&nbsp;<\/p>\n","protected":false},"excerpt":{"rendered":"","protected":false},"author":1,"featured_media":0,"comment_status":"open","ping_status":"closed","sticky":false,"template":"","format":"standard","meta":{"colormag_page_container_layout":"default_layout","colormag_page_sidebar_layout":"default_layout","footnotes":""},"categories":[7],"tags":[],"class_list":["post-52359","post","type-post","status-publish","format-standard","hentry","category-attualita"],"_links":{"self":[{"href":"https:\/\/archiviogioia.lavocedelpaese.info\/index.php?rest_route=\/wp\/v2\/posts\/52359","targetHints":{"allow":["GET"]}}],"collection":[{"href":"https:\/\/archiviogioia.lavocedelpaese.info\/index.php?rest_route=\/wp\/v2\/posts"}],"about":[{"href":"https:\/\/archiviogioia.lavocedelpaese.info\/index.php?rest_route=\/wp\/v2\/types\/post"}],"author":[{"embeddable":true,"href":"https:\/\/archiviogioia.lavocedelpaese.info\/index.php?rest_route=\/wp\/v2\/users\/1"}],"replies":[{"embeddable":true,"href":"https:\/\/archiviogioia.lavocedelpaese.info\/index.php?rest_route=%2Fwp%2Fv2%2Fcomments&post=52359"}],"version-history":[{"count":0,"href":"https:\/\/archiviogioia.lavocedelpaese.info\/index.php?rest_route=\/wp\/v2\/posts\/52359\/revisions"}],"wp:attachment":[{"href":"https:\/\/archiviogioia.lavocedelpaese.info\/index.php?rest_route=%2Fwp%2Fv2%2Fmedia&parent=52359"}],"wp:term":[{"taxonomy":"category","embeddable":true,"href":"https:\/\/archiviogioia.lavocedelpaese.info\/index.php?rest_route=%2Fwp%2Fv2%2Fcategories&post=52359"},{"taxonomy":"post_tag","embeddable":true,"href":"https:\/\/archiviogioia.lavocedelpaese.info\/index.php?rest_route=%2Fwp%2Fv2%2Ftags&post=52359"}],"curies":[{"name":"wp","href":"https:\/\/api.w.org\/{rel}","templated":true}]}}