{"id":52442,"date":"2016-06-15T09:00:04","date_gmt":"2016-06-15T09:00:04","guid":{"rendered":"https:\/\/archiviogioia.lavocedelpaese.info\/?p=52442"},"modified":"2016-06-15T09:00:04","modified_gmt":"2016-06-15T09:00:04","slug":"pompei-pellegrinaggio-nel-segno-della-misericordia-foto","status":"publish","type":"post","link":"https:\/\/archiviogioia.lavocedelpaese.info\/?p=52442","title":{"rendered":"POMPEI. PELLEGRINAGGIO NEL SEGNO DELLA MISERICORDIA-foto"},"content":{"rendered":"<p><a title=\"pellegrinaggio alla madonna di pompei\" href=\"https:\/\/www.flickr.com\/photos\/91470992@N02\/27413228200\" data-flickr-embed=\"true\"><img loading=\"lazy\" decoding=\"async\" style=\"display: block; margin-left: auto; margin-right: auto;\" src=\"https:\/\/c1.staticflickr.com\/8\/7300\/27413228200_bf45846ecb_z.jpg\" alt=\"pellegrinaggio alla madonna di pompei\" width=\"320\" height=\"240\" \/><\/a><\/p>\n<p><!--more--><\/p>\n<p style=\"text-align: justify;\"><a title=\"pellegrinaggio alla madonna di pompei\" href=\"https:\/\/www.flickr.com\/photos\/91470992@N02\/27079126374\/in\/dateposted-public\/\" data-flickr-embed=\"true\"><img loading=\"lazy\" decoding=\"async\" style=\"margin: 5px; float: left;\" src=\"https:\/\/c7.staticflickr.com\/8\/7373\/27079126374_3aa5651ac6.jpg\" alt=\"pellegrinaggio alla madonna di pompei\" width=\"400\" height=\"226\" \/><\/a> &#8220;Circa cento gioiesi, guidati dalla Confraternita del SS. Rosario di Gioia del Colle, hanno vissuto presso la Basilica Pontificia della B.V. di Pompei, lo scorso 11 giugno, un esaltante momento di fede. Occasione che ha arricchito spiritualmente ancor di pi\u00f9 il pellegrinaggio 2016, con il quale la congrega gioiese guidata da Andrea Luigi Mongelli chiude annualmente il suo mese mariano. Pellegrinaggio in cui gli associati alla Confraternita e i tanti fedeli che si sono uniti a loro, hanno di sicuro centrato l\u2019obiettivo \u201cindicato nella Bolla di indizione <i>Misericordiae vulnus <\/i>&#8211; scrive nel suo messaggio l\u2019Arcivescovo di Pompei Mons. <strong>Tommaso Caputo<\/strong>, cio\u00e8 -: \u00abRiscoprire e rendere feconda la misericordia di Dio\u00bb, elemento di congiunzione con un evento non solo straordinario nella sua definizione ufficiale, ma anche inedito nella sua realizzazione, visto il tema del Giubileo: la misericordia\u201d.<\/p>\n<p style=\"text-align: justify;\">Pellegrinaggio, come giustamente sostiene l\u2019Arcivescovo di Pompei, che gli associati alla confraternita della Chiesa di San Domenico e i fedeli partecipanti hanno vissuto nel segno della tenerezza materna d<a title=\"pellegrinaggio alla madonna di pompei\" href=\"https:\/\/www.flickr.com\/photos\/91470992@N02\/27079128054\/in\/dateposted-public\/\" data-flickr-embed=\"true\"><img loading=\"lazy\" decoding=\"async\" style=\"margin: 5px; float: right;\" src=\"https:\/\/c7.staticflickr.com\/8\/7297\/27079128054_e52e0c3abd.jpg\" alt=\"pellegrinaggio alla madonna di pompei\" width=\"400\" height=\"226\" \/><\/a>i Maria, oltre che come profezia di nuove frontiere di solidariet\u00e0; per una comunit\u00e0 viva dove la misericordia genera vita e opere; come perdono: vita di fraternit\u00e0 e di amore misericordioso e con Maria testimoni di misericordia.<\/p>\n<p style=\"text-align: justify;\">E a rendere pi\u00f9 significativo ed esaltante questo percorso, \u00e8 stato di sicuro il sacerdote che ha accolto i pellegrini gioiesi in basilica, don <strong>Gerardo Gargiulo<\/strong>, il quale dopo una significativa ed interessante catechesi finalizzata alla conoscenza del luogo e al significato del Giubileo, ha guidato in preghiera i pellegrini giunti da Gioia del Colle verso la Porta della Misericordia. Processione durante la quale sono stati recitati i Salmi della Misericordia e le litanie della Beata Vergine Maria. Mentre i partecipanti al percorso della Misericordia, giunti davanti alla Porta Santa dopo un momento di religioso silenzio, prima di attraversarla hanno recitato all\u2019unisono una preghiera rivolta al Signore, Padre Santo ed una volta entrati in Basilica, si sono segnati con l\u2019acqua santa in ricordo del loro battesimo.<\/p>\n<p style=\"text-align: justify;\">A seguire gli associati alla Confraternit<a title=\"pellegrinaggio alla madonna di pompei\" href=\"https:\/\/www.flickr.com\/photos\/91470992@N02\/27656727796\/in\/album-72157669707618276\/\" data-flickr-embed=\"true\"><img loading=\"lazy\" decoding=\"async\" style=\"margin: 5px; float: left;\" src=\"https:\/\/c5.staticflickr.com\/8\/7403\/27656727796_f523763e54.jpg\" alt=\"pellegrinaggio alla madonna di pompei\" width=\"400\" height=\"226\" \/><\/a>a e i fedeli giunti da Gioia, hanno partecipato alla celebrazione eucaristica, in questa occasione presieduta da un sacerdote del Madagascar, don <strong>Ernest Justin Beroby<\/strong>, il quale nel corso dell\u2019omelia ha sottolineato pi\u00f9 volte il perch\u00e9 <strong>Papa Francesco<\/strong> ha voluto questo Giubileo della Misericordia, fatto di segni, che devono indurre i partecipanti ad una volont\u00e0 di conversione e di adesione alla Parola di Dio.<\/p>\n<p style=\"text-align: justify;\">\u201cIn pratica, un pellegrinaggio \u2013 ammette il priore della Confraternita gioiese, Andrea Luigi Mongelli \u2013 che ci ha permesso di offrire ai partecipanti un momento di spiritualit\u00e0 dove ad essere magnificato \u00e8 stata la Parola di Dio e l\u2019opera instancabile della B.V. del SS. Rosario di Pompei, nostra guida perenne in questo nostro percorso terreno. Quindi un motivo in pi\u00f9 per essere orgogliosi, come Confraternita, di aver offerto ai circa cento gioiesi al seguito l\u2019occasione di vivere in profonda misticit\u00e0 questo viaggio di devozione, che ha fatto da apripista ad un momento di condivisione<a title=\"pellegrinaggio alla madonna di pompei\" href=\"https:\/\/www.flickr.com\/photos\/91470992@N02\/27079131854\/in\/dateposted-public\/\" data-flickr-embed=\"true\"><img loading=\"lazy\" decoding=\"async\" style=\"margin: 5px; float: right;\" src=\"https:\/\/c7.staticflickr.com\/8\/7228\/27079131854_83fb0ded63.jpg\" alt=\"pellegrinaggio alla madonna di pompei\" width=\"400\" height=\"226\" \/><\/a> e di svago, cercando, di curare al massimo ogni particolare. Questo nel rispetto di coloro i quali hanno aderito alla nostra iniziativa, che ribadisco \u00e8 anche finalizzata al sostentamento delle tante iniziative che la nostra Confraternita durante l\u2019anno si impegna a portare avanti. Infatti \u2013 chiude il presidente \u2013 abbiamo gi\u00e0 il pensiero rivolto ai prossimi appuntamenti che ci vedranno impegnati come Confraternita. Il primo \u00e8 quello in programma a Bitonto il 4 luglio prossimo: Raduno Diocesano delle Confraternite e soprattutto l\u2019organizzazione della festa della nostra Titolare, la B.V. Maria del SS. Rosario,quest\u2019anno in programma il 2 ottobre p.v.\u201d. [foto Mario di Giuseppe e Angela Pasqualicchio]<\/p>\n<p style=\"text-align: right;\">Uff. Comunicazione &#8211; Confraternita SS. Rosario&nbsp;<\/p>\n<p>\n<object data=\"https:\/\/www.flickr.com\/apps\/slideshow\/show.swf?v=261948265\" type=\"application\/x-shockwave-flash\" width=\"660\" height=\"495\"><param name=\"flashvars\" value=\"offsite=true&amp;lang=it-it&amp;page_show_url=%2Fphotos%2F91470992%40N02%2Fsets%2F72157669707618276%2Fshow%2F&amp;page_show_back_url=%2Fphotos%2F91470992%40N02%2Fsets%2F72157669707618276%2F&amp;set_id=72157669707618276&amp;jump_to=\" \/><param name=\"movie\" value=\"https:\/\/www.flickr.com\/apps\/slideshow\/show.swf?v=261948265\" \/><param name=\"allowFullScreen\" value=\"true\" \/><\/object><\/p>\n","protected":false},"excerpt":{"rendered":"","protected":false},"author":1,"featured_media":0,"comment_status":"open","ping_status":"closed","sticky":false,"template":"","format":"standard","meta":{"colormag_page_container_layout":"default_layout","colormag_page_sidebar_layout":"default_layout","footnotes":""},"categories":[7],"tags":[],"class_list":["post-52442","post","type-post","status-publish","format-standard","hentry","category-attualita"],"_links":{"self":[{"href":"https:\/\/archiviogioia.lavocedelpaese.info\/index.php?rest_route=\/wp\/v2\/posts\/52442","targetHints":{"allow":["GET"]}}],"collection":[{"href":"https:\/\/archiviogioia.lavocedelpaese.info\/index.php?rest_route=\/wp\/v2\/posts"}],"about":[{"href":"https:\/\/archiviogioia.lavocedelpaese.info\/index.php?rest_route=\/wp\/v2\/types\/post"}],"author":[{"embeddable":true,"href":"https:\/\/archiviogioia.lavocedelpaese.info\/index.php?rest_route=\/wp\/v2\/users\/1"}],"replies":[{"embeddable":true,"href":"https:\/\/archiviogioia.lavocedelpaese.info\/index.php?rest_route=%2Fwp%2Fv2%2Fcomments&post=52442"}],"version-history":[{"count":0,"href":"https:\/\/archiviogioia.lavocedelpaese.info\/index.php?rest_route=\/wp\/v2\/posts\/52442\/revisions"}],"wp:attachment":[{"href":"https:\/\/archiviogioia.lavocedelpaese.info\/index.php?rest_route=%2Fwp%2Fv2%2Fmedia&parent=52442"}],"wp:term":[{"taxonomy":"category","embeddable":true,"href":"https:\/\/archiviogioia.lavocedelpaese.info\/index.php?rest_route=%2Fwp%2Fv2%2Fcategories&post=52442"},{"taxonomy":"post_tag","embeddable":true,"href":"https:\/\/archiviogioia.lavocedelpaese.info\/index.php?rest_route=%2Fwp%2Fv2%2Ftags&post=52442"}],"curies":[{"name":"wp","href":"https:\/\/api.w.org\/{rel}","templated":true}]}}